{"id":29644,"date":"2023-08-17T08:31:44","date_gmt":"2023-08-17T11:31:44","guid":{"rendered":"https:\/\/www.mpal.mp.br\/?p=29644"},"modified":"2023-08-17T14:58:20","modified_gmt":"2023-08-17T17:58:20","slug":"mpal-debate-a-atuacao-das-bases-comunitarias-na-seguranca-publica-de-maceio","status":"publish","type":"post","link":"https:\/\/www.mpal.mp.br\/?p=29644","title":{"rendered":"MPAL debate a atua\u00e7\u00e3o das bases comunit\u00e1rias na seguran\u00e7a p\u00fablica de Macei\u00f3"},"content":{"rendered":"<p style=\"text-align: justify;\"><span style=\"font-size: 14pt; font-family: georgia, palatino, serif;\"><div class=\"fusion-fullwidth fullwidth-box fusion-builder-row-1 nonhundred-percent-fullwidth non-hundred-percent-height-scrolling\"  style='background-color: #ffffff;background-position: center center;background-repeat: no-repeat;padding-top:0px;padding-right:0px;padding-bottom:0px;padding-left:0px;'><div class=\"fusion-builder-row fusion-row \"><div  class=\"fusion-layout-column fusion_builder_column fusion_builder_column_1_1 fusion-builder-column-1 fusion-one-full fusion-column-first fusion-column-last 1_1\"  style='margin-top:0px;margin-bottom:0px;'>\n\t\t\t\t\t<div class=\"fusion-column-wrapper\" style=\"padding: 0px 0px 0px 0px;background-position:left top;background-repeat:no-repeat;-webkit-background-size:cover;-moz-background-size:cover;-o-background-size:cover;background-size:cover;\"   data-bg-url=\"\">\n\t\t\t\t\t\t<div class=\"fusion-text\"><p><\/span><\/p>\n<p style=\"text-align: justify;\" align=\"justify\"><span style=\"font-size: 14pt; font-family: georgia, palatino, serif;\">Para tratar sobre o fortalecimento da seguran\u00e7a p\u00fablica em Macei\u00f3, com foco na atua\u00e7\u00e3o das bases comunit\u00e1rias, o Minist\u00e9rio P\u00fablico de Alagoas reuniu nesta quarta-feira (16) representantes da Secretaria Estadual de Seguran\u00e7a P\u00fablica (SSP), Secretaria de Estado de Preven\u00e7\u00e3o \u00e0 Viol\u00eancia (Seprev), Pol\u00edcia Militar, Ronda no Bairro e Conselhos de Integra\u00e7\u00e3o Comunit\u00e1ria (CICs). O encontro foi conduzido pela promotora de Justi\u00e7a Karla Padilha.<\/span><\/p>\n<p style=\"text-align: justify;\" align=\"justify\"><span style=\"font-size: 14pt; font-family: georgia, palatino, serif;\">Ela explica que o crescimento da capital, principalmente na parte alta da cidade, levanta quest\u00f5es sobre a necessidade de refor\u00e7o da seguran\u00e7a p\u00fablica. A promotora acredita que, para al\u00e9m do trabalho de repress\u00e3o dos casos de viol\u00eancia, \u00e9 preciso tamb\u00e9m que os \u00f3rg\u00e3os p\u00fablicos atuem na preven\u00e7\u00e3o. Nesse sentido, as bases comunit\u00e1rias desempenham um papel estrat\u00e9gico.<\/span><\/p>\n<p style=\"text-align: justify;\" align=\"justify\"><span style=\"font-size: 14pt; font-family: georgia, palatino, serif;\">\u201cAcreditamos que a seguran\u00e7a p\u00fablica deve atuar nessas duas vertentes: na repress\u00e3o, que \u00e9 o perfil da pol\u00edcia ostensiva, e tamb\u00e9m na preven\u00e7\u00e3o. Por isso, trouxemos para a reuni\u00e3o de hoje todos esses atores para que possamos ter de fato uma discuss\u00e3o franca, encontrar sa\u00eddas e solu\u00e7\u00f5es para a retomada de projetos, al\u00e9m de garantir um trabalho qualificado com um efetivo que tenha perfil de preven\u00e7\u00e3o\u201d, defende a promotora de Justi\u00e7a.<\/span><\/p>\n<p style=\"text-align: justify;\"><span style=\"font-size: 14pt; font-family: georgia, palatino, serif;\"><strong>Seguran\u00e7a<\/strong><\/span><\/p>\n<p style=\"text-align: justify;\"><span style=\"font-size: 14pt; font-family: georgia, palatino, serif;\">Durante o encontro, o comandante de Policiamento da Capital, coronel Pantale\u00e3o, realizou uma apresenta\u00e7\u00e3o com dados sobre a seguran\u00e7a p\u00fablica em Macei\u00f3, destacando a atua\u00e7\u00e3o das bases comunit\u00e1rias na capital. <\/span><\/p>\n<p style=\"text-align: justify;\"><span style=\"font-size: 14pt; font-family: georgia, palatino, serif;\">Em seguida, os participantes manifestaram as suas demandas, a exemplo dos membros dos CICs. Eles refor\u00e7aram a necessidade de um contato mais pr\u00f3ximo entre os representantes das bases e os conselhos para que, em conjunto, pensem em a\u00e7\u00f5es e estrat\u00e9gias para a preven\u00e7\u00e3o de pr\u00e1ticas criminosas.<\/span><\/p>\n<p style=\"text-align: justify;\"><span style=\"font-size: 14pt; font-family: georgia, palatino, serif;\">Quem tamb\u00e9m se manifestou durante a reuni\u00e3o foi o major Iran R\u00eago, chefe de Preven\u00e7\u00e3o da SSP e coordenador da Pol\u00edcia Comunit\u00e1ria. Ele aproveitou a oportunidade para falar sobre a relev\u00e2ncia das a\u00e7\u00f5es preventivas na seguran\u00e7a p\u00fablica. Para o gestor, \u00e9 preciso atuar na causa do problema e n\u00e3o apenas na repress\u00e3o.\u00a0<\/span><\/p>\n<p style=\"text-align: justify;\"><span style=\"font-size: 14pt; font-family: georgia, palatino, serif;\">\u201cA preven\u00e7\u00e3o \u00e9 um bra\u00e7o importante da seguran\u00e7a p\u00fablica porque a gente sabe que a maioria das situa\u00e7\u00f5es de viol\u00eancia hoje acontecem por falta de uma preven\u00e7\u00e3o que n\u00e3o foi realizada anteriormente. Ent\u00e3o, quando a gente age unicamente na repress\u00e3o, a gente n\u00e3o fecha a torneira, ela continua pingando. A gente tem que atingir o que est\u00e1 gerando aquela viol\u00eancia, atuar na causa e n\u00e3o apenas na consequ\u00eancia\u201d, declarou o major.<\/span><\/p>\n<p style=\"text-align: justify;\"><span style=\"font-size: 14pt; font-family: georgia, palatino, serif;\"><strong>Aproxima\u00e7\u00e3o<\/strong><\/span><\/p>\n<p style=\"text-align: justify;\"><span style=\"font-size: 14pt; font-family: georgia, palatino, serif;\">O assessor executivo da Seprev, Anax Bruno, destacou o papel das bases comunit\u00e1rias na promo\u00e7\u00e3o da seguran\u00e7a p\u00fablica. Al\u00e9m de permitir uma forma de trabalho mais pr\u00f3xima da popula\u00e7\u00e3o, as bases tamb\u00e9m desenvolvem projetos de car\u00e1ter social, comenta o assessor. &#8220;Existem v\u00e1rias a\u00e7\u00f5es que s\u00e3o desenvolvidas atrav\u00e9s das bases comunit\u00e1rias, a exemplo do projeto \u2018Na Base do Sossego\u2019, da SSP, que busca combater a polui\u00e7\u00e3o sonora&#8221;, lembra o gestor.<\/span><\/p>\n<p style=\"text-align: justify;\"><span style=\"font-size: 14pt; font-family: georgia, palatino, serif;\">Um dos assuntos discutidos na reuni\u00e3o foi o programa Ronda no Bairro, desenvolvido pela Seprev. \u201cO programa procura estar presente na comunidade, fazendo a popula\u00e7\u00e3o se sentir segura naquele espa\u00e7o ao saber que a gente vai estar ali, buscando uma resposta para solucionar as quest\u00f5es que est\u00e3o sendo colocadas\u201d, afirma o supervisor social do programa, Max Alves.<\/span><\/p>\n<p style=\"text-align: justify;\"><span style=\"font-size: 14pt; font-family: georgia, palatino, serif;\"><\/p>\n<\/div><style type=\"text\/css\">.fusion-gallery-1 .fusion-gallery-image {border:0px solid #f6f6f6;-webkit-border-radius:5px;-moz-border-radius:5px;border-radius:5px;}<\/style><div class=\"fusion-gallery fusion-gallery-container fusion-grid-3 fusion-columns-total-0 fusion-gallery-layout-grid fusion-gallery-1\" style=\"margin:-5px;\"><div style=\"padding:5px;\" class=\"fusion-grid-column fusion-gallery-column fusion-gallery-column-3 hover-type-none\"><div class=\"fusion-gallery-image\"><a href=\"https:\/\/www.mpal.mp.br\/wp-content\/uploads\/2023\/08\/SEGURANCA-BASE-COMUNITARIA-KARLA-1.jpg\" rel=\"noreferrer\" data-rel=\"iLightbox[gallery_image_1]\" class=\"fusion-lightbox\" target=\"_self\"><img loading=\"lazy\" decoding=\"async\" src=\"https:\/\/www.mpal.mp.br\/wp-content\/uploads\/2023\/08\/SEGURANCA-BASE-COMUNITARIA-KARLA-1.jpg\" width=\"3360\" height=\"2240\" alt=\"\" title=\"SEGURAN\u00c7A BASE COMUNIT\u00c1RIA KARLA (1)\" aria-label=\"SEGURAN\u00c7A BASE COMUNIT\u00c1RIA KARLA (1)\" class=\"img-responsive wp-image-29647\" \/><\/a><\/div><\/div><div style=\"padding:5px;\" class=\"fusion-grid-column fusion-gallery-column fusion-gallery-column-3 hover-type-none\"><div class=\"fusion-gallery-image\"><a href=\"https:\/\/www.mpal.mp.br\/wp-content\/uploads\/2023\/08\/SEGURANCA-BASE-COMUNITARIA-KARLA-2.jpg\" rel=\"noreferrer\" data-rel=\"iLightbox[gallery_image_1]\" class=\"fusion-lightbox\" target=\"_self\"><img loading=\"lazy\" decoding=\"async\" src=\"https:\/\/www.mpal.mp.br\/wp-content\/uploads\/2023\/08\/SEGURANCA-BASE-COMUNITARIA-KARLA-2.jpg\" width=\"3360\" height=\"2240\" alt=\"\" title=\"SEGURAN\u00c7A BASE COMUNIT\u00c1RIA KARLA (2)\" aria-label=\"SEGURAN\u00c7A BASE COMUNIT\u00c1RIA KARLA (2)\" class=\"img-responsive wp-image-29648\" \/><\/a><\/div><\/div><div style=\"padding:5px;\" class=\"fusion-grid-column fusion-gallery-column fusion-gallery-column-3 hover-type-none\"><div class=\"fusion-gallery-image\"><a href=\"https:\/\/www.mpal.mp.br\/wp-content\/uploads\/2023\/08\/SEGURANCA-BASE-COMUNITARIA-KARLA-3.jpg\" rel=\"noreferrer\" data-rel=\"iLightbox[gallery_image_1]\" class=\"fusion-lightbox\" target=\"_self\"><img loading=\"lazy\" decoding=\"async\" src=\"https:\/\/www.mpal.mp.br\/wp-content\/uploads\/2023\/08\/SEGURANCA-BASE-COMUNITARIA-KARLA-3.jpg\" width=\"3360\" height=\"2240\" alt=\"\" title=\"SEGURAN\u00c7A BASE COMUNIT\u00c1RIA KARLA (3)\" aria-label=\"SEGURAN\u00c7A BASE COMUNIT\u00c1RIA KARLA (3)\" class=\"img-responsive wp-image-29649\" \/><\/a><\/div><\/div><div class=\"clearfix\"><\/div><div style=\"padding:5px;\" class=\"fusion-grid-column fusion-gallery-column fusion-gallery-column-3 hover-type-none\"><div class=\"fusion-gallery-image\"><a href=\"https:\/\/www.mpal.mp.br\/wp-content\/uploads\/2023\/08\/SEGURANCA-BASE-COMUNITARIA-KARLA-4.jpg\" rel=\"noreferrer\" data-rel=\"iLightbox[gallery_image_1]\" class=\"fusion-lightbox\" target=\"_self\"><img loading=\"lazy\" decoding=\"async\" src=\"https:\/\/www.mpal.mp.br\/wp-content\/uploads\/2023\/08\/SEGURANCA-BASE-COMUNITARIA-KARLA-4.jpg\" width=\"3360\" height=\"2240\" alt=\"\" title=\"SEGURAN\u00c7A BASE COMUNIT\u00c1RIA KARLA (4)\" aria-label=\"SEGURAN\u00c7A BASE COMUNIT\u00c1RIA KARLA (4)\" class=\"img-responsive wp-image-29650\" \/><\/a><\/div><\/div><div style=\"padding:5px;\" class=\"fusion-grid-column fusion-gallery-column fusion-gallery-column-3 hover-type-none\"><div class=\"fusion-gallery-image\"><a href=\"https:\/\/www.mpal.mp.br\/wp-content\/uploads\/2023\/08\/SEGURANCA-BASE-COMUNITARIA-KARLA-5.jpg\" rel=\"noreferrer\" data-rel=\"iLightbox[gallery_image_1]\" class=\"fusion-lightbox\" target=\"_self\"><img loading=\"lazy\" decoding=\"async\" src=\"https:\/\/www.mpal.mp.br\/wp-content\/uploads\/2023\/08\/SEGURANCA-BASE-COMUNITARIA-KARLA-5.jpg\" width=\"3360\" height=\"2240\" alt=\"\" title=\"SEGURAN\u00c7A BASE COMUNIT\u00c1RIA KARLA (5)\" aria-label=\"SEGURAN\u00c7A BASE COMUNIT\u00c1RIA KARLA (5)\" class=\"img-responsive wp-image-29651\" \/><\/a><\/div><\/div><div style=\"padding:5px;\" class=\"fusion-grid-column fusion-gallery-column fusion-gallery-column-3 hover-type-none\"><div class=\"fusion-gallery-image\"><a href=\"https:\/\/www.mpal.mp.br\/wp-content\/uploads\/2023\/08\/SEGURANCA-BASE-COMUNITARIA-KARLA-6.jpg\" rel=\"noreferrer\" data-rel=\"iLightbox[gallery_image_1]\" class=\"fusion-lightbox\" target=\"_self\"><img loading=\"lazy\" decoding=\"async\" src=\"https:\/\/www.mpal.mp.br\/wp-content\/uploads\/2023\/08\/SEGURANCA-BASE-COMUNITARIA-KARLA-6.jpg\" width=\"3360\" height=\"2240\" alt=\"\" title=\"SEGURAN\u00c7A BASE COMUNIT\u00c1RIA KARLA (6)\" aria-label=\"SEGURAN\u00c7A BASE COMUNIT\u00c1RIA KARLA (6)\" class=\"img-responsive wp-image-29652\" \/><\/a><\/div><\/div><div class=\"clearfix\"><\/div><div style=\"padding:5px;\" class=\"fusion-grid-column fusion-gallery-column fusion-gallery-column-3 hover-type-none\"><div class=\"fusion-gallery-image\"><a href=\"https:\/\/www.mpal.mp.br\/wp-content\/uploads\/2023\/08\/SEGURANCA-BASE-COMUNITARIA-KARLA-7.jpg\" rel=\"noreferrer\" data-rel=\"iLightbox[gallery_image_1]\" class=\"fusion-lightbox\" target=\"_self\"><img loading=\"lazy\" decoding=\"async\" src=\"https:\/\/www.mpal.mp.br\/wp-content\/uploads\/2023\/08\/SEGURANCA-BASE-COMUNITARIA-KARLA-7.jpg\" width=\"3360\" height=\"2240\" alt=\"\" title=\"SEGURAN\u00c7A BASE COMUNIT\u00c1RIA KARLA (7)\" aria-label=\"SEGURAN\u00c7A BASE COMUNIT\u00c1RIA KARLA (7)\" class=\"img-responsive wp-image-29653\" \/><\/a><\/div><\/div><div style=\"padding:5px;\" class=\"fusion-grid-column fusion-gallery-column fusion-gallery-column-3 hover-type-none\"><div class=\"fusion-gallery-image\"><a href=\"https:\/\/www.mpal.mp.br\/wp-content\/uploads\/2023\/08\/SEGURANCA-BASE-COMUNITARIA-KARLA-8.jpg\" rel=\"noreferrer\" data-rel=\"iLightbox[gallery_image_1]\" class=\"fusion-lightbox\" target=\"_self\"><img loading=\"lazy\" decoding=\"async\" src=\"https:\/\/www.mpal.mp.br\/wp-content\/uploads\/2023\/08\/SEGURANCA-BASE-COMUNITARIA-KARLA-8.jpg\" width=\"3360\" height=\"2240\" alt=\"\" title=\"SEGURAN\u00c7A BASE COMUNIT\u00c1RIA KARLA (8)\" aria-label=\"SEGURAN\u00c7A BASE COMUNIT\u00c1RIA KARLA (8)\" class=\"img-responsive wp-image-29654\" \/><\/a><\/div><\/div><div style=\"padding:5px;\" class=\"fusion-grid-column fusion-gallery-column fusion-gallery-column-3 hover-type-none\"><div class=\"fusion-gallery-image\"><a href=\"https:\/\/www.mpal.mp.br\/wp-content\/uploads\/2023\/08\/SEGURANCA-BASE-COMUNITARIA-KARLA-9.jpg\" rel=\"noreferrer\" data-rel=\"iLightbox[gallery_image_1]\" class=\"fusion-lightbox\" target=\"_self\"><img loading=\"lazy\" decoding=\"async\" src=\"https:\/\/www.mpal.mp.br\/wp-content\/uploads\/2023\/08\/SEGURANCA-BASE-COMUNITARIA-KARLA-9.jpg\" width=\"3360\" height=\"2240\" alt=\"\" title=\"SEGURAN\u00c7A BASE COMUNIT\u00c1RIA KARLA (9)\" aria-label=\"SEGURAN\u00c7A BASE COMUNIT\u00c1RIA KARLA (9)\" class=\"img-responsive wp-image-29655\" \/><\/a><\/div><\/div><div class=\"clearfix\"><\/div><div style=\"padding:5px;\" class=\"fusion-grid-column fusion-gallery-column fusion-gallery-column-3 hover-type-none\"><div class=\"fusion-gallery-image\"><a href=\"https:\/\/www.mpal.mp.br\/wp-content\/uploads\/2023\/08\/SEGURANCA-BASE-COMUNITARIA-KARLA-10.jpg\" rel=\"noreferrer\" data-rel=\"iLightbox[gallery_image_1]\" class=\"fusion-lightbox\" target=\"_self\"><img loading=\"lazy\" decoding=\"async\" src=\"https:\/\/www.mpal.mp.br\/wp-content\/uploads\/2023\/08\/SEGURANCA-BASE-COMUNITARIA-KARLA-10.jpg\" width=\"3360\" height=\"2240\" alt=\"\" title=\"SEGURAN\u00c7A BASE COMUNIT\u00c1RIA KARLA (10)\" aria-label=\"SEGURAN\u00c7A BASE COMUNIT\u00c1RIA KARLA (10)\" class=\"img-responsive wp-image-29656\" \/><\/a><\/div><\/div><div style=\"padding:5px;\" class=\"fusion-grid-column fusion-gallery-column fusion-gallery-column-3 hover-type-none\"><div class=\"fusion-gallery-image\"><a href=\"https:\/\/www.mpal.mp.br\/wp-content\/uploads\/2023\/08\/SEGURANCA-BASE-COMUNITARIA-KARLA-11.jpg\" rel=\"noreferrer\" data-rel=\"iLightbox[gallery_image_1]\" class=\"fusion-lightbox\" target=\"_self\"><img loading=\"lazy\" decoding=\"async\" src=\"https:\/\/www.mpal.mp.br\/wp-content\/uploads\/2023\/08\/SEGURANCA-BASE-COMUNITARIA-KARLA-11.jpg\" width=\"3360\" height=\"2240\" alt=\"\" title=\"SEGURAN\u00c7A BASE COMUNIT\u00c1RIA KARLA (11)\" aria-label=\"SEGURAN\u00c7A BASE COMUNIT\u00c1RIA KARLA (11)\" class=\"img-responsive wp-image-29657\" \/><\/a><\/div><\/div><div style=\"padding:5px;\" class=\"fusion-grid-column fusion-gallery-column fusion-gallery-column-3 hover-type-none\"><div class=\"fusion-gallery-image\"><a href=\"https:\/\/www.mpal.mp.br\/wp-content\/uploads\/2023\/08\/SEGURANCA-BASE-COMUNITARIA-KARLA-12.jpg\" rel=\"noreferrer\" data-rel=\"iLightbox[gallery_image_1]\" class=\"fusion-lightbox\" target=\"_self\"><img loading=\"lazy\" decoding=\"async\" src=\"https:\/\/www.mpal.mp.br\/wp-content\/uploads\/2023\/08\/SEGURANCA-BASE-COMUNITARIA-KARLA-12.jpg\" width=\"3360\" height=\"2240\" alt=\"\" title=\"SEGURAN\u00c7A BASE COMUNIT\u00c1RIA KARLA (12)\" aria-label=\"SEGURAN\u00c7A BASE COMUNIT\u00c1RIA KARLA (12)\" class=\"img-responsive wp-image-29658\" \/><\/a><\/div><\/div><div class=\"clearfix\"><\/div><div style=\"padding:5px;\" class=\"fusion-grid-column fusion-gallery-column fusion-gallery-column-3 hover-type-none\"><div class=\"fusion-gallery-image\"><a href=\"https:\/\/www.mpal.mp.br\/wp-content\/uploads\/2023\/08\/SEGURANCA-BASE-COMUNITARIA-KARLA-13.jpg\" rel=\"noreferrer\" data-rel=\"iLightbox[gallery_image_1]\" class=\"fusion-lightbox\" target=\"_self\"><img loading=\"lazy\" decoding=\"async\" src=\"https:\/\/www.mpal.mp.br\/wp-content\/uploads\/2023\/08\/SEGURANCA-BASE-COMUNITARIA-KARLA-13.jpg\" width=\"3360\" height=\"2240\" alt=\"\" title=\"SEGURAN\u00c7A BASE COMUNIT\u00c1RIA KARLA (13)\" aria-label=\"SEGURAN\u00c7A BASE COMUNIT\u00c1RIA KARLA (13)\" class=\"img-responsive wp-image-29659\" \/><\/a><\/div><\/div><div style=\"padding:5px;\" class=\"fusion-grid-column fusion-gallery-column fusion-gallery-column-3 hover-type-none\"><div class=\"fusion-gallery-image\"><a href=\"https:\/\/www.mpal.mp.br\/wp-content\/uploads\/2023\/08\/SEGURANCA-BASE-COMUNITARIA-KARLA-14.jpg\" rel=\"noreferrer\" data-rel=\"iLightbox[gallery_image_1]\" class=\"fusion-lightbox\" target=\"_self\"><img loading=\"lazy\" decoding=\"async\" src=\"https:\/\/www.mpal.mp.br\/wp-content\/uploads\/2023\/08\/SEGURANCA-BASE-COMUNITARIA-KARLA-14.jpg\" width=\"3360\" height=\"2240\" alt=\"\" title=\"SEGURAN\u00c7A BASE COMUNIT\u00c1RIA KARLA (14)\" aria-label=\"SEGURAN\u00c7A BASE COMUNIT\u00c1RIA KARLA (14)\" class=\"img-responsive wp-image-29660\" \/><\/a><\/div><\/div><div style=\"padding:5px;\" class=\"fusion-grid-column fusion-gallery-column fusion-gallery-column-3 hover-type-none\"><div class=\"fusion-gallery-image\"><a href=\"https:\/\/www.mpal.mp.br\/wp-content\/uploads\/2023\/08\/SEGURANCA-BASE-COMUNITARIA-KARLA-15.jpg\" rel=\"noreferrer\" data-rel=\"iLightbox[gallery_image_1]\" class=\"fusion-lightbox\" target=\"_self\"><img loading=\"lazy\" decoding=\"async\" src=\"https:\/\/www.mpal.mp.br\/wp-content\/uploads\/2023\/08\/SEGURANCA-BASE-COMUNITARIA-KARLA-15.jpg\" width=\"3360\" height=\"2240\" alt=\"\" title=\"SEGURAN\u00c7A BASE COMUNIT\u00c1RIA KARLA (15)\" aria-label=\"SEGURAN\u00c7A BASE COMUNIT\u00c1RIA KARLA (15)\" class=\"img-responsive wp-image-29661\" \/><\/a><\/div><\/div><div class=\"clearfix\"><\/div><\/div><div class=\"fusion-clearfix\"><\/div>\n\n\t\t\t\t\t<\/div>\n\t\t\t\t<\/div><\/div><\/div><\/span><\/p>\n","protected":false},"excerpt":{"rendered":"","protected":false},"author":6,"featured_media":29645,"comment_status":"open","ping_status":"open","sticky":false,"template":"","format":"standard","meta":{"om_disable_all_campaigns":false,"_monsterinsights_skip_tracking":false,"_monsterinsights_sitenote_active":false,"_monsterinsights_sitenote_note":"","_monsterinsights_sitenote_category":0,"_uf_show_specific_survey":0,"_uf_disable_surveys":false,"footnotes":""},"categories":[2,52],"tags":[],"class_list":["post-29644","post","type-post","status-publish","format-standard","has-post-thumbnail","hentry","category-not_mpal","category-not_seguranca_publica"],"aioseo_notices":[],"_links":{"self":[{"href":"https:\/\/www.mpal.mp.br\/index.php?rest_route=\/wp\/v2\/posts\/29644","targetHints":{"allow":["GET"]}}],"collection":[{"href":"https:\/\/www.mpal.mp.br\/index.php?rest_route=\/wp\/v2\/posts"}],"about":[{"href":"https:\/\/www.mpal.mp.br\/index.php?rest_route=\/wp\/v2\/types\/post"}],"author":[{"embeddable":true,"href":"https:\/\/www.mpal.mp.br\/index.php?rest_route=\/wp\/v2\/users\/6"}],"replies":[{"embeddable":true,"href":"https:\/\/www.mpal.mp.br\/index.php?rest_route=%2Fwp%2Fv2%2Fcomments&post=29644"}],"version-history":[{"count":21,"href":"https:\/\/www.mpal.mp.br\/index.php?rest_route=\/wp\/v2\/posts\/29644\/revisions"}],"predecessor-version":[{"id":29745,"href":"https:\/\/www.mpal.mp.br\/index.php?rest_route=\/wp\/v2\/posts\/29644\/revisions\/29745"}],"wp:featuredmedia":[{"embeddable":true,"href":"https:\/\/www.mpal.mp.br\/index.php?rest_route=\/wp\/v2\/media\/29645"}],"wp:attachment":[{"href":"https:\/\/www.mpal.mp.br\/index.php?rest_route=%2Fwp%2Fv2%2Fmedia&parent=29644"}],"wp:term":[{"taxonomy":"category","embeddable":true,"href":"https:\/\/www.mpal.mp.br\/index.php?rest_route=%2Fwp%2Fv2%2Fcategories&post=29644"},{"taxonomy":"post_tag","embeddable":true,"href":"https:\/\/www.mpal.mp.br\/index.php?rest_route=%2Fwp%2Fv2%2Ftags&post=29644"}],"curies":[{"name":"wp","href":"https:\/\/api.w.org\/{rel}","templated":true}]}}