{"id":29636,"date":"2023-08-15T15:08:32","date_gmt":"2023-08-15T18:08:32","guid":{"rendered":"https:\/\/www.mpal.mp.br\/?p=29636"},"modified":"2023-08-15T15:09:23","modified_gmt":"2023-08-15T18:09:23","slug":"maceio-ministerio-publico-cobra-execucao-de-sentencas-para-reestruturacao-de-unidades-de-saude-da-familia","status":"publish","type":"post","link":"https:\/\/www.mpal.mp.br\/?p=29636","title":{"rendered":"Macei\u00f3: Minist\u00e9rio P\u00fablico cobra execu\u00e7\u00e3o de senten\u00e7as para reestrutura\u00e7\u00e3o de Unidades de Sa\u00fade da Fam\u00edlia"},"content":{"rendered":"<p align=\"justify\"><span style=\"font-family: helvetica, arial, sans-serif; font-size: 10pt;\">Muitos problemas a serem sanados, dessa vez em Unidades de Sa\u00fade da Fam\u00edlia (USF), em Macei\u00f3, que est\u00e3o sem condi\u00e7\u00f5es de atender o cidad\u00e3o com a dignidade que lhes \u00e9 garantida pela Constitui\u00e7\u00e3o Brasileira. Raz\u00e3o pela qual, <span style=\"color: #000000;\">o Minist\u00e9rio P\u00fablico de Alagoas (MPAL), por meio da 67\u00aa Promotoria de Justi\u00e7a (da Sa\u00fade), <\/span><span style=\"color: #000000;\">com medida similar a adota<\/span><span style=\"color: #000000;\">da<\/span><span style=\"color: #000000;\"> para as <\/span><span style=\"color: #000000;\">Unidades B\u00e1sicas de Sa\u00fade (USB), <\/span><span style=\"color: #000000;\"> anteriormente elencadas, <\/span><span style=\"color: #000000;\">pede cumprimento de senten\u00e7as proferidas nas a\u00e7\u00f5es civis p\u00fablicas anteriormente ajuizadas, j\u00e1 com tr\u00e2nsito em julgado. <\/span><span style=\"color: #000000;\">Agora, ao todo, s\u00e3o 12 USB que n<\/span><span style=\"color: #000000;\">ecessitam, em car\u00e1ter urgente, de investimentos. <\/span><\/span><\/p>\n<p align=\"justify\"><span style=\"font-family: helvetica, arial, sans-serif; font-size: 10pt;\">Num primeiro momento, o promotor de Justi\u00e7a Luciano Romero, titular da 67\u00aa Promotoria de Justi\u00e7a da Capital j\u00e1 havia pedido a execu\u00e7\u00e3o das senten\u00e7as para quatro unidades.<\/span><\/p>\n<p align=\"justify\"><span style=\"font-family: helvetica, arial, sans-serif; font-size: 10pt;\">\u201cJ\u00e1 hav\u00edamos pedido a execu\u00e7\u00e3o de senten\u00e7a das unidades Hamilton Falc\u00e3o, Frei Dami\u00e3o, S\u00e3o Vicente de Paula e da situada no Vale do Reginaldo, mas ainda n\u00e3o recebemos nenhuma informa\u00e7\u00e3o sobre a recupera\u00e7\u00e3o e qualidade na oferta de servi\u00e7os nas mesmas. Mais uma vez, cumprindo o que nos compete, pedimos que o Munic\u00edpio cumpra com o que foi decidido mediante as a\u00e7\u00f5es civis ajuizadas, para que o cidad\u00e3o receba o atendimento adequado, os profissionais da Sa\u00fade tamb\u00e9m tenham condi\u00e7\u00f5es de desenvolver suas atividades num ambiente salubre. N\u00e3o h\u00e1 como concebermos um local que cuida da sa\u00fade das pessoas com estrutura inadequada, que n\u00e3o oferte um bom acolhimento e possa, inclusive, causar outros problemas de sa\u00fade\u201d, adverte o promotor Luciano Romero.<\/span><\/p>\n<p align=\"justify\"><span style=\"font-family: helvetica, arial, sans-serif; font-size: 10pt;\">De acordo com o Conselho Municipal de Sa\u00fade, nas Unidades de Sa\u00fade D\u00eanisson Menezes; Pescaria; Cl\u00e1udio Medeiros (Rio Novo); CAIC Virgem dos Pobres; Jo\u00e3o Sampaio; Vanderli Maria de Andrade (Riacho Doce); Jos\u00e9 Maria de Vasconcelos Neto (S\u00e3o Jorge);e S\u00e3o Jos\u00e9 (Cana\u00e3), os problemas estruturais s\u00e3o evidentes. Tamb\u00e9m foram recebidas in\u00fameras reclama\u00e7\u00f5es de falta de medicamentos b\u00e1sicos e alguns pacientes alegaram que os medicamentos disponibilizados j\u00e1 est\u00e3o com prazo de validade curto. Nas den\u00fancias houve muita reclama\u00e7\u00e3o em rela\u00e7\u00e3o ao sistema do PRONTO respons\u00e1vel pelas marca\u00e7\u00f5es de consultas.<\/span><\/p>\n<p align=\"justify\">\n","protected":false},"excerpt":{"rendered":"<p> [&hellip;]<\/p>\n","protected":false},"author":8,"featured_media":29347,"comment_status":"open","ping_status":"open","sticky":false,"template":"","format":"standard","meta":{"om_disable_all_campaigns":false,"_monsterinsights_skip_tracking":false,"_monsterinsights_sitenote_active":false,"_monsterinsights_sitenote_note":"","_monsterinsights_sitenote_category":0,"_uf_show_specific_survey":0,"_uf_disable_surveys":false,"footnotes":""},"categories":[50],"tags":[],"class_list":["post-29636","post","type-post","status-publish","format-standard","has-post-thumbnail","hentry","category-not_saude"],"aioseo_notices":[],"_links":{"self":[{"href":"https:\/\/www.mpal.mp.br\/index.php?rest_route=\/wp\/v2\/posts\/29636","targetHints":{"allow":["GET"]}}],"collection":[{"href":"https:\/\/www.mpal.mp.br\/index.php?rest_route=\/wp\/v2\/posts"}],"about":[{"href":"https:\/\/www.mpal.mp.br\/index.php?rest_route=\/wp\/v2\/types\/post"}],"author":[{"embeddable":true,"href":"https:\/\/www.mpal.mp.br\/index.php?rest_route=\/wp\/v2\/users\/8"}],"replies":[{"embeddable":true,"href":"https:\/\/www.mpal.mp.br\/index.php?rest_route=%2Fwp%2Fv2%2Fcomments&post=29636"}],"version-history":[{"count":3,"href":"https:\/\/www.mpal.mp.br\/index.php?rest_route=\/wp\/v2\/posts\/29636\/revisions"}],"predecessor-version":[{"id":29639,"href":"https:\/\/www.mpal.mp.br\/index.php?rest_route=\/wp\/v2\/posts\/29636\/revisions\/29639"}],"wp:featuredmedia":[{"embeddable":true,"href":"https:\/\/www.mpal.mp.br\/index.php?rest_route=\/wp\/v2\/media\/29347"}],"wp:attachment":[{"href":"https:\/\/www.mpal.mp.br\/index.php?rest_route=%2Fwp%2Fv2%2Fmedia&parent=29636"}],"wp:term":[{"taxonomy":"category","embeddable":true,"href":"https:\/\/www.mpal.mp.br\/index.php?rest_route=%2Fwp%2Fv2%2Fcategories&post=29636"},{"taxonomy":"post_tag","embeddable":true,"href":"https:\/\/www.mpal.mp.br\/index.php?rest_route=%2Fwp%2Fv2%2Ftags&post=29636"}],"curies":[{"name":"wp","href":"https:\/\/api.w.org\/{rel}","templated":true}]}}