{"id":29469,"date":"2023-08-14T11:04:23","date_gmt":"2023-08-14T14:04:23","guid":{"rendered":"https:\/\/www.mpal.mp.br\/?p=29469"},"modified":"2023-08-14T11:05:05","modified_gmt":"2023-08-14T14:05:05","slug":"prazo-envio-de-trabalhos-para-caderno-literario-do-ministerio-publico-tem-prazo-ate-15-de-agosto","status":"publish","type":"post","link":"https:\/\/www.mpal.mp.br\/?p=29469","title":{"rendered":"Prazo: Envio de trabalhos para Caderno Liter\u00e1rio do Minist\u00e9rio P\u00fablico tem prazo at\u00e9 15 de agosto"},"content":{"rendered":"<p style=\"text-align: justify;\" align=\"justify\"><span style=\"font-family: helvetica, arial, sans-serif; font-size: 10pt;\"><span style=\"color: #000000;\">Contagem regressiva para <\/span><span style=\"color: #000000;\">membros, servidores, estagi\u00e1rios e volunt\u00e1rios do Minist\u00e9rio P\u00fablico de Alagoas <\/span><span style=\"color: #000000;\">(MPAL)<\/span> <span style=\"color: #000000;\">enviarem material para a inclus\u00e3o no Caderno Liter\u00e1rio proposto pela Escola Superior da institui\u00e7\u00e3o. <\/span><span style=\"color: #000000;\">Segundo o diretor, procurador de Justi\u00e7a Walber Jos\u00e9 Valente de Lima, o<\/span><span style=\"color: #000000;\">\u00a0prazo termina nesta ter\u00e7a-feira (15), e os poemas, contos, ou imagens devem ser encaminhados para o e-mail <\/span><strong><span style=\"color: #000000;\"><b>esmp.secretaria@mpal.mp.br<\/b><\/span><\/strong><span style=\"color: #000000;\">.<\/span><\/span><\/p>\n<p style=\"text-align: justify;\" align=\"justify\"><span style=\"color: #000000; font-family: helvetica, arial, sans-serif; font-size: 10pt;\">E como pode ser a participa\u00e7\u00e3o? <\/span><\/p>\n<p style=\"text-align: justify;\" align=\"justify\"><span style=\"font-family: helvetica, arial, sans-serif; font-size: 10pt;\"><span style=\"color: #000000;\">Cada <\/span><span style=\"color: #000000;\">interessado <\/span><span style=\"color: #000000;\">pode enviar, no m\u00e1ximo, at\u00e9 tr\u00eas produ\u00e7\u00f5es, sendo permitida a coautoria de at\u00e9 duas pessoas por obra.<\/span><\/span><\/p>\n<p style=\"text-align: justify;\" align=\"justify\"><span style=\"font-family: helvetica, arial, sans-serif; font-size: 10pt;\"><strong><span style=\"color: #000000;\"><b>Formato<\/b><\/span><\/strong><\/span><\/p>\n<p style=\"text-align: justify;\" align=\"justify\"><span style=\"color: #000000; font-family: helvetica, arial, sans-serif; font-size: 10pt;\">Poemas, poesias e textos de cordel poder\u00e3o ter tamanho m\u00e1ximo de duas p\u00e1ginas.<\/span><\/p>\n<p style=\"text-align: justify;\" align=\"justify\"><span style=\"color: #000000; font-family: helvetica, arial, sans-serif; font-size: 10pt;\">As cr\u00f4nicas poder\u00e3o ter at\u00e9 tr\u00eas p\u00e1ginas, e os contos, at\u00e9 cinco p\u00e1ginas.<\/span><\/p>\n<p style=\"text-align: justify;\" align=\"justify\"><span style=\"color: #000000; font-family: helvetica, arial, sans-serif; font-size: 10pt;\">S\u00f3 ser\u00e3o aceitos textos em portugu\u00eas, que dever\u00e3o ser enviados em arquivos edit\u00e1veis (.odt ou .doc), fonte \u201cTimes New Roman\u201d, tamanho 12, p\u00e1gina A4, entre outras especifica\u00e7\u00f5es que constam no edital.<\/span><\/p>\n<p style=\"text-align: justify;\" align=\"justify\"><span style=\"color: #000000; font-family: helvetica, arial, sans-serif; font-size: 10pt;\">Os interessados em participar com fotografias dever\u00e3o enviar imagens que retratem fatos do cotidiano de Alagoas, como, por exemplo, ambientes naturais, cenas urbanas e natureza-morta.<\/span><\/p>\n<p style=\"text-align: justify;\" align=\"justify\"><span style=\"color: #000000; font-family: helvetica, arial, sans-serif; font-size: 10pt;\">As imagens dever\u00e3o ter a propor\u00e7\u00e3o 2.100\u00d72.835 pixels (18x24cm), resolu\u00e7\u00e3o m\u00ednima de 300 dpi, orienta\u00e7\u00e3o \u201cretrato\u201d e formato \u201c.jpeg\u201d.<\/span><\/p>\n<p style=\"text-align: justify;\" align=\"justify\"><span style=\"font-family: helvetica, arial, sans-serif; font-size: 10pt;\">*Com Ethiene Fonseca<\/span><\/p>\n<p align=\"justify\"><span style=\"font-family: helvetica, arial, sans-serif; font-size: 10pt;\">Arte\/imagem: Thiago Ferreira<\/span><\/p>\n<p align=\"justify\">\n","protected":false},"excerpt":{"rendered":"<p> [&hellip;]<\/p>\n","protected":false},"author":8,"featured_media":29470,"comment_status":"open","ping_status":"open","sticky":false,"template":"","format":"standard","meta":{"om_disable_all_campaigns":false,"_monsterinsights_skip_tracking":false,"_monsterinsights_sitenote_active":false,"_monsterinsights_sitenote_note":"","_monsterinsights_sitenote_category":0,"_uf_show_specific_survey":0,"_uf_disable_surveys":false,"footnotes":""},"categories":[19],"tags":[],"class_list":["post-29469","post","type-post","status-publish","format-standard","has-post-thumbnail","hentry","category-not_esmp"],"aioseo_notices":[],"_links":{"self":[{"href":"https:\/\/www.mpal.mp.br\/index.php?rest_route=\/wp\/v2\/posts\/29469","targetHints":{"allow":["GET"]}}],"collection":[{"href":"https:\/\/www.mpal.mp.br\/index.php?rest_route=\/wp\/v2\/posts"}],"about":[{"href":"https:\/\/www.mpal.mp.br\/index.php?rest_route=\/wp\/v2\/types\/post"}],"author":[{"embeddable":true,"href":"https:\/\/www.mpal.mp.br\/index.php?rest_route=\/wp\/v2\/users\/8"}],"replies":[{"embeddable":true,"href":"https:\/\/www.mpal.mp.br\/index.php?rest_route=%2Fwp%2Fv2%2Fcomments&post=29469"}],"version-history":[{"count":2,"href":"https:\/\/www.mpal.mp.br\/index.php?rest_route=\/wp\/v2\/posts\/29469\/revisions"}],"predecessor-version":[{"id":29472,"href":"https:\/\/www.mpal.mp.br\/index.php?rest_route=\/wp\/v2\/posts\/29469\/revisions\/29472"}],"wp:featuredmedia":[{"embeddable":true,"href":"https:\/\/www.mpal.mp.br\/index.php?rest_route=\/wp\/v2\/media\/29470"}],"wp:attachment":[{"href":"https:\/\/www.mpal.mp.br\/index.php?rest_route=%2Fwp%2Fv2%2Fmedia&parent=29469"}],"wp:term":[{"taxonomy":"category","embeddable":true,"href":"https:\/\/www.mpal.mp.br\/index.php?rest_route=%2Fwp%2Fv2%2Fcategories&post=29469"},{"taxonomy":"post_tag","embeddable":true,"href":"https:\/\/www.mpal.mp.br\/index.php?rest_route=%2Fwp%2Fv2%2Ftags&post=29469"}],"curies":[{"name":"wp","href":"https:\/\/api.w.org\/{rel}","templated":true}]}}