{"id":29304,"date":"2023-08-07T10:01:48","date_gmt":"2023-08-07T13:01:48","guid":{"rendered":"https:\/\/www.mpal.mp.br\/?p=29304"},"modified":"2023-08-07T10:11:18","modified_gmt":"2023-08-07T13:11:18","slug":"integrantes-do-mp-participam-de-capacitacao-sobre-tecnologias-de-combate-ao-crime","status":"publish","type":"post","link":"https:\/\/www.mpal.mp.br\/?p=29304","title":{"rendered":"MP participa de capacita\u00e7\u00e3o sobre tecnologias de combate ao crime"},"content":{"rendered":"<p style=\"text-align: justify;\"><span style=\"font-size: 14pt;\">O Minist\u00e9rio P\u00fablico de Alagoas participou de evento na \u00e1rea da seguran\u00e7a p\u00fablica realizado na \u00faltima semana. No encontro, os palestrantes apresentaram ao p\u00fablico atualiza\u00e7\u00f5es em tecnologias forenses. Promovido pela TechBiz, o evento contou com a parceria do MPAL, atrav\u00e9s do NGI (N\u00facleo de Gest\u00e3o da Informa\u00e7\u00e3o).<\/span><\/p>\n<p style=\"text-align: justify;\"><span style=\"font-size: 14pt;\">Durante as palestras e discuss\u00f5es, os participantes puderam conhecer as \u00faltimas atualiza\u00e7\u00f5es nas tecnologias forenses de investiga\u00e7\u00e3o, reunindo m\u00e9todos e t\u00e9cnicas cient\u00edficas utilizadas na resolu\u00e7\u00e3o de crimes. <\/span><\/p>\n<p style=\"text-align: justify;\"><span style=\"font-size: 14pt;\">Al\u00e9m do NGI, Gaeco e Gaesf, tamb\u00e9m participaram do evento a Pol\u00edcia Civil e as secretarias de Estado da Ressocializa\u00e7\u00e3o e Inclus\u00e3o, Seguran\u00e7a P\u00fablica e Fazenda. <\/span><span style=\"font-size: 14pt;\">A capacita\u00e7\u00e3o foi realizada na \u00faltima quinta-feira (02).<\/span><\/p>\n","protected":false},"excerpt":{"rendered":"<p> [&hellip;]<\/p>\n","protected":false},"author":6,"featured_media":29305,"comment_status":"open","ping_status":"open","sticky":false,"template":"","format":"standard","meta":{"om_disable_all_campaigns":false,"_monsterinsights_skip_tracking":false,"_monsterinsights_sitenote_active":false,"_monsterinsights_sitenote_note":"","_monsterinsights_sitenote_category":0,"_uf_show_specific_survey":0,"_uf_disable_surveys":false,"footnotes":""},"categories":[2,52],"tags":[],"class_list":["post-29304","post","type-post","status-publish","format-standard","has-post-thumbnail","hentry","category-not_mpal","category-not_seguranca_publica"],"aioseo_notices":[],"_links":{"self":[{"href":"https:\/\/www.mpal.mp.br\/index.php?rest_route=\/wp\/v2\/posts\/29304","targetHints":{"allow":["GET"]}}],"collection":[{"href":"https:\/\/www.mpal.mp.br\/index.php?rest_route=\/wp\/v2\/posts"}],"about":[{"href":"https:\/\/www.mpal.mp.br\/index.php?rest_route=\/wp\/v2\/types\/post"}],"author":[{"embeddable":true,"href":"https:\/\/www.mpal.mp.br\/index.php?rest_route=\/wp\/v2\/users\/6"}],"replies":[{"embeddable":true,"href":"https:\/\/www.mpal.mp.br\/index.php?rest_route=%2Fwp%2Fv2%2Fcomments&post=29304"}],"version-history":[{"count":11,"href":"https:\/\/www.mpal.mp.br\/index.php?rest_route=\/wp\/v2\/posts\/29304\/revisions"}],"predecessor-version":[{"id":29316,"href":"https:\/\/www.mpal.mp.br\/index.php?rest_route=\/wp\/v2\/posts\/29304\/revisions\/29316"}],"wp:featuredmedia":[{"embeddable":true,"href":"https:\/\/www.mpal.mp.br\/index.php?rest_route=\/wp\/v2\/media\/29305"}],"wp:attachment":[{"href":"https:\/\/www.mpal.mp.br\/index.php?rest_route=%2Fwp%2Fv2%2Fmedia&parent=29304"}],"wp:term":[{"taxonomy":"category","embeddable":true,"href":"https:\/\/www.mpal.mp.br\/index.php?rest_route=%2Fwp%2Fv2%2Fcategories&post=29304"},{"taxonomy":"post_tag","embeddable":true,"href":"https:\/\/www.mpal.mp.br\/index.php?rest_route=%2Fwp%2Fv2%2Ftags&post=29304"}],"curies":[{"name":"wp","href":"https:\/\/api.w.org\/{rel}","templated":true}]}}