{"id":28757,"date":"2023-07-21T12:02:17","date_gmt":"2023-07-21T15:02:17","guid":{"rendered":"https:\/\/www.mpal.mp.br\/?p=28757"},"modified":"2023-07-21T12:02:31","modified_gmt":"2023-07-21T15:02:31","slug":"3a-promotoria-de-justica-municipio-palmeira-dos-indios-ano-2023","status":"publish","type":"post","link":"https:\/\/www.mpal.mp.br\/?p=28757","title":{"rendered":"3\u00aa Promotoria de Justi\u00e7a \u2013 Munic\u00edpio: Palmeira dos \u00cdndios \u2013 Ano 2023"},"content":{"rendered":"<div class=\"fusion-fullwidth fullwidth-box fusion-builder-row-1 nonhundred-percent-fullwidth non-hundred-percent-height-scrolling\"  style='background-color: #ffffff;background-position: center center;background-repeat: no-repeat;padding-top:0px;padding-right:0px;padding-bottom:0px;padding-left:0px;'><div class=\"fusion-builder-row fusion-row \"><div  class=\"fusion-layout-column fusion_builder_column fusion_builder_column_1_1 fusion-builder-column-1 fusion-one-full fusion-column-first fusion-column-last 1_1\"  style='margin-top:0px;margin-bottom:20px;'>\n\t\t\t\t\t<div class=\"fusion-column-wrapper\" style=\"padding: 0px 0px 0px 0px;background-position:left top;background-repeat:no-repeat;-webkit-background-size:cover;-moz-background-size:cover;-o-background-size:cover;background-size:cover;\"   data-bg-url=\"\">\n\t\t\t\t\t\t<div class=\"fusion-text\"><p style=\"text-align: justify;\" data-raofz=\"14\"><span style=\"font-size: 14pt;\" data-raofz=\"13\">O PROMOTOR DE JUSTI\u00c7A TITULAR DA 3\u00aa PROMOTORIA DE JUSTI\u00c7A DE SANTANA DE PALMEIRA DOS \u00cdNDIOS, no uso de suas atribui\u00e7\u00f5es legais, especialmente as que lhe s\u00e3o conferidas pelo Art. 5\u00b0, \u00a7 4\u00b0 do Ato CSMP n\u00b0 01, de 3 de outubro de 2018, RESOLVE:.<\/span><\/p>\n<p>Abrir Processo Seletivo P\u00fablico Simplificado para Estagi\u00e1rios da \u00e1rea de Direito do Minist\u00e9rio P\u00fablico do Estado de Alagoas para atuar na 3\u00aa Promotoria de Justi\u00e7a de PALMEIRA DOS \u00cdNDIOS\/AL.<\/p>\n<p style=\"text-align: justify;\" data-raofz=\"14\"><span style=\"font-size: 18pt;\"><strong>Detalhamento:<\/strong><\/span><\/p>\n<\/div><ul class=\"fusion-checklist fusion-checklist-1\" style=\"font-size:14px;line-height:23.8px;\"><li class=\"fusion-li-item\"><span style=\"background-color:#65bc7b;font-size:12.32px;height:23.8px;width:23.8px;margin-right:9.8px;\" class=\"icon-wrapper circle-yes\"><i class=\"fusion-li-icon fa fa-check\" style=\"color:#ffffff;\"><\/i><\/span><div class=\"fusion-li-item-content\" style=\"margin-left:33.6px;\">\n<ul>\n<li data-raofz=\"14\"><strong>Publica\u00e7\u00e3o do Edital<\/strong> 21\/07\/2023<\/li>\n<li data-raofz=\"14\"><strong>Interposi\u00e7\u00e3o de recurso perante o Edital<\/strong> 24\/07\/2023<\/li>\n<li data-raofz=\"14\"><strong>An\u00e1lise dos recursos<\/strong> 25\/07\/2023<\/li>\n<li data-raofz=\"14\"><strong>Per\u00edodo de inscri\u00e7\u00e3o<\/strong> 26\/07\/2023 \u00e0 01\/08\/2023<\/li>\n<li data-raofz=\"14\"><strong>An\u00e1lise dos Documentos<\/strong> 02\/08\/2023 \u00e0 07\/08\/2023<\/li>\n<li data-raofz=\"14\"><strong>Resultado preliminar da Lista de Classifica\u00e7\u00e3o<\/strong> 08\/08\/2023<\/li>\n<li data-raofz=\"14\"><strong>Interposi\u00e7\u00e3o de recursos perante a Lista de Classifica\u00e7\u00e3o<\/strong> 09\/08\/2023 e 10\/08\/2023<\/li>\n<li data-raofz=\"14\"><strong>An\u00e1lise dos recursos<\/strong> 14\/08\/2023 \u00e0 15\/08\/2023<\/li>\n<li data-raofz=\"14\"><strong>Resultado final em caso de provimento de recurso<\/strong> 16\/08\/2023<\/li>\n<li data-raofz=\"14\"><strong>Homologa\u00e7\u00e3o do Resultado final At\u00e9<\/strong> 17\/09\/2023<\/li>\n<\/ul>\n<\/div><\/li><\/ul><div class=\"fusion-sep-clear\"><\/div><div class=\"fusion-separator fusion-full-width-sep sep-none\" style=\"margin-left: auto;margin-right: auto;margin-top:;\"><\/div><style type=\"text\/css\"><\/style><div class=\"fusion-title title fusion-title-1 fusion-title-text fusion-title-size-one\" style=\"margin-top:0px;margin-bottom:31px;\"><h1 class=\"title-heading-left\" style=\"margin:0;\"><strong><span style=\"font-size: 14pt; color: #003866;\">Cadastro para Sele\u00e7\u00e3o<\/span><\/strong><\/h1><div class=\"title-sep-container\"><div class=\"title-sep sep-double sep-solid\" style=\"border-color:#e0dede;\"><\/div><\/div><\/div><div class=\"fusion-text\"><p><span style=\"font-size: 14pt;\"><i class=\"fontawesome-icon fa-link fas circle-no\" style=\"font-size:18px;margin-right:9px;color:#003866;\"><\/i><a href=\"https:\/\/forms.gle\/uJ7Q8Hhbo9AfaX8F9\" target=\"_blank\" rel=\"noopener\">FORMUL\u00c1RIO DE INSCRI\u00c7\u00c3O &#8211; CLIQUE AQUI <\/a><\/span><\/p>\n<\/div><style type=\"text\/css\"><\/style><div class=\"fusion-title title fusion-title-2 fusion-title-text fusion-title-size-one\" style=\"margin-top:0px;margin-bottom:31px;\"><h1 class=\"title-heading-left\" style=\"margin:0;\"><strong><span style=\"font-size: 14pt; color: #003866;\">Anexos<\/span><\/strong><\/h1><div class=\"title-sep-container\"><div class=\"title-sep sep-double sep-solid\" style=\"border-color:#e0dede;\"><\/div><\/div><\/div><div class=\"fusion-text\"><p><span style=\"font-size: 14pt;\"><i class=\"fontawesome-icon fa-file-pdf fas circle-no\" style=\"font-size:18px;margin-right:9px;color:#003866;\"><\/i><a href=\"https:\/\/www.mpal.mp.br\/wp-content\/uploads\/2023\/07\/Edital-publicado-no-diario.pdf\" target=\"_blank\" rel=\"noopener\">Edital de Abertura<\/a><\/span><\/p>\n<\/div><style type=\"text\/css\"><\/style><div class=\"fusion-title title fusion-title-3 fusion-title-text fusion-title-size-one\" style=\"margin-top:0px;margin-bottom:31px;\"><h1 class=\"title-heading-left\" style=\"margin:0;\"><strong><span style=\"font-size: 14pt; color: #003866;\">Outros Est\u00e1gios<\/span><\/strong><\/h1><div class=\"title-sep-container\"><div class=\"title-sep sep-double sep-solid\" style=\"border-color:#e0dede;\"><\/div><\/div><\/div><div class=\"fusion-recent-posts fusion-recent-posts-1 avada-container layout-default layout-columns-1\"><section class=\"fusion-columns columns fusion-columns-1 columns-1\"><article class=\"post fusion-column column col col-lg-12 col-md-12 col-sm-12\"><div class=\"recent-posts-content\"><span class=\"vcard\" style=\"display: none;\"><span class=\"fn\"><a href=\"https:\/\/www.mpal.mp.br\/?author=1\" title=\"Posts de Administrador\" rel=\"author\">Administrador<\/a><\/span><\/span><span class=\"updated\" style=\"display:none;\">2023-07-21T12:02:31-03:00<\/span><h4 class=\"entry-title\"><a href=\"https:\/\/www.mpal.mp.br\/?p=28757\">3\u00aa Promotoria de Justi\u00e7a \u2013 Munic\u00edpio: Palmeira dos \u00cdndios \u2013 Ano 2023<\/a><\/h4><\/div><\/article><article class=\"post fusion-column column col col-lg-12 col-md-12 col-sm-12\"><div class=\"recent-posts-content\"><span class=\"vcard\" style=\"display: none;\"><span class=\"fn\"><a href=\"https:\/\/www.mpal.mp.br\/?author=1\" title=\"Posts de Administrador\" rel=\"author\">Administrador<\/a><\/span><\/span><span class=\"updated\" style=\"display:none;\">2023-07-13T07:36:01-03:00<\/span><h4 class=\"entry-title\"><a href=\"https:\/\/www.mpal.mp.br\/?p=28535\">3\u00aa Promotoria de Justi\u00e7a \u2013 Munic\u00edpio: Santana do Ipanema \u2013 Ano 2023<\/a><\/h4><\/div><\/article><article class=\"post fusion-column column col col-lg-12 col-md-12 col-sm-12\"><div class=\"recent-posts-content\"><span class=\"vcard\" style=\"display: none;\"><span class=\"fn\"><a href=\"https:\/\/www.mpal.mp.br\/?author=1\" title=\"Posts de Administrador\" rel=\"author\">Administrador<\/a><\/span><\/span><span class=\"updated\" style=\"display:none;\">2023-05-16T09:56:14-03:00<\/span><h4 class=\"entry-title\"><a href=\"https:\/\/www.mpal.mp.br\/?p=26622\">Promotoria de Justi\u00e7a \u2013 Munic\u00edpio: Igreja Nova \u2013 Ano 2023<\/a><\/h4><\/div><\/article><article class=\"post fusion-column column col col-lg-12 col-md-12 col-sm-12\"><div class=\"recent-posts-content\"><span class=\"vcard\" style=\"display: none;\"><span class=\"fn\"><a href=\"https:\/\/www.mpal.mp.br\/?author=1\" title=\"Posts de Administrador\" rel=\"author\">Administrador<\/a><\/span><\/span><span class=\"updated\" style=\"display:none;\">2023-05-15T08:33:40-03:00<\/span><h4 class=\"entry-title\"><a href=\"https:\/\/www.mpal.mp.br\/?p=26509\">Promotoria de Justi\u00e7a \u2013 Munic\u00edpio: Taquarana \u2013 Ano 2023<\/a><\/h4><\/div><\/article><article class=\"post fusion-column column col col-lg-12 col-md-12 col-sm-12\"><div class=\"recent-posts-content\"><span class=\"vcard\" style=\"display: none;\"><span class=\"fn\"><a href=\"https:\/\/www.mpal.mp.br\/?author=1\" title=\"Posts de Administrador\" rel=\"author\">Administrador<\/a><\/span><\/span><span class=\"updated\" style=\"display:none;\">2023-05-12T13:10:41-03:00<\/span><h4 class=\"entry-title\"><a href=\"https:\/\/www.mpal.mp.br\/?p=26505\">Promotoria de Justi\u00e7a \u2013 Munic\u00edpio: Maragogi \u2013 Ano 2023<\/a><\/h4><\/div><\/article><article class=\"post fusion-column column col col-lg-12 col-md-12 col-sm-12\"><div class=\"recent-posts-content\"><span class=\"vcard\" style=\"display: none;\"><span class=\"fn\"><a href=\"https:\/\/www.mpal.mp.br\/?author=1\" title=\"Posts de Administrador\" rel=\"author\">Administrador<\/a><\/span><\/span><span class=\"updated\" style=\"display:none;\">2023-05-10T10:58:33-03:00<\/span><h4 class=\"entry-title\"><a href=\"https:\/\/www.mpal.mp.br\/?p=26314\">Promotoria de Justi\u00e7a \u2013 Munic\u00edpio: Coruripe \u2013 Ano 2023<\/a><\/h4><\/div><\/article><\/section><\/div><div class=\"fusion-clearfix\"><\/div>\n\n\t\t\t\t\t<\/div>\n\t\t\t\t<\/div><\/div><\/div>\n","protected":false},"excerpt":{"rendered":"","protected":false},"author":1,"featured_media":1593,"comment_status":"open","ping_status":"open","sticky":false,"template":"","format":"standard","meta":{"om_disable_all_campaigns":false,"_monsterinsights_skip_tracking":false,"_monsterinsights_sitenote_active":false,"_monsterinsights_sitenote_note":"","_monsterinsights_sitenote_category":0,"_uf_show_specific_survey":0,"_uf_disable_surveys":false,"footnotes":""},"categories":[17],"tags":[],"class_list":["post-28757","post","type-post","status-publish","format-standard","has-post-thumbnail","hentry","category-not_estagiarios"],"aioseo_notices":[],"_links":{"self":[{"href":"https:\/\/www.mpal.mp.br\/index.php?rest_route=\/wp\/v2\/posts\/28757","targetHints":{"allow":["GET"]}}],"collection":[{"href":"https:\/\/www.mpal.mp.br\/index.php?rest_route=\/wp\/v2\/posts"}],"about":[{"href":"https:\/\/www.mpal.mp.br\/index.php?rest_route=\/wp\/v2\/types\/post"}],"author":[{"embeddable":true,"href":"https:\/\/www.mpal.mp.br\/index.php?rest_route=\/wp\/v2\/users\/1"}],"replies":[{"embeddable":true,"href":"https:\/\/www.mpal.mp.br\/index.php?rest_route=%2Fwp%2Fv2%2Fcomments&post=28757"}],"version-history":[{"count":1,"href":"https:\/\/www.mpal.mp.br\/index.php?rest_route=\/wp\/v2\/posts\/28757\/revisions"}],"predecessor-version":[{"id":28759,"href":"https:\/\/www.mpal.mp.br\/index.php?rest_route=\/wp\/v2\/posts\/28757\/revisions\/28759"}],"wp:featuredmedia":[{"embeddable":true,"href":"https:\/\/www.mpal.mp.br\/index.php?rest_route=\/wp\/v2\/media\/1593"}],"wp:attachment":[{"href":"https:\/\/www.mpal.mp.br\/index.php?rest_route=%2Fwp%2Fv2%2Fmedia&parent=28757"}],"wp:term":[{"taxonomy":"category","embeddable":true,"href":"https:\/\/www.mpal.mp.br\/index.php?rest_route=%2Fwp%2Fv2%2Fcategories&post=28757"},{"taxonomy":"post_tag","embeddable":true,"href":"https:\/\/www.mpal.mp.br\/index.php?rest_route=%2Fwp%2Fv2%2Ftags&post=28757"}],"curies":[{"name":"wp","href":"https:\/\/api.w.org\/{rel}","templated":true}]}}