{"id":28742,"date":"2023-07-20T15:50:57","date_gmt":"2023-07-20T18:50:57","guid":{"rendered":"https:\/\/www.mpal.mp.br\/?p=28742"},"modified":"2023-07-20T15:58:06","modified_gmt":"2023-07-20T18:58:06","slug":"armazenamento-de-itens-apreendidos-e-tema-de-tac-firmado-em-palmeira-dos-indios","status":"publish","type":"post","link":"https:\/\/www.mpal.mp.br\/?p=28742","title":{"rendered":"Armazenamento de itens apreendidos \u00e9 tema de TAC firmado em Palmeira dos \u00cdndios"},"content":{"rendered":"<p style=\"text-align: justify;\"><span style=\"font-size: 14pt;\">Para regulamentar o armazenamento de itens apreendidos no Munic\u00edpio de Palmeira dos \u00cdndios, o Minist\u00e9rio P\u00fablico de Alagoas firmou um Termo de Ajustamento de Conduta (TAC) com a Prefeitura Municipal, Pol\u00edcia Militar, Guarda Municipal e Pol\u00edcia Civil. O documento foi assinado nesta quinta-feira (20).<\/span><\/p>\n<p style=\"text-align: justify;\"><span style=\"font-size: 14pt;\">De acordo com o TAC, a Guarda Civil Municipal ficar\u00e1 respons\u00e1vel por armazenar em seu dep\u00f3sito os bens apreendidos a partir de Termos Circunstanciados de Ocorr\u00eancia (TCOs) feitos pela PM.\u00a0<\/span><\/p>\n<p style=\"text-align: justify;\"><span style=\"font-size: 14pt;\">O promotor de Justi\u00e7a M\u00e1rcio D\u00f3ria destaca que drogas apreendidas, em caso de porte para uso pessoal, dever\u00e3o permanecer na Delegacia de Pol\u00edcia para a realiza\u00e7\u00e3o de laudo pericial.<\/span><\/p>\n<p style=\"text-align: justify;\"><span style=\"font-size: 14pt;\">A cada seis meses, a 5\u00aa Delegacia Regional de Pol\u00edcia e a Guarda Civil Municipal dever\u00e3o fazer levantamento dos bens que est\u00e3o no dep\u00f3sito para que sejam adotadas as medidas necess\u00e1rias, como a destrui\u00e7\u00e3o, perda ou restitui\u00e7\u00e3o dos objetos apreendidos.<\/span><\/p>\n<p style=\"text-align: justify;\"><span style=\"font-size: 14pt;\">O TAC traz ainda que, em casos de les\u00f5es corporais leves, a v\u00edtima dever\u00e1 ser encaminhada \u00e0 Unidade de Pronto Atendimento (UPA) para a realiza\u00e7\u00e3o de relat\u00f3rio ou prontu\u00e1rio m\u00e9dico.<\/span><\/p>\n","protected":false},"excerpt":{"rendered":"<p> [&hellip;]<\/p>\n","protected":false},"author":6,"featured_media":28743,"comment_status":"open","ping_status":"open","sticky":false,"template":"","format":"standard","meta":{"om_disable_all_campaigns":false,"_monsterinsights_skip_tracking":false,"_monsterinsights_sitenote_active":false,"_monsterinsights_sitenote_note":"","_monsterinsights_sitenote_category":0,"_uf_show_specific_survey":0,"_uf_disable_surveys":false,"footnotes":""},"categories":[2,52],"tags":[],"class_list":["post-28742","post","type-post","status-publish","format-standard","has-post-thumbnail","hentry","category-not_mpal","category-not_seguranca_publica"],"aioseo_notices":[],"_links":{"self":[{"href":"https:\/\/www.mpal.mp.br\/index.php?rest_route=\/wp\/v2\/posts\/28742","targetHints":{"allow":["GET"]}}],"collection":[{"href":"https:\/\/www.mpal.mp.br\/index.php?rest_route=\/wp\/v2\/posts"}],"about":[{"href":"https:\/\/www.mpal.mp.br\/index.php?rest_route=\/wp\/v2\/types\/post"}],"author":[{"embeddable":true,"href":"https:\/\/www.mpal.mp.br\/index.php?rest_route=\/wp\/v2\/users\/6"}],"replies":[{"embeddable":true,"href":"https:\/\/www.mpal.mp.br\/index.php?rest_route=%2Fwp%2Fv2%2Fcomments&post=28742"}],"version-history":[{"count":5,"href":"https:\/\/www.mpal.mp.br\/index.php?rest_route=\/wp\/v2\/posts\/28742\/revisions"}],"predecessor-version":[{"id":28748,"href":"https:\/\/www.mpal.mp.br\/index.php?rest_route=\/wp\/v2\/posts\/28742\/revisions\/28748"}],"wp:featuredmedia":[{"embeddable":true,"href":"https:\/\/www.mpal.mp.br\/index.php?rest_route=\/wp\/v2\/media\/28743"}],"wp:attachment":[{"href":"https:\/\/www.mpal.mp.br\/index.php?rest_route=%2Fwp%2Fv2%2Fmedia&parent=28742"}],"wp:term":[{"taxonomy":"category","embeddable":true,"href":"https:\/\/www.mpal.mp.br\/index.php?rest_route=%2Fwp%2Fv2%2Fcategories&post=28742"},{"taxonomy":"post_tag","embeddable":true,"href":"https:\/\/www.mpal.mp.br\/index.php?rest_route=%2Fwp%2Fv2%2Ftags&post=28742"}],"curies":[{"name":"wp","href":"https:\/\/api.w.org\/{rel}","templated":true}]}}