{"id":28698,"date":"2023-07-18T12:53:37","date_gmt":"2023-07-18T15:53:37","guid":{"rendered":"https:\/\/www.mpal.mp.br\/?p=28698"},"modified":"2023-07-18T12:57:52","modified_gmt":"2023-07-18T15:57:52","slug":"sera-realizado-na-proxima-sexta-o-i-encontro-regional-dos-conselhos-municipais-de-seguranca-sertao-alagoas","status":"publish","type":"post","link":"https:\/\/www.mpal.mp.br\/?p=28698","title":{"rendered":"Ser\u00e1 realizado na pr\u00f3xima sexta o I Encontro Regional dos Conselhos Municipais de Seguran\u00e7a &#8211; Sert\u00e3o Alagoas"},"content":{"rendered":"<p style=\"text-align: justify;\"><div class=\"fusion-fullwidth fullwidth-box fusion-builder-row-1 nonhundred-percent-fullwidth non-hundred-percent-height-scrolling\"  style='background-color: #ffffff;background-position: center center;background-repeat: no-repeat;padding-top:0px;padding-right:0px;padding-bottom:0px;padding-left:0px;'><div class=\"fusion-builder-row fusion-row \"><div  class=\"fusion-layout-column fusion_builder_column fusion_builder_column_1_1 fusion-builder-column-1 fusion-one-full fusion-column-first fusion-column-last 1_1\"  style='margin-top:0px;margin-bottom:0px;'>\n\t\t\t\t\t<div class=\"fusion-column-wrapper\" style=\"padding: 0px 0px 0px 0px;background-position:left top;background-repeat:no-repeat;-webkit-background-size:cover;-moz-background-size:cover;-o-background-size:cover;background-size:cover;\"   data-bg-url=\"\">\n\t\t\t\t\t\t<div class=\"fusion-text\"><p style=\"text-align: justify;\">Na pr\u00f3xima sexta-feira (21), ser\u00e1 realizado em Santana do Ipanema o I Encontro Regional dos Conselhos Municipais de Seguran\u00e7a &#8211; Sert\u00e3o Alagoas. O evento ter\u00e1 como tema a atua\u00e7\u00e3o e o fortalecimento dos Conselhos Municipais de Seguran\u00e7a e os caminhos na busca por recursos junto ao Minist\u00e9rio da Justi\u00e7a.<\/p>\n<p style=\"text-align: justify;\">Para se inscrever<span style=\"color: #000000;\">:<\/span> <strong><span style=\"color: #0000ff;\"><a style=\"color: #0000ff;\" href=\"https:\/\/doity.com.br\/i-encontro-regional-dos-conselheiros-municipais-de-seguranca--sertao-alagoas\">clique aqui<\/a><\/span><\/strong>.<\/p>\n<p style=\"text-align: justify;\">O encontro \u00e9 uma realiza\u00e7\u00e3o do Minist\u00e9rio P\u00fablico de Alagoas, Governo do Estado, Pol\u00edcia Militar e Conselho Estadual de Seguran\u00e7a P\u00fablica.<\/p>\n<p style=\"text-align: justify;\">Confira, abaixo, a programa\u00e7\u00e3o completa do evento:<\/p>\n<p style=\"text-align: justify;\">\n<\/div><style type=\"text\/css\">.fusion-gallery-1 .fusion-gallery-image {border:0px solid #f6f6f6;-webkit-border-radius:5px;-moz-border-radius:5px;border-radius:5px;}<\/style><div class=\"fusion-gallery fusion-gallery-container fusion-grid-3 fusion-columns-total-0 fusion-gallery-layout-grid fusion-gallery-1\" style=\"margin:-5px;\"><div style=\"padding:5px;\" class=\"fusion-grid-column fusion-gallery-column fusion-gallery-column-3 hover-type-none\"><div class=\"fusion-gallery-image\"><a href=\"https:\/\/www.mpal.mp.br\/wp-content\/uploads\/2023\/07\/I-Encontro-Regional-dos-Conselheiros-Municipais-de-Seguranca-3.jpg\" rel=\"noreferrer\" data-rel=\"iLightbox[gallery_image_1]\" class=\"fusion-lightbox\" target=\"_self\"><img loading=\"lazy\" decoding=\"async\" src=\"https:\/\/www.mpal.mp.br\/wp-content\/uploads\/2023\/07\/I-Encontro-Regional-dos-Conselheiros-Municipais-de-Seguranca-3.jpg\" width=\"2400\" height=\"1500\" alt=\"\" title=\"I-Encontro-Regional-dos-Conselheiros-Municipais-de-Seguran\u00e7a-3\" aria-label=\"I-Encontro-Regional-dos-Conselheiros-Municipais-de-Seguran\u00e7a-3\" class=\"img-responsive wp-image-28696\" \/><\/a><\/div><\/div><\/div><div class=\"fusion-clearfix\"><\/div>\n\n\t\t\t\t\t<\/div>\n\t\t\t\t<\/div><\/div><\/div><\/p>\n","protected":false},"excerpt":{"rendered":"","protected":false},"author":6,"featured_media":28699,"comment_status":"open","ping_status":"open","sticky":false,"template":"","format":"standard","meta":{"om_disable_all_campaigns":false,"_monsterinsights_skip_tracking":false,"_monsterinsights_sitenote_active":false,"_monsterinsights_sitenote_note":"","_monsterinsights_sitenote_category":0,"_uf_show_specific_survey":0,"_uf_disable_surveys":false,"footnotes":""},"categories":[2,52],"tags":[],"class_list":["post-28698","post","type-post","status-publish","format-standard","has-post-thumbnail","hentry","category-not_mpal","category-not_seguranca_publica"],"aioseo_notices":[],"_links":{"self":[{"href":"https:\/\/www.mpal.mp.br\/index.php?rest_route=\/wp\/v2\/posts\/28698","targetHints":{"allow":["GET"]}}],"collection":[{"href":"https:\/\/www.mpal.mp.br\/index.php?rest_route=\/wp\/v2\/posts"}],"about":[{"href":"https:\/\/www.mpal.mp.br\/index.php?rest_route=\/wp\/v2\/types\/post"}],"author":[{"embeddable":true,"href":"https:\/\/www.mpal.mp.br\/index.php?rest_route=\/wp\/v2\/users\/6"}],"replies":[{"embeddable":true,"href":"https:\/\/www.mpal.mp.br\/index.php?rest_route=%2Fwp%2Fv2%2Fcomments&post=28698"}],"version-history":[{"count":5,"href":"https:\/\/www.mpal.mp.br\/index.php?rest_route=\/wp\/v2\/posts\/28698\/revisions"}],"predecessor-version":[{"id":28706,"href":"https:\/\/www.mpal.mp.br\/index.php?rest_route=\/wp\/v2\/posts\/28698\/revisions\/28706"}],"wp:featuredmedia":[{"embeddable":true,"href":"https:\/\/www.mpal.mp.br\/index.php?rest_route=\/wp\/v2\/media\/28699"}],"wp:attachment":[{"href":"https:\/\/www.mpal.mp.br\/index.php?rest_route=%2Fwp%2Fv2%2Fmedia&parent=28698"}],"wp:term":[{"taxonomy":"category","embeddable":true,"href":"https:\/\/www.mpal.mp.br\/index.php?rest_route=%2Fwp%2Fv2%2Fcategories&post=28698"},{"taxonomy":"post_tag","embeddable":true,"href":"https:\/\/www.mpal.mp.br\/index.php?rest_route=%2Fwp%2Fv2%2Ftags&post=28698"}],"curies":[{"name":"wp","href":"https:\/\/api.w.org\/{rel}","templated":true}]}}