{"id":28659,"date":"2023-07-17T09:15:55","date_gmt":"2023-07-17T12:15:55","guid":{"rendered":"https:\/\/www.mpal.mp.br\/?p=28659"},"modified":"2023-07-17T09:23:06","modified_gmt":"2023-07-17T12:23:06","slug":"caderno-literario-do-mpal-recebe-trabalhos-artisticos-ate-o-dia-15-de-agosto","status":"publish","type":"post","link":"https:\/\/www.mpal.mp.br\/?p=28659","title":{"rendered":"Caderno Liter\u00e1rio do MPAL recebe trabalhos art\u00edsticos at\u00e9 o dia 15 de agosto"},"content":{"rendered":"<p style=\"text-align: justify;\"><span style=\"font-size: 14pt;\">Aos membros, servidores, estagi\u00e1rios e volunt\u00e1rios do Minist\u00e9rio P\u00fablico de Alagoas, um aviso: ainda d\u00e1 tempo de enviar seus trabalhos art\u00edsticos para o Caderno Liter\u00e1rio do MPAL. A publica\u00e7\u00e3o aceita poemas, poesias, cr\u00f4nicas, contos, cordel e fotografia. O prazo final para o envio \u00e9 15 de agosto.<\/span><\/p>\n<p style=\"text-align: justify;\"><span style=\"font-size: 14pt;\">Cada pessoa pode enviar, no m\u00e1ximo, at\u00e9 tr\u00eas produ\u00e7\u00f5es, sendo permitida a coautoria de at\u00e9 duas pessoas por obra.<\/span><\/p>\n<p style=\"text-align: justify;\"><strong><span style=\"font-size: 14pt;\">Formato<\/span><\/strong><\/p>\n<p><span style=\"font-size: 14pt;\">Poemas, poesias e textos de cordel poder\u00e3o ter tamanho m\u00e1ximo de duas p\u00e1ginas.<\/span><\/p>\n<p style=\"text-align: justify;\"><span style=\"font-size: 14pt;\">As cr\u00f4nicas poder\u00e3o ter at\u00e9 tr\u00eas p\u00e1ginas, e os contos, at\u00e9 cinco p\u00e1ginas.<\/span><\/p>\n<p style=\"text-align: justify;\"><span style=\"font-size: 14pt;\">S\u00f3 ser\u00e3o aceitos textos em portugu\u00eas, que dever\u00e3o ser enviados em arquivos edit\u00e1veis (.odt ou .doc), fonte \u201cTimes New Roman\u201d, tamanho 12, p\u00e1gina A4, entre outras especifica\u00e7\u00f5es que constam no edital.<\/span><\/p>\n<p><span style=\"font-size: 14pt;\">Os interessados em participar com fotografias dever\u00e3o enviar imagens que retratem fatos do cotidiano de Alagoas, como, por exemplo, ambientes naturais, cenas urbanas e natureza-morta.<\/span><\/p>\n<p style=\"text-align: justify;\"><span style=\"font-size: 14pt;\">As imagens dever\u00e3o ter a propor\u00e7\u00e3o 2.100&#215;2.835 pixels (18x24cm), resolu\u00e7\u00e3o m\u00ednima de 300 dpi, orienta\u00e7\u00e3o \u201cretrato\u201d e formato \u201c.jpeg\u201d. <\/span><\/p>\n<p><strong><span style=\"font-size: 14pt;\">Envio<\/span><\/strong><\/p>\n<p><span style=\"font-size: 14pt;\">Os textos ou imagens devem ser enviados para o e-mail da escola <strong>esmp.secretaria@mpal.mp.br<\/strong>.<\/span><\/p>\n<p style=\"text-align: justify;\"><span style=\"font-size: 14pt;\">Confira mais informa\u00e7\u00f5es sobre a chamada de trabalhos no link: <a href=\"https:\/\/www.mpal.mp.br\/?p=28194\"><span style=\"color: #0000ff;\"><strong>clique aqui<\/strong><\/span><\/a>.<\/span><\/p>\n","protected":false},"excerpt":{"rendered":"<p> [&hellip;]<\/p>\n","protected":false},"author":6,"featured_media":28660,"comment_status":"open","ping_status":"open","sticky":false,"template":"","format":"standard","meta":{"om_disable_all_campaigns":false,"_monsterinsights_skip_tracking":false,"_monsterinsights_sitenote_active":false,"_monsterinsights_sitenote_note":"","_monsterinsights_sitenote_category":0,"_uf_show_specific_survey":0,"_uf_disable_surveys":false,"footnotes":""},"categories":[19,2],"tags":[],"class_list":["post-28659","post","type-post","status-publish","format-standard","has-post-thumbnail","hentry","category-not_esmp","category-not_mpal"],"aioseo_notices":[],"_links":{"self":[{"href":"https:\/\/www.mpal.mp.br\/index.php?rest_route=\/wp\/v2\/posts\/28659","targetHints":{"allow":["GET"]}}],"collection":[{"href":"https:\/\/www.mpal.mp.br\/index.php?rest_route=\/wp\/v2\/posts"}],"about":[{"href":"https:\/\/www.mpal.mp.br\/index.php?rest_route=\/wp\/v2\/types\/post"}],"author":[{"embeddable":true,"href":"https:\/\/www.mpal.mp.br\/index.php?rest_route=\/wp\/v2\/users\/6"}],"replies":[{"embeddable":true,"href":"https:\/\/www.mpal.mp.br\/index.php?rest_route=%2Fwp%2Fv2%2Fcomments&post=28659"}],"version-history":[{"count":3,"href":"https:\/\/www.mpal.mp.br\/index.php?rest_route=\/wp\/v2\/posts\/28659\/revisions"}],"predecessor-version":[{"id":28663,"href":"https:\/\/www.mpal.mp.br\/index.php?rest_route=\/wp\/v2\/posts\/28659\/revisions\/28663"}],"wp:featuredmedia":[{"embeddable":true,"href":"https:\/\/www.mpal.mp.br\/index.php?rest_route=\/wp\/v2\/media\/28660"}],"wp:attachment":[{"href":"https:\/\/www.mpal.mp.br\/index.php?rest_route=%2Fwp%2Fv2%2Fmedia&parent=28659"}],"wp:term":[{"taxonomy":"category","embeddable":true,"href":"https:\/\/www.mpal.mp.br\/index.php?rest_route=%2Fwp%2Fv2%2Fcategories&post=28659"},{"taxonomy":"post_tag","embeddable":true,"href":"https:\/\/www.mpal.mp.br\/index.php?rest_route=%2Fwp%2Fv2%2Ftags&post=28659"}],"curies":[{"name":"wp","href":"https:\/\/api.w.org\/{rel}","templated":true}]}}