{"id":28552,"date":"2023-07-13T09:47:23","date_gmt":"2023-07-13T12:47:23","guid":{"rendered":"https:\/\/www.mpal.mp.br\/?p=28552"},"modified":"2023-07-13T09:47:23","modified_gmt":"2023-07-13T12:47:23","slug":"ministerio-publico-emite-recomendacao-visando-promover-a-vacinacao-de-criancas-em-pilar","status":"publish","type":"post","link":"https:\/\/www.mpal.mp.br\/?p=28552","title":{"rendered":"Minist\u00e9rio P\u00fablico emite recomenda\u00e7\u00e3o visando promover a vacina\u00e7\u00e3o de crian\u00e7as em Pilar"},"content":{"rendered":"<p style=\"text-align: justify;\"><span style=\"font-size: 14pt;\">O Minist\u00e9rio P\u00fablico de Alagoas emitiu recomenda\u00e7\u00e3o ao Munic\u00edpio de Pilar nesta quinta-feira (13) com o objetivo de melhorar os \u00edndices de imuniza\u00e7\u00e3o da popula\u00e7\u00e3o, em especial das crian\u00e7as. Entre as medidas a serem adotadas, est\u00e1 a realiza\u00e7\u00e3o de um calend\u00e1rio de vacina\u00e7\u00e3o nas escolas, a ser articulado pela Secretaria Municipal da Educa\u00e7\u00e3o com o aux\u00edlio da Secretaria da Sa\u00fade de Pilar.<\/span><\/p>\n<p style=\"text-align: justify;\"><span style=\"font-size: 14pt;\">O documento solicita tamb\u00e9m a realiza\u00e7\u00e3o de chamamento p\u00fablico pela Secretaria Municipal da Educa\u00e7\u00e3o dos respons\u00e1veis pelos alunos da rede municipal de ensino para a assinatura de termo de consentimento para a vacina\u00e7\u00e3o de crian\u00e7as e adolescentes.<\/span><\/p>\n<p style=\"text-align: justify;\"><strong><span style=\"font-size: 14pt;\">Outras medidas<\/span><\/strong><\/p>\n<p style=\"text-align: justify;\"><span style=\"font-size: 14pt;\">O MP recomenda \u00e0 Secretaria da Assist\u00eancia Social que a atualiza\u00e7\u00e3o de vacinas pelas fam\u00edlias seja um requisito para o recadastramento de quem recebe benef\u00edcios sociais, Bolsa Viva Bem Pilar e CRIA, sob pena de suspens\u00e3o dos benef\u00edcios.<\/span><\/p>\n<p style=\"text-align: justify;\"><span style=\"font-size: 14pt;\">A recomenda\u00e7\u00e3o solicita ainda que a Assist\u00eancia Social do munic\u00edpio realize a convoca\u00e7\u00e3o das fam\u00edlias benefici\u00e1rias do Bolsa Fam\u00edlia que tenham crian\u00e7as e gestantes com vacinas em atraso, informa\u00e7\u00f5es a serem obtidas junto \u00e0 Secretaria da Sa\u00fade.<\/span><\/p>\n<p style=\"text-align: justify;\"><span style=\"font-size: 14pt;\">Os gestores municipais t\u00eam at\u00e9 10 dias para informar ao Minist\u00e9rio P\u00fablico sobre o acolhimento ou n\u00e3o dos termos recomendados, devendo fundamentar sua justificativa em caso de negativa.<\/span><\/p>\n<p><em><span style=\"font-size: 10pt; font-family: georgia, palatino, serif;\">Foto: Freepik<\/span><\/em><\/p>\n","protected":false},"excerpt":{"rendered":"<p> [&hellip;]<\/p>\n","protected":false},"author":6,"featured_media":28553,"comment_status":"open","ping_status":"open","sticky":false,"template":"","format":"standard","meta":{"om_disable_all_campaigns":false,"_monsterinsights_skip_tracking":false,"_monsterinsights_sitenote_active":false,"_monsterinsights_sitenote_note":"","_monsterinsights_sitenote_category":0,"_uf_show_specific_survey":0,"_uf_disable_surveys":false,"footnotes":""},"categories":[51,2,50],"tags":[],"class_list":["post-28552","post","type-post","status-publish","format-standard","has-post-thumbnail","hentry","category-not_educacao","category-not_mpal","category-not_saude"],"aioseo_notices":[],"_links":{"self":[{"href":"https:\/\/www.mpal.mp.br\/index.php?rest_route=\/wp\/v2\/posts\/28552","targetHints":{"allow":["GET"]}}],"collection":[{"href":"https:\/\/www.mpal.mp.br\/index.php?rest_route=\/wp\/v2\/posts"}],"about":[{"href":"https:\/\/www.mpal.mp.br\/index.php?rest_route=\/wp\/v2\/types\/post"}],"author":[{"embeddable":true,"href":"https:\/\/www.mpal.mp.br\/index.php?rest_route=\/wp\/v2\/users\/6"}],"replies":[{"embeddable":true,"href":"https:\/\/www.mpal.mp.br\/index.php?rest_route=%2Fwp%2Fv2%2Fcomments&post=28552"}],"version-history":[{"count":1,"href":"https:\/\/www.mpal.mp.br\/index.php?rest_route=\/wp\/v2\/posts\/28552\/revisions"}],"predecessor-version":[{"id":28554,"href":"https:\/\/www.mpal.mp.br\/index.php?rest_route=\/wp\/v2\/posts\/28552\/revisions\/28554"}],"wp:featuredmedia":[{"embeddable":true,"href":"https:\/\/www.mpal.mp.br\/index.php?rest_route=\/wp\/v2\/media\/28553"}],"wp:attachment":[{"href":"https:\/\/www.mpal.mp.br\/index.php?rest_route=%2Fwp%2Fv2%2Fmedia&parent=28552"}],"wp:term":[{"taxonomy":"category","embeddable":true,"href":"https:\/\/www.mpal.mp.br\/index.php?rest_route=%2Fwp%2Fv2%2Fcategories&post=28552"},{"taxonomy":"post_tag","embeddable":true,"href":"https:\/\/www.mpal.mp.br\/index.php?rest_route=%2Fwp%2Fv2%2Ftags&post=28552"}],"curies":[{"name":"wp","href":"https:\/\/api.w.org\/{rel}","templated":true}]}}