{"id":28194,"date":"2023-07-04T13:01:53","date_gmt":"2023-07-04T16:01:53","guid":{"rendered":"https:\/\/www.mpal.mp.br\/?p=28194"},"modified":"2023-07-06T10:45:28","modified_gmt":"2023-07-06T13:45:28","slug":"inscricoes-abertas-caderno-literario-do-mpal-recebe-trabalhos-artisticos-ate-15-de-agosto","status":"publish","type":"post","link":"https:\/\/www.mpal.mp.br\/?p=28194","title":{"rendered":"Inscri\u00e7\u00f5es abertas: Caderno Liter\u00e1rio do MPAL recebe trabalhos art\u00edsticos at\u00e9 15 de agosto"},"content":{"rendered":"<p style=\"text-align: justify;\">A Escola Superior do MP convida membros, servidores, estagi\u00e1rios e volunt\u00e1rios a participarem do I Caderno Liter\u00e1rio do Minist\u00e9rio P\u00fablico de Alagoas. Ser\u00e3o aceitos poemas, poesias, cr\u00f4nicas, contos, cordel e fotografias. Os interessados podem enviar seus trabalhos at\u00e9 o dia 15 de agosto. A iniciativa tem como objetivo fomentar o desenvolvimento cultural e a divulga\u00e7\u00e3o de obras art\u00edsticas e liter\u00e1rias.<\/p>\n<p style=\"text-align: justify;\">Podem ser enviadas, no m\u00e1ximo, tr\u00eas produ\u00e7\u00f5es por autor, sendo permitida coautoria de at\u00e9 duas pessoas. N\u00e3o ser\u00e3o aceitos textos ou fotografias que tragam preconceito ou discrimina\u00e7\u00e3o de qualquer tipo, que atentem contra a \u00e9tica, a ordem p\u00fablica, entre outros valores defendidos pelo Minist\u00e9rio P\u00fablico.<\/p>\n<p style=\"text-align: justify;\">Vale destacar que o autor n\u00e3o receber\u00e1 qualquer remunera\u00e7\u00e3o pela participa\u00e7\u00e3o no Caderno Liter\u00e1rio.<\/p>\n<p style=\"text-align: justify;\"><strong><span style=\"font-size: 14pt;\">Formato<\/span><\/strong><\/p>\n<p style=\"text-align: justify;\">Poemas, poesias e textos de cordel poder\u00e3o ter tamanho m\u00e1ximo de duas p\u00e1ginas. As cr\u00f4nicas poder\u00e3o ter at\u00e9 tr\u00eas p\u00e1ginas, e os contos, at\u00e9 cinco p\u00e1ginas. S\u00f3 ser\u00e3o aceitos textos em portugu\u00eas, que dever\u00e3o ser enviados em arquivos edit\u00e1veis (.odt ou .doc), fonte \u201cTimes New Roman\u201d, tamanho 12, p\u00e1gina A4, entre outras especifica\u00e7\u00f5es que constam no edital.<\/p>\n<p style=\"text-align: justify;\">Os interessados em participar com fotografias dever\u00e3o enviar imagens que retratem fatos do cotidiano de Alagoas, como, por exemplo, ambientes naturais, cenas urbanas e natureza-morta. As imagens dever\u00e3o ter a propor\u00e7\u00e3o (2.100 x 2.835) pixels (18 x 24 cm), resolu\u00e7\u00e3o m\u00ednima de 300 dpi, orienta\u00e7\u00e3o \u201c<strong>retrato<\/strong>\u201d e formato \u201c<strong>.jpeg<\/strong>\u201d.<\/p>\n<p style=\"text-align: justify;\"><span style=\"font-size: 14pt;\"><strong>Envio<\/strong><\/span><\/p>\n<p style=\"text-align: justify;\">Os textos ou imagens devem ser enviados para o e-mail da escola: \u201c<strong>esmp.secretaria@mpal.mp.br<\/strong>\u201d.<\/p>\n<p style=\"text-align: justify;\">No assunto, o autor deve inserir a mensagem \u201c<strong>Caderno Liter\u00e1rio do Minist\u00e9rio P\u00fablico de Alagoas \u2013 Inscri\u00e7\u00e3o<\/strong>\u201d.<\/p>\n<p style=\"text-align: justify;\">No corpo do e-mail, colocar as seguintes informa\u00e7\u00f5es:<br \/>\n&#8211; Nome completo do autor;<br \/>\n&#8211; Telefone para contato;<br \/>\n&#8211; Unidade de lota\u00e7\u00e3o;<br \/>\n&#8211; Especificar o formato do texto enviado (<em>se \u00e9 poesia, cordel, poema etc.<\/em>).<\/p>\n<p style=\"text-align: justify;\">Confira o edital completo: <strong><a href=\"https:\/\/www.mpal.mp.br\/wp-content\/uploads\/2023\/07\/Safari-1.pdf\" target=\"_blank\" rel=\"noopener\">Clique aqui<\/a><\/strong>.<\/p>\n","protected":false},"excerpt":{"rendered":"<p> [&hellip;]<\/p>\n","protected":false},"author":6,"featured_media":28307,"comment_status":"open","ping_status":"open","sticky":false,"template":"","format":"standard","meta":{"om_disable_all_campaigns":false,"_monsterinsights_skip_tracking":false,"_monsterinsights_sitenote_active":false,"_monsterinsights_sitenote_note":"","_monsterinsights_sitenote_category":0,"_uf_show_specific_survey":0,"_uf_disable_surveys":false,"footnotes":""},"categories":[2],"tags":[],"class_list":["post-28194","post","type-post","status-publish","format-standard","has-post-thumbnail","hentry","category-not_mpal"],"aioseo_notices":[],"_links":{"self":[{"href":"https:\/\/www.mpal.mp.br\/index.php?rest_route=\/wp\/v2\/posts\/28194","targetHints":{"allow":["GET"]}}],"collection":[{"href":"https:\/\/www.mpal.mp.br\/index.php?rest_route=\/wp\/v2\/posts"}],"about":[{"href":"https:\/\/www.mpal.mp.br\/index.php?rest_route=\/wp\/v2\/types\/post"}],"author":[{"embeddable":true,"href":"https:\/\/www.mpal.mp.br\/index.php?rest_route=\/wp\/v2\/users\/6"}],"replies":[{"embeddable":true,"href":"https:\/\/www.mpal.mp.br\/index.php?rest_route=%2Fwp%2Fv2%2Fcomments&post=28194"}],"version-history":[{"count":8,"href":"https:\/\/www.mpal.mp.br\/index.php?rest_route=\/wp\/v2\/posts\/28194\/revisions"}],"predecessor-version":[{"id":28312,"href":"https:\/\/www.mpal.mp.br\/index.php?rest_route=\/wp\/v2\/posts\/28194\/revisions\/28312"}],"wp:featuredmedia":[{"embeddable":true,"href":"https:\/\/www.mpal.mp.br\/index.php?rest_route=\/wp\/v2\/media\/28307"}],"wp:attachment":[{"href":"https:\/\/www.mpal.mp.br\/index.php?rest_route=%2Fwp%2Fv2%2Fmedia&parent=28194"}],"wp:term":[{"taxonomy":"category","embeddable":true,"href":"https:\/\/www.mpal.mp.br\/index.php?rest_route=%2Fwp%2Fv2%2Fcategories&post=28194"},{"taxonomy":"post_tag","embeddable":true,"href":"https:\/\/www.mpal.mp.br\/index.php?rest_route=%2Fwp%2Fv2%2Ftags&post=28194"}],"curies":[{"name":"wp","href":"https:\/\/api.w.org\/{rel}","templated":true}]}}