{"id":28043,"date":"2023-06-22T09:28:20","date_gmt":"2023-06-22T12:28:20","guid":{"rendered":"https:\/\/www.mpal.mp.br\/?p=28043"},"modified":"2023-07-06T11:02:55","modified_gmt":"2023-07-06T14:02:55","slug":"plid-al-uma-uniao-de-forcas-que-busca-resgatar-vidas-e-amenizar-o-sofrimento-das-familias","status":"publish","type":"post","link":"https:\/\/www.mpal.mp.br\/?p=28043","title":{"rendered":"PLID\/AL: uma uni\u00e3o de for\u00e7as que busca resgatar vidas e amenizar o sofrimento das fam\u00edlias"},"content":{"rendered":"<div class=\"fusion-fullwidth fullwidth-box fusion-builder-row-1 nonhundred-percent-fullwidth non-hundred-percent-height-scrolling\"  style='background-color: #ffffff;background-position: center center;background-repeat: no-repeat;padding-top:0px;padding-right:0px;padding-bottom:0px;padding-left:0px;'><div class=\"fusion-builder-row fusion-row \"><div  class=\"fusion-layout-column fusion_builder_column fusion_builder_column_1_1 fusion-builder-column-1 fusion-one-full fusion-column-first fusion-column-last 1_1\"  style='margin-top:0px;margin-bottom:0px;'>\n\t\t\t\t\t<div class=\"fusion-column-wrapper\" style=\"padding: 0px 0px 0px 0px;background-position:left top;background-repeat:no-repeat;-webkit-background-size:cover;-moz-background-size:cover;-o-background-size:cover;background-size:cover;\"   data-bg-url=\"\">\n\t\t\t\t\t\t<div class=\"fusion-text\"><p style=\"text-align: justify;\">Quem desconhece o trabalho n\u00e3o sabe da emo\u00e7\u00e3o ao devolver um ente querido \u00e0 fam\u00edlia, de sofrer e vibrar junto nessa miss\u00e3o de mover o mundo por um final feliz. A muitas m\u00e3os, o Programa de Localiza\u00e7\u00e3o e Identifica\u00e7\u00e3o de Desaparecidos (Plid), do Minist\u00e9rio P\u00fablico de Alagoas (MPAL), tem demonstrado compromisso, responsabilidade, muito empenho, e conquistado credibilidade por esse olhar diferenciado com o cidad\u00e3o alagoano. \u00c9 uma rede formada por \u00f3rg\u00e3os indispens\u00e1veis, seja na \u00e1rea da seguran\u00e7a estadual, unindo as pol\u00edcias Cient\u00edfica, Civil, Militar, o Corpo de Bombeiros, ou na esfera federal com as pol\u00edcias Federal e Rodovi\u00e1ria Federal, na Sa\u00fade com o Hospital Geral do Estado e unidades do interior, o Hospital Portugal Ramalho, conselhos tutelares, assistentes sociais de v\u00e1rias institui\u00e7\u00f5es contando com o apoio imprescind\u00edvel da sociedade civil.<\/p>\n<p style=\"text-align: justify;\">Jo\u00e3o, Victor, Euclides, Emily, Eronides, Alisson, Mikaela, Deyvisson, Isvaldo, Andr\u00e9 e tantas outras vidas j\u00e1 foram salvas. S\u00e3o idosos, crian\u00e7as, jovens e adultos cada um com os seus problemas e situa\u00e7\u00f5es adversas que desencadeiam o desaparecimento e requerem a\u00e7\u00e3o imediata e eficaz, na capital, no interior, advindas de outros estados. A coordenadora do PLID\/AL, promotora de Justi\u00e7a Marluce Falc\u00e3o, reafirma que nada seria poss\u00edvel sem as parcerias que somam for\u00e7as para que o prop\u00f3sito seja atingido.<\/p>\n<p style=\"text-align: justify;\">\u201cO Plid, para mim, \u00e9 uma miss\u00e3o divina, onde muitas pessoas d\u00e3o as m\u00e3os para resgatar outras e promover o reencontro com suas fam\u00edlias. \u00c9 uma corrente forte que tem como um dos pontos primordiais agir com celeridade para evitar que vidas sejam perdidas. Decerto, nem sempre temos um desfecho feliz, mesmo assim, ao menos encontramos e devolvemos o desaparecido aos seus parentes para que possam se despedir. Para o Plid n\u00e3o existe cor, ra\u00e7a, n\u00edvel social, existem apenas pessoas com a mesma import\u00e2ncia, independente do que as levou a desaparecer. S\u00f3 temos a agradecer o envolvimento dos \u00f3rg\u00e3os t\u00e3o fundamentais nesse processo, sem esquecer um suporte important\u00edssimo partindo do cidad\u00e3o que vendo nossos cards entra em contato e agimos imediatamente. Em 24 horas, por exemplo, tivemos dois casos onde contamos com esse aux\u00edlio\u201d, declara Marluce Falc\u00e3o.<\/p>\n<p style=\"text-align: justify;\"><span style=\"font-size: 14pt;\"><strong>Casos recentes<\/strong><\/span><\/p>\n<p style=\"text-align: justify;\">Na semana de 11 a 16 de junho de 2023, o PLID\/AL conseguiu solucionar v\u00e1rios casos, ao todo sete pessoas foram encontradas e se encontram bem e com seus familiares. Como exemplo, podemos citar o final feliz do senhor Francisco que , perdido, foi acolhido em uma casa da passagem e, gra\u00e7as a divulga\u00e7\u00e3o do card com sua foto, compartilhado nas redes sociais e nos grupos, retornou para a fam\u00edlia.<\/p>\n<p style=\"text-align: justify;\">Na quinta-feira, dois casos similares movimentaram a rede Plid\/AL com os desaparecimentos de Victor Corbett de Morais, 41 anos, e Jorge Miguel Cardoso Ferro Carvalho Falc\u00e3o Viana, de 16. Victor , que \u00e9 de Aracaju, saiu da casa dos pais em uma bicicleta, como se fosse dar uma volta e tomou destino ignorado. No dia seguinte o dono de uma pousada no munic\u00edpio de Coruripe fez uma liga\u00e7\u00e3o dizendo que o rapaz do card havia passado por l\u00e1, no entanto, ao perceber a movimenta\u00e7\u00e3o Victor fugiu novamente. Mais uma vez tomou destino ignorado. A fam\u00edlia ent\u00e3o fez o boletim de Ocorr\u00eancia e o Plid de Alagoas foi acionado, imediatamente entrou em a\u00e7\u00e3o com as pol\u00edcias de prontid\u00e3o tamb\u00e9m nas rodovias. Victor deixou a bicicleta noutra pousada e chegou a ligar do telefone de uma desconhecida para a m\u00e3e avisando que estaria voltando, mas, na verdade, era para despistar. O irm\u00e3o dele veio para Alagoas e descobriu que Victor tinha solicitado um t\u00e1xi que iria de Macei\u00f3 busc\u00e1-lo e com o Plid foi feito contato com o taxista para segur\u00e1-lo por l\u00e1, no entanto ele desconfiou a comunica\u00e7\u00e3o com uma mo\u00e7a da pousada, ignorou o primeiro t\u00e1xi, pegou a bicicleta e saiu. Iniciou-se uma nova busca para saber qual o outro carro teria levado Victor e para onde, at\u00e9 que foi descoberto que ele seguira para o munic\u00edpio de Barra de Santo Ant\u00f4nio. Ent\u00e3o Amanda, advogada e assessora do Plid, repassou as informa\u00e7\u00f5es e ele foi interceptado pela pol\u00edcia e levado de volta para casa.<\/p>\n<p style=\"text-align: justify;\">Depoimentos como o da m\u00e3e de Victor Cobert motivam a rede PLID a continuar a luta, a esperan\u00e7ar fam\u00edlias.<\/p>\n<p style=\"text-align: justify;\">\u201cSe n\u00e3o tiv\u00e9ssemos tido todo esse apoio incondicional e a efic\u00e1cia do Minist\u00e9rio P\u00fablico , o acolhimento da Amanda e de todos os profissionais que integram o Plid, em um dia perder\u00edamos o Victor, porque teria muito tempo para seguir em frente com o dinheiro , cerca de 10 mil, e se n\u00e3o fosse roubado poderia ocorrer uma situa\u00e7\u00e3o mais grave. Ent\u00e3o, conseguimos, gra\u00e7as a todas essas a\u00e7\u00f5es conjuntas, ao amor da Amanda para nos acompanhar, ao bom Deus, estamos com nosso filho que foi encaminhado a um internamento onde deva passar dez dias. Agrade\u00e7o enormemente a todos dessa linda equipe\u201d.<\/p>\n<p style=\"text-align: justify;\">Final feliz tamb\u00e9m para a fam\u00edlia de Jorge Guilherme , cuja hist\u00f3ria e desfecho aconteceu com uma participa\u00e7\u00e3o superimportante de um cidad\u00e3o comum, aquela pessoa de cora\u00e7\u00e3o bom e que Deus usou como instrumento para o Plid\/AL. O adolescente, de 16 anos, saiu da sua resid\u00eancia em Palmeira dos \u00cdndios, no meio da madrugada da quinta-feira (15). Por ser de menoridade, o Plid\/Al aguardou a autoriza\u00e7\u00e3o da fam\u00edlia para confeccionar e compartilhar o card com sua foto. As buscas foram intensificadas, as pol\u00edcias Civil, Militar e Rodovi\u00e1ria Federal mais uma vez atuaram estrategicamente. E, por meio do card, ele foi identificado dentro de um van. Um homem ent\u00e3o entrou em contato com o Plid\/AL e foi pedido uma foto, tirada com cuidado para que Guilherme n\u00e3o desconfiasse. Comprovado que era ele foi pedido que , gentilmente, fotografasse tamb\u00e9m a placa da van para que a pol\u00edcia pudesse seguir e interceptar na hora correta, tudo com o zelo para evitar que o jovem fugisse. Assim, por volta das 16h da sexta-feira (16), Jo\u00e3o Guilherme foi encontrado e devolvido aos familiares.<\/p>\n<p style=\"text-align: justify;\">O Plid tamb\u00e9m tem momentos de perdas, pois infelizmente h\u00e1 situa\u00e7\u00f5es que s\u00e3o bem mais desafiadoras e fogem ao seu controle encontrar com vida, embora as buscas , todas elas sejam incessantes e com a mesma doa\u00e7\u00e3o. Mas, o Plid tamb\u00e9m cumpre um papel fundamental, mesmo nessas situa\u00e7\u00f5es dif\u00edceis e tristes, pois consegue entregar \u00e0 fam\u00edlia os seus entes para que possam se despedir e sepultar.<\/p>\n<p style=\"text-align: justify;\">Uma dessas hist\u00f3rias foi a do turista paulista, Paulo S\u00e9rgio Batista da Silva, que morreu afogado. A fam\u00edlia fez contato tamb\u00e9m com o Plid, informando que ele teria sido visto pela \u00faltima vez no Hotel Coqueiros Express. As buscas come\u00e7aram, com envolvimento das pol\u00edcias, e o corpo foi encontrado na zona rural de Passo do Camaragibe, Litoral Sul. Encaminhado ao IML foi identificado por meio da papiloscopia. Comunicada pelo Plid, informando sobre a trag\u00e9dia, o filho veio \u00e0 Macei\u00f3 para adotar as provid\u00eancias. Por conta do custo alto para o traslado, decidiram fazer o sepultamento de Paulo S\u00e9rgio na capital alagoana.<\/p>\n<p style=\"text-align: justify;\">\u201cObviamente nossas a\u00e7\u00f5es, o envolvimento de todas as institui\u00e7\u00f5es que integram o Plid \u00e9 para encontrar as pessoas com vida, mas nos conforta saber que, tamb\u00e9m, as fam\u00edlias, apesar de a imensa dor com a perda, sentem-se igualmente confortadas porque viram os parentes, eles foram encontrados, apesar de a expectativa, desde o in\u00edcio, ser outra. \u00c9 um trabalho delicado, bonito, que mexe com nosso emocional o tempo todo. \u00c9 preciso que estejamos preparados para as respostas e firmes para continuar\u201d, conclui Marluce Falc\u00e3o.<\/p>\n<p style=\"text-align: justify;\"><span style=\"font-size: 14pt;\"><strong>Dados<\/strong><\/span><\/p>\n<p style=\"text-align: justify;\">Em Alagoas , no sistema Sinalid\/Plid, de 2.308 casos, existem 1880casos em investiga\u00e7\u00e3o e 428 j\u00e1 foram elucidados. Pelas estat\u00edsticas, em n\u00famero de desaparecidos 64.05% s\u00e3o homens, outros 33,26% s\u00e3o mulheres, e 2,69% crian\u00e7as.<\/p>\n<p style=\"text-align: justify;\">Por idade, temos um percentual de 31,55% t\u00eam entre 12 e 17 anos; 16,67% t\u00eam entre 18 e 24 anos; 9,40% ficam entre 25 e 30 anos; 17,02% entre 31 e 40; 9,88% entre 41 e 50; 6,67% mais de 60; e 2,62 de 0 a 111 anos.<\/p>\n<p style=\"text-align: justify;\"><span style=\"font-size: 14pt;\"><strong>Causas<\/strong><\/span><\/p>\n<p style=\"text-align: justify;\">O Plid elenca , caso a caso, o que teria motivado a fuga. \u00c9 dessa forma que se aciona, al\u00e9m das pol\u00edcias, as institui\u00e7\u00f5es ou \u00f3rg\u00e3os que tenham maior familiariza\u00e7\u00e3o com o problema. Pela estat\u00edstica, em Alagoas 37.61% dos desaparecimentos foram sem motivo aparente; 18,36% por conflito intrafamiliar; 12,70% por problemas psiqui\u00e1tricos; 9,80% por perda de contato volunt\u00e1rio; 6,83% por depend\u00eancia qu\u00edmica; 6.21% s\u00e3o poss\u00edveis v\u00edtimas de homic\u00eddio; .07% poss\u00edveis v\u00edtimas de sequestro; 1,24% por envolvimento com o tr\u00e1fico de drogas; 1,04% institucionaliza\u00e7\u00e3o-paradeiro desconhecido; 0,62% por abandono; 0,41% por pris\u00e3o\/apreens\u00e3o; 0,14% poss\u00edvel v\u00edtima de acidente; 0,07% por subtra\u00e7\u00e3o para explora\u00e7\u00e3o sexual; 0,07% possivelmente por \u00f3bito n\u00e3o comunicado (exceto homic\u00eddio0; 0.07% poss\u00edvel v\u00edtima de feminic\u00eddio; e outros 0,07% s\u00e3o poss\u00edveis v\u00edtimas de afogamento.<\/p>\n<\/div><style type=\"text\/css\">.fusion-gallery-1 .fusion-gallery-image {border:0px solid #f6f6f6;-webkit-border-radius:5px;-moz-border-radius:5px;border-radius:5px;}<\/style><div class=\"fusion-gallery fusion-gallery-container fusion-grid-3 fusion-columns-total-0 fusion-gallery-layout-grid fusion-gallery-1\" style=\"margin:-5px;\"><div style=\"padding:5px;\" class=\"fusion-grid-column fusion-gallery-column fusion-gallery-column-3 hover-type-none\"><div class=\"fusion-gallery-image\"><a href=\"https:\/\/www.mpal.mp.br\/wp-content\/uploads\/2023\/06\/encontrado4.jpg\" rel=\"noreferrer\" data-rel=\"iLightbox[gallery_image_1]\" class=\"fusion-lightbox\" target=\"_self\"><img loading=\"lazy\" decoding=\"async\" src=\"https:\/\/www.mpal.mp.br\/wp-content\/uploads\/2023\/06\/encontrado4.jpg\" width=\"1032\" height=\"774\" alt=\"\" title=\"encontrado4\" aria-label=\"encontrado4\" class=\"img-responsive wp-image-28047\" \/><\/a><\/div><\/div><\/div><div class=\"fusion-clearfix\"><\/div>\n\n\t\t\t\t\t<\/div>\n\t\t\t\t<\/div><\/div><\/div>\n","protected":false},"excerpt":{"rendered":"","protected":false},"author":8,"featured_media":28324,"comment_status":"open","ping_status":"open","sticky":false,"template":"","format":"standard","meta":{"om_disable_all_campaigns":false,"_monsterinsights_skip_tracking":false,"_monsterinsights_sitenote_active":false,"_monsterinsights_sitenote_note":"","_monsterinsights_sitenote_category":0,"_uf_show_specific_survey":0,"_uf_disable_surveys":false,"footnotes":""},"categories":[2,20],"tags":[],"class_list":["post-28043","post","type-post","status-publish","format-standard","has-post-thumbnail","hentry","category-not_mpal","category-not_sinalid"],"aioseo_notices":[],"_links":{"self":[{"href":"https:\/\/www.mpal.mp.br\/index.php?rest_route=\/wp\/v2\/posts\/28043","targetHints":{"allow":["GET"]}}],"collection":[{"href":"https:\/\/www.mpal.mp.br\/index.php?rest_route=\/wp\/v2\/posts"}],"about":[{"href":"https:\/\/www.mpal.mp.br\/index.php?rest_route=\/wp\/v2\/types\/post"}],"author":[{"embeddable":true,"href":"https:\/\/www.mpal.mp.br\/index.php?rest_route=\/wp\/v2\/users\/8"}],"replies":[{"embeddable":true,"href":"https:\/\/www.mpal.mp.br\/index.php?rest_route=%2Fwp%2Fv2%2Fcomments&post=28043"}],"version-history":[{"count":2,"href":"https:\/\/www.mpal.mp.br\/index.php?rest_route=\/wp\/v2\/posts\/28043\/revisions"}],"predecessor-version":[{"id":28323,"href":"https:\/\/www.mpal.mp.br\/index.php?rest_route=\/wp\/v2\/posts\/28043\/revisions\/28323"}],"wp:featuredmedia":[{"embeddable":true,"href":"https:\/\/www.mpal.mp.br\/index.php?rest_route=\/wp\/v2\/media\/28324"}],"wp:attachment":[{"href":"https:\/\/www.mpal.mp.br\/index.php?rest_route=%2Fwp%2Fv2%2Fmedia&parent=28043"}],"wp:term":[{"taxonomy":"category","embeddable":true,"href":"https:\/\/www.mpal.mp.br\/index.php?rest_route=%2Fwp%2Fv2%2Fcategories&post=28043"},{"taxonomy":"post_tag","embeddable":true,"href":"https:\/\/www.mpal.mp.br\/index.php?rest_route=%2Fwp%2Fv2%2Ftags&post=28043"}],"curies":[{"name":"wp","href":"https:\/\/api.w.org\/{rel}","templated":true}]}}