{"id":27613,"date":"2023-06-13T09:01:20","date_gmt":"2023-06-13T12:01:20","guid":{"rendered":"https:\/\/www.mpal.mp.br\/?p=27613"},"modified":"2023-06-15T10:08:51","modified_gmt":"2023-06-15T13:08:51","slug":"saude-mpal-reunira-governo-e-representantes-das-redes-filantropica-e-privada-para-solucionar-falta-de-repasse","status":"publish","type":"post","link":"https:\/\/www.mpal.mp.br\/?p=27613","title":{"rendered":"Sa\u00fade: MPAL reunir\u00e1 Governo e representantes das redes filantr\u00f3pica e privada para solucionar falta de repasse"},"content":{"rendered":"<p style=\"text-align: justify;\"><span style=\"font-size: 14pt;\">Para evitar uma poss\u00edvel paralisa\u00e7\u00e3o e preju\u00edzos ao cidad\u00e3o alagoano que precisa de atendimento nas unidades hospitalares das redes filantr\u00f3pica e privada, em Macei\u00f3, contratualizadas pelo Sistema \u00danico de Sa\u00fade (SUS), o Minist\u00e9rio P\u00fablico Estadual (MPAL), por meio dos promotores de Justi\u00e7a com atribui\u00e7\u00f5es voltadas \u00e0 curadoria de funda\u00e7\u00f5es, defesa da sa\u00fade p\u00fablica e probidade administrativa, mediar\u00e1 reuni\u00e3o com representantes do Governo do Estado e do Sindicato dos Estabelecimentos de Servi\u00e7os de Sa\u00fade do Estado de Alagoas (Sindhospital) na tentativa de, em car\u00e1ter emergencial, discutir estrat\u00e9gias e elencar possibilidades para solucionar problema referente ao atraso no repasse de recursos devidos.<\/span><\/p>\n<p style=\"text-align: justify;\"><span style=\"font-size: 14pt;\">Os membros ministeriais afirmam acompanhar, com preocupa\u00e7\u00e3o, a situa\u00e7\u00e3o da sa\u00fade complementar e que est\u00e3o empenhados no sentido de delimitar o problema e identificar poss\u00edveis solu\u00e7\u00f5es.<\/span><\/p>\n<p style=\"text-align: justify;\"><span style=\"font-size: 14pt;\">\u201c\u00c9 preocupante e urgente a resolu\u00e7\u00e3o desse impasse para a regularidade e continuidade nos atendimentos. Assegurar o acesso aos servi\u00e7os de sa\u00fade e aos cuidados integrais \u00e9 garantir o direito \u00e0 sa\u00fade e \u00e0 vida \u201d, entendem os promotores de Justi\u00e7a.<\/span><\/p>\n<p style=\"text-align: justify;\"><span style=\"font-size: 14pt;\">O Sindhospital assegura que o atraso nos pagamentos comprometer\u00e1 os atendimentos pelo Sistema \u00danico de Sa\u00fade cujo percentual \u00e9 bem maior do que na rede p\u00fablica e , sem sombra de d\u00favidas, trar\u00e1 desconforto e p\u00e2nico \u00e0 popula\u00e7\u00e3o.<\/span><\/p>\n<p style=\"text-align: justify;\"><span style=\"font-size: 14pt;\">O Minist\u00e9rio P\u00fablico, por seus \u00f3rg\u00e3os de execu\u00e7\u00e3o, em conjunto e com o apoio da administra\u00e7\u00e3o superior, buscar\u00e1 ouvir todos os atores envolvidos, objetivando sensibilizar os gestores p\u00fablicos e entidades de sa\u00fade, tentando mediar, com a devida urg\u00eancia, a solu\u00e7\u00e3o que o caso requer.<\/span><\/p>\n","protected":false},"excerpt":{"rendered":"<p> [&hellip;]<\/p>\n","protected":false},"author":8,"featured_media":21709,"comment_status":"open","ping_status":"open","sticky":false,"template":"","format":"standard","meta":{"om_disable_all_campaigns":false,"_monsterinsights_skip_tracking":false,"_monsterinsights_sitenote_active":false,"_monsterinsights_sitenote_note":"","_monsterinsights_sitenote_category":0,"_uf_show_specific_survey":0,"_uf_disable_surveys":false,"footnotes":""},"categories":[2,50],"tags":[],"class_list":["post-27613","post","type-post","status-publish","format-standard","has-post-thumbnail","hentry","category-not_mpal","category-not_saude"],"aioseo_notices":[],"_links":{"self":[{"href":"https:\/\/www.mpal.mp.br\/index.php?rest_route=\/wp\/v2\/posts\/27613","targetHints":{"allow":["GET"]}}],"collection":[{"href":"https:\/\/www.mpal.mp.br\/index.php?rest_route=\/wp\/v2\/posts"}],"about":[{"href":"https:\/\/www.mpal.mp.br\/index.php?rest_route=\/wp\/v2\/types\/post"}],"author":[{"embeddable":true,"href":"https:\/\/www.mpal.mp.br\/index.php?rest_route=\/wp\/v2\/users\/8"}],"replies":[{"embeddable":true,"href":"https:\/\/www.mpal.mp.br\/index.php?rest_route=%2Fwp%2Fv2%2Fcomments&post=27613"}],"version-history":[{"count":3,"href":"https:\/\/www.mpal.mp.br\/index.php?rest_route=\/wp\/v2\/posts\/27613\/revisions"}],"predecessor-version":[{"id":27715,"href":"https:\/\/www.mpal.mp.br\/index.php?rest_route=\/wp\/v2\/posts\/27613\/revisions\/27715"}],"wp:featuredmedia":[{"embeddable":true,"href":"https:\/\/www.mpal.mp.br\/index.php?rest_route=\/wp\/v2\/media\/21709"}],"wp:attachment":[{"href":"https:\/\/www.mpal.mp.br\/index.php?rest_route=%2Fwp%2Fv2%2Fmedia&parent=27613"}],"wp:term":[{"taxonomy":"category","embeddable":true,"href":"https:\/\/www.mpal.mp.br\/index.php?rest_route=%2Fwp%2Fv2%2Fcategories&post=27613"},{"taxonomy":"post_tag","embeddable":true,"href":"https:\/\/www.mpal.mp.br\/index.php?rest_route=%2Fwp%2Fv2%2Ftags&post=27613"}],"curies":[{"name":"wp","href":"https:\/\/api.w.org\/{rel}","templated":true}]}}