{"id":27465,"date":"2023-06-07T11:36:06","date_gmt":"2023-06-07T14:36:06","guid":{"rendered":"https:\/\/www.mpal.mp.br\/?p=27465"},"modified":"2023-06-15T11:28:44","modified_gmt":"2023-06-15T14:28:44","slug":"urgencia-ministerio-publico-pede-cumprimento-de-sentenca-em-relacao-as-unidades-de-saude-do-municipio-de-maceio","status":"publish","type":"post","link":"https:\/\/www.mpal.mp.br\/?p=27465","title":{"rendered":"URG\u00caNCIA: Minist\u00e9rio P\u00fablico pede cumprimento de senten\u00e7a em rela\u00e7\u00e3o \u00e0s unidades de Sa\u00fade do Munic\u00edpio de Macei\u00f3"},"content":{"rendered":"<div class=\"fusion-fullwidth fullwidth-box fusion-builder-row-1 nonhundred-percent-fullwidth non-hundred-percent-height-scrolling\"  style='background-color: #ffffff;background-position: center center;background-repeat: no-repeat;padding-top:0px;padding-right:0px;padding-bottom:0px;padding-left:0px;'><div class=\"fusion-builder-row fusion-row \"><div  class=\"fusion-layout-column fusion_builder_column fusion_builder_column_1_1 fusion-builder-column-1 fusion-one-full fusion-column-first fusion-column-last 1_1\"  style='margin-top:0px;margin-bottom:0px;'>\n\t\t\t\t\t<div class=\"fusion-column-wrapper\" style=\"padding: 0px 0px 0px 0px;background-position:left top;background-repeat:no-repeat;-webkit-background-size:cover;-moz-background-size:cover;-o-background-size:cover;background-size:cover;\"   data-bg-url=\"\">\n\t\t\t\t\t\t<div class=\"fusion-text\"><p style=\"text-align: justify;\"><span style=\"font-size: 14pt;\">O artigo 196, da Constitui\u00e7\u00e3o Brasileira \u00e9 claro e responsabiliza o poder p\u00fablico pela garantia do direito \u00e0 sa\u00fade com qualidade, ofertando o essencial para reduzir riscos e doen\u00e7as e outros agravos, mas tamb\u00e9m ofertando espa\u00e7os salubres e dignos da presta\u00e7\u00e3o dos servi\u00e7os. Mediante as incont\u00e1veis car\u00eancias registradas em unidades da Sa\u00fade municipal de Macei\u00f3, o Minist\u00e9rio P\u00fablico de Alagoas (MPAL), por meio da 67\u00aa Promotoria de Justi\u00e7a (da Sa\u00fade), pede cumprimento de senten\u00e7as proferidas nas a\u00e7\u00f5es civis p\u00fablicas anteriormente ajuizadas, j\u00e1 com tr\u00e2nsito em julgado.. A solicita\u00e7\u00e3o \u00e9 refor\u00e7ada com fixa\u00e7\u00e3o de multa por eventual descumprimento e, acaso necess\u00e1rio, bloqueio de verbas. Todas as iniciativas visam a adequa\u00e7\u00e3o estrutural das unidades, cujas situa\u00e7\u00f5es foram elencadas em relat\u00f3rios de inspe\u00e7\u00e3o \u00e0s unidades b\u00e1sicas, solicitados ao Conselho Municipal de Sa\u00fade de Macei\u00f3.<\/span><\/p>\n<p style=\"text-align: justify;\"><span style=\"font-size: 14pt;\">As m\u00e1s condi\u00e7\u00f5es constatadas nas visita\u00e7\u00f5es, refletem descaso com os profissionais da sa\u00fade e tamb\u00e9m com as pessoas que dependem do Sistema \u00danico de Sa\u00fade (SUS) para receberem atendimento m\u00e9dico\/odontol\u00f3gico.<\/span><\/p>\n<p style=\"text-align: justify;\"><span style=\"font-size: 14pt;\">\u201cOs problemas s\u00e3o similares, v\u00e3o da estrutura f\u00edsica aos mais graves como a falta de dentistas ou a presta\u00e7\u00e3o defasada desse tipo de servi\u00e7o, falta de medicamentos, de espa\u00e7o adequado para armazenamento e isso \u00e9 algo que j\u00e1 vem sendo conversado , alertado, j\u00e1 existem procedimentos antigos, mas os reparos n\u00e3o foram feitos, as solicita\u00e7\u00f5es n\u00e3o foram atendidas e nosso mister \u00e9 zelar pelos direitos do cidad\u00e3o, ent\u00e3o adotamos as provid\u00eancias ajuizando as a\u00e7\u00f5es civis p\u00fablicas j\u00e1 evidenciando que o descumprimento pode levar at\u00e9 ao bloqueio de contas\u201d, esclarece o promotor de Justi\u00e7a Luciano Romero.<\/span><\/p>\n<p style=\"text-align: justify;\"><span style=\"font-size: 14pt;\">Se o cidad\u00e3o maceioense procurar a Unidade B\u00e1sica de Sa\u00fade Hamilton Falc\u00e3o pode se surpreender com o desrespeito, come\u00e7ando pela falta de medicamentos, um atendimento odontol\u00f3gico prec\u00e1rio, realizado apenas uma vez por semana, totalmente insuficiente para atender a demanda , al\u00e9m de paredes mofadas, falta de estrutura de apoio para as pias, estofados rasgados, ferrugem nas mesas e cadeiras e arm\u00e1rios, entre outros problemas.<\/span><\/p>\n<p style=\"text-align: justify;\"><span style=\"font-size: 14pt;\">Na Unidade de Sa\u00fade Frei Dami\u00e3o, al\u00e9m de problemas similares, acrescente-se infiltra\u00e7\u00f5es e rachaduras, exist\u00eancia de ratos, escorpi\u00f5es e insetos. E para tornar mais grave a situa\u00e7\u00e3o, a car\u00eancia de recurso humano inicia com a falta de assistentes administrativos e de profissionais de sa\u00fade, entre eles psic\u00f3logos.<\/span><\/p>\n<p style=\"text-align: justify;\"><span style=\"font-size: 14pt;\">J\u00e1 a Unidade Sa\u00fade S\u00e3o Vicente de Paula, al\u00e9m dos mesmos problemas da Hamilton Falc\u00e3o, apresenta dificuldade nos agendamentos de consultas pelo sistema PRONTO e falta de utens\u00edlios essenciais para a garantia de uma boa assist\u00eancia.<\/span><\/p>\n<p style=\"text-align: justify;\"><span style=\"font-size: 14pt;\">A situa\u00e7\u00e3o \u00e9 bastante cr\u00edtica, tamb\u00e9m , na Unidade de Sa\u00fade Vale do Reginaldo, Segundo relat\u00f3rio enviado ao Minist\u00e9rio P\u00fablico pela equipe t\u00e9cnica, h\u00e1 alta de medicamentos e Equipamentos de Prote\u00e7\u00e3o Individual (EPI\u2019s); falta de m\u00e9dico cardiologista, falta de cadernetas para gestantes, n\u00famero insuficiente de servidores, falta de espa\u00e7o para armazenar medicamentos, dificuldade nos agendamentos de consultas pelo sistema PRONTO , falta de acessibilidade, e muitos outros como parede com risco de desabamento, piso escorregadio e desgastado, falta de estrutura de apoio para as pias, agregando a queda de energia constante, *lixeiras sem tampa, falta de mob\u00edlia adequada, falta de utens\u00edlios essenciais.<\/span><\/p>\n<p style=\"text-align: justify;\"><span style=\"font-size: 14pt;\">\u201c\u00c9 percept\u00edvel que s\u00e3o graves os problemas nas quatro unidades e inevit\u00e1vel a ado\u00e7\u00e3o de medidas para que, em car\u00e1ter de urg\u00eancia, a Sa\u00fade Municipal se molde ao preconiza a nossa constitui\u00e7\u00e3o sobre esse direito fundamental. N\u00e3o h\u00e1 como se pensar sa\u00fade, sem que ofertadas as condi\u00e7\u00f5es m\u00ednimas para sua promo\u00e7\u00e3o. Esperamos que nossas solicita\u00e7\u00f5es sejam atendidas, pois, com respaldo, diante de tais circunst\u00e2ncias, esta Promotoria de Justi\u00e7a requereu o cumprimento das senten\u00e7as, com o escopo de que a decis\u00e3o prolatada na respectiva A\u00e7\u00e3o Civil P\u00fablica fosse cumprida de maneira integral&#8221;, conclui o promotor Luciano Romero.<\/span><\/p>\n<\/div><div class=\"fusion-clearfix\"><\/div>\n\n\t\t\t\t\t<\/div>\n\t\t\t\t<\/div><\/div><\/div>\n","protected":false},"excerpt":{"rendered":"","protected":false},"author":8,"featured_media":21709,"comment_status":"open","ping_status":"open","sticky":false,"template":"","format":"standard","meta":{"om_disable_all_campaigns":false,"_monsterinsights_skip_tracking":false,"_monsterinsights_sitenote_active":false,"_monsterinsights_sitenote_note":"","_monsterinsights_sitenote_category":0,"_uf_show_specific_survey":0,"_uf_disable_surveys":false,"footnotes":""},"categories":[2,50],"tags":[],"class_list":["post-27465","post","type-post","status-publish","format-standard","has-post-thumbnail","hentry","category-not_mpal","category-not_saude"],"aioseo_notices":[],"_links":{"self":[{"href":"https:\/\/www.mpal.mp.br\/index.php?rest_route=\/wp\/v2\/posts\/27465","targetHints":{"allow":["GET"]}}],"collection":[{"href":"https:\/\/www.mpal.mp.br\/index.php?rest_route=\/wp\/v2\/posts"}],"about":[{"href":"https:\/\/www.mpal.mp.br\/index.php?rest_route=\/wp\/v2\/types\/post"}],"author":[{"embeddable":true,"href":"https:\/\/www.mpal.mp.br\/index.php?rest_route=\/wp\/v2\/users\/8"}],"replies":[{"embeddable":true,"href":"https:\/\/www.mpal.mp.br\/index.php?rest_route=%2Fwp%2Fv2%2Fcomments&post=27465"}],"version-history":[{"count":3,"href":"https:\/\/www.mpal.mp.br\/index.php?rest_route=\/wp\/v2\/posts\/27465\/revisions"}],"predecessor-version":[{"id":27862,"href":"https:\/\/www.mpal.mp.br\/index.php?rest_route=\/wp\/v2\/posts\/27465\/revisions\/27862"}],"wp:featuredmedia":[{"embeddable":true,"href":"https:\/\/www.mpal.mp.br\/index.php?rest_route=\/wp\/v2\/media\/21709"}],"wp:attachment":[{"href":"https:\/\/www.mpal.mp.br\/index.php?rest_route=%2Fwp%2Fv2%2Fmedia&parent=27465"}],"wp:term":[{"taxonomy":"category","embeddable":true,"href":"https:\/\/www.mpal.mp.br\/index.php?rest_route=%2Fwp%2Fv2%2Fcategories&post=27465"},{"taxonomy":"post_tag","embeddable":true,"href":"https:\/\/www.mpal.mp.br\/index.php?rest_route=%2Fwp%2Fv2%2Ftags&post=27465"}],"curies":[{"name":"wp","href":"https:\/\/api.w.org\/{rel}","templated":true}]}}