{"id":27450,"date":"2023-06-08T11:53:50","date_gmt":"2023-06-08T14:53:50","guid":{"rendered":"https:\/\/www.mpal.mp.br\/?p=27450"},"modified":"2023-06-15T10:09:03","modified_gmt":"2023-06-15T13:09:03","slug":"ministerio-publico-de-alagoas-participa-da-conferencia-estadual-de-saude","status":"publish","type":"post","link":"https:\/\/www.mpal.mp.br\/?p=27450","title":{"rendered":"Minist\u00e9rio P\u00fablico de Alagoas participa da Confer\u00eancia Estadual de Sa\u00fade"},"content":{"rendered":"<p style=\"text-align: justify;\"><span style=\"font-size: 14pt; font-family: georgia, palatino, serif;\"><div class=\"fusion-fullwidth fullwidth-box fusion-builder-row-1 nonhundred-percent-fullwidth non-hundred-percent-height-scrolling\"  style='background-color: #ffffff;background-position: center center;background-repeat: no-repeat;padding-top:0px;padding-right:0px;padding-bottom:0px;padding-left:0px;'><div class=\"fusion-builder-row fusion-row \"><div  class=\"fusion-layout-column fusion_builder_column fusion_builder_column_1_1 fusion-builder-column-1 fusion-one-full fusion-column-first fusion-column-last 1_1\"  style='margin-top:0px;margin-bottom:0px;'>\n\t\t\t\t\t<div class=\"fusion-column-wrapper\" style=\"padding: 0px 0px 0px 0px;background-position:left top;background-repeat:no-repeat;-webkit-background-size:cover;-moz-background-size:cover;-o-background-size:cover;background-size:cover;\"   data-bg-url=\"\">\n\t\t\t\t\t\t<div class=\"fusion-text\"><p><\/span><\/p>\n<p style=\"text-align: justify;\"><span style=\"font-size: 14pt; font-family: georgia, palatino, serif;\">O Minist\u00e9rio P\u00fablico de Alagoas participou da 10\u00aa Confer\u00eancia Estadual de Sa\u00fade para tratar sobre a defesa do Sistema \u00danico de Sa\u00fade (SUS). O encontro, realizado entre o dia 5 e 7 de junho, teve como objetivo pensar pol\u00edticas p\u00fablicas na \u00e1rea da sa\u00fade por meio da articula\u00e7\u00e3o entre poder p\u00fablico, setor privado, sociedade civil organizada e usu\u00e1rios SUS.<\/span><\/p>\n<p style=\"text-align: justify;\"><span style=\"font-size: 14pt; font-family: georgia, palatino, serif;\">A promotora de Justi\u00e7a Micheline Ten\u00f3rio, que \u00e9 coordenadora do N\u00facleo de Sa\u00fade P\u00fablica do MP, realizou exposi\u00e7\u00e3o na ter\u00e7a-feira (6) sobre o acesso ao Servi\u00e7o \u00danico de Sa\u00fade (SUS). No encontro, a promotora conversou com os conselheiros que ir\u00e3o representar Alagoas na Confer\u00eancia Nacional de Sa\u00fade, destacando o papel que eles t\u00eam na proposi\u00e7\u00e3o de pol\u00edticas p\u00fablicas para a sa\u00fade que estejam alinhadas \u00e0s demandas da popula\u00e7\u00e3o alagoana.<\/span><\/p>\n<p style=\"text-align: justify;\"><span style=\"font-size: 14pt; font-family: georgia, palatino, serif;\">\u201cEu procurei propor reflex\u00f5es sobre temas relacionados ao SUS e instar os delegados a elaborarem uma melhor a compreens\u00e3o do papel deles na garantia dos direitos da popula\u00e7\u00e3o de acesso \u00e0 sa\u00fade. Falamos sobre a origem do SUS, pois, para defender, \u00e9 preciso conhecer. Falamos tamb\u00e9m sobre o acesso ao SUS em tempo oportuno, de forma integral e regionalizada. Defender o SUS \u00e9 defender a democracia\u201d, pontuou a promotora Micheline.<\/span><\/p>\n<p style=\"text-align: justify;\"><span style=\"font-size: 14pt; font-family: georgia, palatino, serif;\"><strong>Participa\u00e7\u00e3o social<\/strong><\/span><\/p>\n<p style=\"text-align: justify;\"><span style=\"font-size: 14pt; font-family: georgia, palatino, serif;\">As confer\u00eancias de sa\u00fade visam garantir a participa\u00e7\u00e3o de todos na constru\u00e7\u00e3o de pol\u00edticas p\u00fablicas em sa\u00fade. De acordo com a <strong><span style=\"color: #0000ff;\"><a style=\"color: #0000ff;\" href=\"https:\/\/www.planalto.gov.br\/ccivil_03\/leis\/l8142.htm\">Lei 8.142<\/a><\/span><\/strong>, de 1990, as confer\u00eancias devem reunir diversos segmentos da sociedade, de quatro em quatro anos, para avaliar a situa\u00e7\u00e3o da sa\u00fade e propor diretrizes para a formula\u00e7\u00e3o da pol\u00edtica de sa\u00fade.<\/span><\/p>\n<p style=\"text-align: justify;\"><span style=\"font-size: 14pt; font-family: georgia, palatino, serif;\"><\/p>\n<\/div><style type=\"text\/css\">.fusion-gallery-1 .fusion-gallery-image {border:0px solid #f6f6f6;-webkit-border-radius:5px;-moz-border-radius:5px;border-radius:5px;}<\/style><div class=\"fusion-gallery fusion-gallery-container fusion-grid-3 fusion-columns-total-0 fusion-gallery-layout-grid fusion-gallery-1\" style=\"margin:-5px;\"><div style=\"padding:5px;\" class=\"fusion-grid-column fusion-gallery-column fusion-gallery-column-3 hover-type-none\"><div class=\"fusion-gallery-image\"><a href=\"https:\/\/www.mpal.mp.br\/wp-content\/uploads\/2023\/06\/WhatsApp-Image-2023-06-07-at-08.52.49.jpeg\" rel=\"noreferrer\" data-rel=\"iLightbox[gallery_image_1]\" class=\"fusion-lightbox\" target=\"_self\"><img loading=\"lazy\" decoding=\"async\" src=\"https:\/\/www.mpal.mp.br\/wp-content\/uploads\/2023\/06\/WhatsApp-Image-2023-06-07-at-08.52.49.jpeg\" width=\"1600\" height=\"1066\" alt=\"\" title=\"WhatsApp Image 2023-06-07 at 08.52.49\" aria-label=\"WhatsApp Image 2023-06-07 at 08.52.49\" class=\"img-responsive wp-image-27452\" \/><\/a><\/div><\/div><div style=\"padding:5px;\" class=\"fusion-grid-column fusion-gallery-column fusion-gallery-column-3 hover-type-none\"><div class=\"fusion-gallery-image\"><a href=\"https:\/\/www.mpal.mp.br\/wp-content\/uploads\/2023\/06\/WhatsApp-Image-2023-06-07-at-07.57.49-4.jpeg\" rel=\"noreferrer\" data-rel=\"iLightbox[gallery_image_1]\" class=\"fusion-lightbox\" target=\"_self\"><img loading=\"lazy\" decoding=\"async\" src=\"https:\/\/www.mpal.mp.br\/wp-content\/uploads\/2023\/06\/WhatsApp-Image-2023-06-07-at-07.57.49-4.jpeg\" width=\"1600\" height=\"1066\" alt=\"\" title=\"WhatsApp Image 2023-06-07 at 07.57.49 (4)\" aria-label=\"WhatsApp Image 2023-06-07 at 07.57.49 (4)\" class=\"img-responsive wp-image-27453\" \/><\/a><\/div><\/div><div style=\"padding:5px;\" class=\"fusion-grid-column fusion-gallery-column fusion-gallery-column-3 hover-type-none\"><div class=\"fusion-gallery-image\"><a href=\"https:\/\/www.mpal.mp.br\/wp-content\/uploads\/2023\/06\/WhatsApp-Image-2023-06-07-at-07.57.49-3.jpeg\" rel=\"noreferrer\" data-rel=\"iLightbox[gallery_image_1]\" class=\"fusion-lightbox\" target=\"_self\"><img loading=\"lazy\" decoding=\"async\" src=\"https:\/\/www.mpal.mp.br\/wp-content\/uploads\/2023\/06\/WhatsApp-Image-2023-06-07-at-07.57.49-3.jpeg\" width=\"1600\" height=\"1066\" alt=\"\" title=\"WhatsApp Image 2023-06-07 at 07.57.49 (3)\" aria-label=\"WhatsApp Image 2023-06-07 at 07.57.49 (3)\" class=\"img-responsive wp-image-27454\" \/><\/a><\/div><\/div><div class=\"clearfix\"><\/div><\/div><div class=\"fusion-clearfix\"><\/div>\n\n\t\t\t\t\t<\/div>\n\t\t\t\t<\/div><\/div><\/div><\/span><\/p>\n","protected":false},"excerpt":{"rendered":"","protected":false},"author":6,"featured_media":27451,"comment_status":"open","ping_status":"open","sticky":false,"template":"","format":"standard","meta":{"om_disable_all_campaigns":false,"_monsterinsights_skip_tracking":false,"_monsterinsights_sitenote_active":false,"_monsterinsights_sitenote_note":"","_monsterinsights_sitenote_category":0,"_uf_show_specific_survey":0,"_uf_disable_surveys":false,"footnotes":""},"categories":[2,50],"tags":[],"class_list":["post-27450","post","type-post","status-publish","format-standard","has-post-thumbnail","hentry","category-not_mpal","category-not_saude"],"aioseo_notices":[],"_links":{"self":[{"href":"https:\/\/www.mpal.mp.br\/index.php?rest_route=\/wp\/v2\/posts\/27450","targetHints":{"allow":["GET"]}}],"collection":[{"href":"https:\/\/www.mpal.mp.br\/index.php?rest_route=\/wp\/v2\/posts"}],"about":[{"href":"https:\/\/www.mpal.mp.br\/index.php?rest_route=\/wp\/v2\/types\/post"}],"author":[{"embeddable":true,"href":"https:\/\/www.mpal.mp.br\/index.php?rest_route=\/wp\/v2\/users\/6"}],"replies":[{"embeddable":true,"href":"https:\/\/www.mpal.mp.br\/index.php?rest_route=%2Fwp%2Fv2%2Fcomments&post=27450"}],"version-history":[{"count":10,"href":"https:\/\/www.mpal.mp.br\/index.php?rest_route=\/wp\/v2\/posts\/27450\/revisions"}],"predecessor-version":[{"id":27565,"href":"https:\/\/www.mpal.mp.br\/index.php?rest_route=\/wp\/v2\/posts\/27450\/revisions\/27565"}],"wp:featuredmedia":[{"embeddable":true,"href":"https:\/\/www.mpal.mp.br\/index.php?rest_route=\/wp\/v2\/media\/27451"}],"wp:attachment":[{"href":"https:\/\/www.mpal.mp.br\/index.php?rest_route=%2Fwp%2Fv2%2Fmedia&parent=27450"}],"wp:term":[{"taxonomy":"category","embeddable":true,"href":"https:\/\/www.mpal.mp.br\/index.php?rest_route=%2Fwp%2Fv2%2Fcategories&post=27450"},{"taxonomy":"post_tag","embeddable":true,"href":"https:\/\/www.mpal.mp.br\/index.php?rest_route=%2Fwp%2Fv2%2Ftags&post=27450"}],"curies":[{"name":"wp","href":"https:\/\/api.w.org\/{rel}","templated":true}]}}