{"id":2602,"date":"2018-09-11T12:12:12","date_gmt":"2018-09-11T15:12:12","guid":{"rendered":"https:\/\/www.mpal.mp.br\/?p=2602"},"modified":"2025-06-18T11:10:10","modified_gmt":"2025-06-18T14:10:10","slug":"gaesf-desencadeia-operacao-perfidia-e-desarticula-orcrim-que-desviou-mais-de-r-12-milhoes","status":"publish","type":"post","link":"https:\/\/www.mpal.mp.br\/?p=2602","title":{"rendered":"Gaesf desencadeia Opera\u00e7\u00e3o Perf\u00eddia e desarticula Orcrim que desviou mais de R$ 12 milh\u00f5es"},"content":{"rendered":"<div class=\"fusion-fullwidth fullwidth-box fusion-builder-row-1 nonhundred-percent-fullwidth non-hundred-percent-height-scrolling\"  style='background-color: #ffffff;background-position: center center;background-repeat: no-repeat;padding-top:0px;padding-right:0px;padding-bottom:0px;padding-left:0px;'><div class=\"fusion-builder-row fusion-row \"><div  class=\"fusion-layout-column fusion_builder_column fusion_builder_column_1_1 fusion-builder-column-1 fusion-one-full fusion-column-first fusion-column-last 1_1\"  style='margin-top:0px;margin-bottom:20px;'>\n\t\t\t\t\t<div class=\"fusion-column-wrapper\" style=\"padding: 0px 0px 0px 0px;background-position:left top;background-repeat:no-repeat;-webkit-background-size:cover;-moz-background-size:cover;-o-background-size:cover;background-size:cover;\"   data-bg-url=\"\">\n\t\t\t\t\t\t<div class=\"fusion-text\"><p style=\"text-align: justify;\" align=\"JUSTIFY\" data-raofz=\"14\"><span style=\"font-size: 14pt;\">O Minist\u00e9rio P\u00fablico do Estado de Alagoas (MPE\/AL), por meio do Grupo de Atua\u00e7\u00e3o Especial em Sonega\u00e7\u00e3o Fiscal e Lavagem de Bens (Gaesf), desencadeou, na manh\u00e3 desta ter\u00e7a-feira (11), a \u201cOpera\u00e7\u00e3o Perf\u00eddia\u201d com intuito de desarticular uma Organiza\u00e7\u00e3o Criminosa especializada em crimes tais de falsidade ideol\u00f3gica, simula\u00e7\u00e3o de opera\u00e7\u00f5es tribut\u00e1rias e lavagem de bens. As equipes das pol\u00edcias Civil e Militar cumpriram dois mandados de pris\u00e3o preventiva e 22 de apreens\u00e3o nos munic\u00edpios de Arapiraca, Coqueiro Seco, Macei\u00f3 e Satuba expedidos pela 17\u00aa Vara Criminal da Capital. O esquema criminoso causou um preju\u00edzo de cerca de R$ 12 milh\u00f5es aos cofres p\u00fablicos.<\/span><\/p>\n<p style=\"text-align: justify;\" align=\"JUSTIFY\" data-raofz=\"14\"><span style=\"font-size: 14pt;\">De acordo com o promotor de Justi\u00e7a, Cyro Blater, coordenador do Gaesf, na Orcrim, ao todo, est\u00e3o envolvidas 11 pessoas f\u00edsicas, entre elas testas de ferro e \u201claranjas\u201d, al\u00e9m de 17 empresas que atuavam de forma fraudulenta ludibriando o fisco. Os mandados de pris\u00e3o foram expedidos em desfavor de Victor Pontes de Mendon\u00e7a Melo empres\u00e1rio \u2013 que j\u00e1 \u00e9 considerado foragido), S\u00e9rgio de Farias Oliveira conhecido como Serj\u00e3o (T\u00e9cnico em Contabilidade), e Silv\u00e2nio Santos Pereira (Advogado), al\u00e9m destes est\u00e3o envolvidos: Jos\u00e9 Elias Calheiros de Melo, Marcelo Calado dos Santos, Alex Calheiros Silva, M\u00e1rcio Wilson F\u00e1zio de Arecippo Almeida, Ekilane Rodrigues Santos, Andr\u00e9 Marcos Fontes de Souza, Evaldo Bezerra Barbosa, Jos\u00e9 Andr\u00e9 de Souza, Josimar Campos de Ara\u00fajo, conhecido como \u201cJorginho\u201d e Maria Suzanice Higino Bahe.<\/span><\/p>\n<p style=\"text-align: justify;\" align=\"JUSTIFY\" data-raofz=\"14\"><span style=\"font-size: 14pt;\">Vitor Pontes \u00e9 o l\u00edder da Orcrim e j\u00e1 foi preso outras duas vezes pelo mesmo esquema de corrup\u00e7\u00e3o. Os presos foram levados para o sistema penitenci\u00e1rio.<\/span><\/p>\n<p style=\"text-align: justify;\" align=\"JUSTIFY\" data-raofz=\"14\"><span style=\"font-size: 14pt;\">\u201cN\u00e3o podemos, enquanto Minist\u00e9rio P\u00fablico, admitir que pessoas t\u00e3o frias causem dano t\u00e3o grave \u00e0 sociedade impedindo que tenha acesso \u00e0 sa\u00fade quando lhes roubam rem\u00e9dios; \u00e0 educa\u00e7\u00e3o, quando lhes tiram a merenda; quando n\u00e3o garantem um transporte escolar decente e colocam em risco milhares de vidas por exemplo. Essses doze milh\u00f5es roubados, dariam para garantir v\u00e1rios direitos \u00e0 crian\u00e7as, adolescentes e \u00e0 popula\u00e7\u00e3o em geral\u201d, afirma o promotor Cyro Blater.<\/span><\/p>\n<p style=\"text-align: justify;\" align=\"JUSTIFY\" data-raofz=\"14\"><span style=\"font-size: 14pt;\">Ele explicou ainda que, apesar de tantos nomes envolvidos na quadrilha, optaram pela pris\u00e3o de apenas tr\u00eas \u201cporque estes s\u00e3o considerados de papel relevante na organiza\u00e7\u00e3o criminosa comandando desde o plano das opera\u00e7\u00f5es fraudulentas \u00e0 execu\u00e7\u00e3o\u201d.<\/span><\/p>\n<p style=\"text-align: justify;\" align=\"JUSTIFY\" data-raofz=\"14\"><span style=\"font-size: 14pt;\">Na Opera\u00e7\u00e3o Perf\u00eddia, cuja investiga\u00e7\u00e3o perdurou dois meses, foram apreendidos 10 ve\u00edculos de passeio, sendo quatro de Vitor Pontes, mais um caminh\u00e3o e um Fiorino (tamb\u00e9m de sua propriedade), al\u00e9m de tr\u00eas motocicletas, computadores, cheques, aparelhos celulares e diversos documentos como contratos e licita\u00e7\u00f5es. Todos os ve\u00edculos foram levados para o p\u00e1tio do Detran.<\/span><\/p>\n<p style=\"text-align: justify;\" align=\"JUSTIFY\" data-raofz=\"14\"><span style=\"font-size: 14pt;\">Esta, conforme Blater, \u00e9 a primeira fase da opera\u00e7\u00e3o focando as empresas em rela\u00e7\u00e3o a tributos. J\u00e1 na segunda fase, que ser\u00e1 programada mediante a evolu\u00e7\u00e3o das investiga\u00e7\u00f5es, os alvos ser\u00e3o as prefeituras e gestores.<\/span><\/p>\n<p style=\"text-align: justify;\" align=\"JUSTIFY\" data-raofz=\"14\"><span style=\"font-size: 14pt;\">Para o promotor de Justi\u00e7a, Kleber Valadares, integrante do Gaesf, a a\u00e7\u00e3o da quadrilha pode ser considerada com a mesma viol\u00eancia de um homic\u00eddio.<\/span><\/p>\n<p style=\"text-align: justify;\" align=\"JUSTIFY\" data-raofz=\"14\"><span style=\"font-size: 14pt;\">\u201cDurante a opera\u00e7\u00e3o, familiares dos alvos perguntaram se tinham matado algu\u00e9m para uma a\u00e7\u00e3o com tantos policiais. Como se matar fosse somente colocar uma arma na cabe\u00e7a e puxar o gatilho. O Minist\u00e9rio P\u00fablico entende que impedir as pessoas de viverem dignamente, a uma crian\u00e7a de realizar seu sonho, de ter um futuro melhor, \u00e9 o maior crime que se pode cometer. Ent\u00e3o eles t\u00eam de pagar por isso. N\u00e3o \u00e9 justo que continuem impunes e repetindo suas trucul\u00eancias\u201d, ressalta Valadares.<\/span><\/p>\n<p style=\"text-align: justify;\" align=\"JUSTIFY\" data-raofz=\"14\"><span style=\"font-size: 14pt;\">Quem tamb\u00e9m se pronunciou foi o promotor de Justi\u00e7a, Guilherme Diamantaras, outro membro do Gaesf, enfatizando a ousadia dos criminosos.<\/span><\/p>\n<p style=\"text-align: justify;\" align=\"JUSTIFY\" data-raofz=\"14\"><span style=\"font-size: 14pt;\">\u201cJamais daremos tr\u00e9gua e j\u00e1 conseguimos algumas conquistas em prol da popula\u00e7\u00e3o alagoana, mas mesmo com todas as opera\u00e7\u00f5es esses integrantes das organiza\u00e7\u00f5es criminosas continuam com suas atitudes il\u00edcitas e confian\u00e7a na impunidade. Por\u00e9m, est\u00e3o totalmente equivocados porque \u00e9 quest\u00e3o de honra pra n\u00f3s combater quaisquer tipos de corrup\u00e7\u00e3o e pedir a puni\u00e7\u00e3o dos culpados.<\/span><\/p>\n<p style=\"text-align: justify;\" align=\"JUSTIFY\" data-raofz=\"14\"><span style=\"font-size: 14pt;\">Os promotores do Gaesf e tamb\u00e9m a promotora de Justi\u00e7a, Elo\u00e1 Carvalho, do Grupo de A\u00e7\u00e3o Especial de Combate \u00e0s Organiza\u00e7\u00f5es Criminosas (Gaeco), estiveram \u00e0 frente da Opera\u00e7\u00e3o Perf\u00eddia, juntamente com o procurador do Estado, Ivan Luiz da Silva, representando a Procuradoria Geral do Estado (PGE), o gerente de intelig\u00eancia da Sefaz, Jo\u00e3o Clemente.<\/span><\/p>\n<p style=\"text-align: justify;\" align=\"JUSTIFY\" data-raofz=\"14\"><span style=\"font-size: 14pt;\">Participaram do cumprimento dos mandados de pris\u00e3o, busca e apreens\u00e3o 30 ve\u00edculos das pol\u00edcias Civil e Militar e cerca de 120 homens, al\u00e9m das equipes de intelig\u00eancia do Gaesf e Gaeco. Os detalhes da opera\u00e7\u00e3o foram repassados por meio de entrevista coletiva, \u00e0s 15h, no pr\u00e9dio-sede da Procuradoria Geral de Justi\u00e7a.<\/span><\/p>\n<\/div><div class=\"fusion-clearfix\"><\/div>\n\n\t\t\t\t\t<\/div>\n\t\t\t\t<\/div><\/div><\/div>\n","protected":false},"excerpt":{"rendered":"","protected":false},"author":2,"featured_media":2603,"comment_status":"closed","ping_status":"closed","sticky":false,"template":"","format":"standard","meta":{"om_disable_all_campaigns":false,"_monsterinsights_skip_tracking":false,"_monsterinsights_sitenote_active":false,"_monsterinsights_sitenote_note":"","_monsterinsights_sitenote_category":0,"_uf_show_specific_survey":0,"_uf_disable_surveys":false,"footnotes":""},"categories":[24],"tags":[],"class_list":["post-2602","post","type-post","status-publish","format-standard","has-post-thumbnail","hentry","category-not_gaesf"],"aioseo_notices":[],"_links":{"self":[{"href":"https:\/\/www.mpal.mp.br\/index.php?rest_route=\/wp\/v2\/posts\/2602","targetHints":{"allow":["GET"]}}],"collection":[{"href":"https:\/\/www.mpal.mp.br\/index.php?rest_route=\/wp\/v2\/posts"}],"about":[{"href":"https:\/\/www.mpal.mp.br\/index.php?rest_route=\/wp\/v2\/types\/post"}],"author":[{"embeddable":true,"href":"https:\/\/www.mpal.mp.br\/index.php?rest_route=\/wp\/v2\/users\/2"}],"replies":[{"embeddable":true,"href":"https:\/\/www.mpal.mp.br\/index.php?rest_route=%2Fwp%2Fv2%2Fcomments&post=2602"}],"version-history":[{"count":2,"href":"https:\/\/www.mpal.mp.br\/index.php?rest_route=\/wp\/v2\/posts\/2602\/revisions"}],"predecessor-version":[{"id":2605,"href":"https:\/\/www.mpal.mp.br\/index.php?rest_route=\/wp\/v2\/posts\/2602\/revisions\/2605"}],"wp:featuredmedia":[{"embeddable":true,"href":"https:\/\/www.mpal.mp.br\/index.php?rest_route=\/wp\/v2\/media\/2603"}],"wp:attachment":[{"href":"https:\/\/www.mpal.mp.br\/index.php?rest_route=%2Fwp%2Fv2%2Fmedia&parent=2602"}],"wp:term":[{"taxonomy":"category","embeddable":true,"href":"https:\/\/www.mpal.mp.br\/index.php?rest_route=%2Fwp%2Fv2%2Fcategories&post=2602"},{"taxonomy":"post_tag","embeddable":true,"href":"https:\/\/www.mpal.mp.br\/index.php?rest_route=%2Fwp%2Fv2%2Ftags&post=2602"}],"curies":[{"name":"wp","href":"https:\/\/api.w.org\/{rel}","templated":true}]}}