{"id":25941,"date":"2022-08-17T13:31:21","date_gmt":"2022-08-17T16:31:21","guid":{"rendered":"https:\/\/www.mpal.mp.br\/?p=25941"},"modified":"2023-05-02T13:37:36","modified_gmt":"2023-05-02T16:37:36","slug":"projeto-socioeducacao-em-dados","status":"publish","type":"post","link":"https:\/\/www.mpal.mp.br\/?p=25941","title":{"rendered":"Projeto &#8211; Socioeduca\u00e7\u00e3o em Dados"},"content":{"rendered":"<p><div class=\"fusion-fullwidth fullwidth-box fusion-builder-row-1 nonhundred-percent-fullwidth non-hundred-percent-height-scrolling\"  style='background-color: #ffffff;background-position: center center;background-repeat: no-repeat;padding-top:0px;padding-right:0px;padding-bottom:0px;padding-left:0px;'><div class=\"fusion-builder-row fusion-row \"><div  class=\"fusion-layout-column fusion_builder_column fusion_builder_column_1_1 fusion-builder-column-1 fusion-one-full fusion-column-first fusion-column-last 1_1\"  style='margin-top:0px;margin-bottom:20px;'>\n\t\t\t\t\t<div class=\"fusion-column-wrapper\" style=\"padding: 0px 0px 0px 0px;background-position:left top;background-repeat:no-repeat;-webkit-background-size:cover;-moz-background-size:cover;-o-background-size:cover;background-size:cover;\"   data-bg-url=\"\">\n\t\t\t\t\t\t<div class=\"fusion-text\"><div class=\"wpb_text_column wpb_content_element \" data-raofz=\"14\">\n<div id=\"ct_86stlyctqtlscocy50gx\" class=\"wpb_wrapper\" data-raofz=\"14\">\n<p style=\"text-align: justify;\"><strong><span style=\"font-size: 14pt;\">Minist\u00e9rio P\u00fablico do Estado de Alagoas<\/span><\/strong><\/p>\n<p style=\"text-align: justify;\"><span style=\"font-size: 14pt;\"><strong>INOVA <\/strong>| Sistema de Gest\u00e3o de Projetos e Processos<\/span><\/p>\n<p style=\"text-align: justify;\"><span style=\"font-size: 14pt;\">SOCIOEDUCA\u00c7\u00c3O EM DADOS<\/span><\/p>\n<p style=\"text-align: justify;\"><span style=\"font-size: 14pt;\"><strong>Tipo: <\/strong>Projeto\u00a0\u00a0\u00a0\u00a0\u00a0\u00a0\u00a0\u00a0\u00a0\u00a0\u00a0\u00a0\u00a0\u00a0\u00a0\u00a0\u00a0\u00a0\u00a0\u00a0\u00a0\u00a0\u00a0\u00a0\u00a0\u00a0\u00a0\u00a0\u00a0\u00a0\u00a0\u00a0 <strong>\u00c1rea Regional: <\/strong>Munic\u00edpio de origem n\u00e3o informado<\/span><\/p>\n<p style=\"text-align: justify;\"><span style=\"font-size: 14pt;\"><strong>Status: <\/strong>Em execu\u00e7\u00e3o \u00a0 \u00a0 \u00a0 \u00a0 \u00a0 \u00a0 \u00a0 \u00a0 <strong>Unidade: <\/strong>Unidade de origem n\u00e3o informada<\/span><\/p>\n<p style=\"text-align: justify;\"><strong><span style=\"font-size: 14pt;\">::: Problema\/ Oportunidade<\/span><\/strong><\/p>\n<p style=\"text-align: justify;\"><span style=\"font-size: 14pt;\">APRESENTA\u00c7\u00c3O O Projeto ADOLESC\u00caNCIA EM DADOS, elaborado pelas 12\u00aa Promotoria de Justi\u00e7a da Capital e 11\u00aa Promotoria de Justi\u00e7a da Capital em parceria com a 36\u00aa Promotoria de Justi\u00e7a da Capital e com o Centro Universit\u00e1rio CESMAC, al\u00e9m da colabora\u00e7\u00e3o dos parceiros adiante nominados. Tem como objetivo maior a defini\u00e7\u00e3o de uma interven\u00e7\u00e3o eficaz na realidade de jovens em conflito com a lei com o intuito de promover o respectivo resgate \u00e0 cidadania destes, a partir da obten\u00e7\u00e3o de dados da realidade para o respectivo conhecimento e poss\u00edvel atua\u00e7\u00e3o priorit\u00e1ria, proporcionado pela informatiza\u00e7\u00e3o proveniente da coleta de dados acerca da adolesc\u00eancia, sua fam\u00edlia e territ\u00f3rio, trazendo os referidos dados dos adolescentes e do cumprimento das medidas socioeducativas em tempo real, o que, por sua vez, permite que o Minist\u00e9rio P\u00fablico de Alagoas, atrav\u00e9s das Promotorias de Justi\u00e7a espec\u00edficas que atuam na \u00e1rea do ato infracional e de execu\u00e7\u00e3o de medidas socioeducativas, possa adotar estrat\u00e9gias e desenvolver a\u00e7\u00f5es baseadas em dados que ser\u00e3o atualizados permanentemente, tendo como fim \u00faltimo promover os direitos fundamentais de adolescentes e jovens em conflito com a lei. Atrav\u00e9s da aquisi\u00e7\u00e3o, por parte do Minist\u00e9rio P\u00fablico do Estado de Alagoas do Sistema de BI \u2013 business intelligence, e an\u00e1lise de dados, hoje a Institui\u00e7\u00e3o tem uma ferramenta poderosa na an\u00e1lise de dados e indicadores sociais, que deve ter seu potencial explorado ao m\u00e1ximo. A princ\u00edpio, o projeto \u201cSocioeduca\u00e7\u00e3o em Dados\u201d, prop\u00f5e-se a criar formul\u00e1rios online de capta\u00e7\u00e3o de dados dos adolescentes e jovens em conflito com a lei, tanto nos processos de conhecimento, abarcando o Munic\u00edpio de Macei\u00f3; como nos processos de execu\u00e7\u00e3o, os quais s\u00e3o divididos em processos que tratam de programas em meio aberto no Munic\u00edpio de Macei\u00f3 (medidas socioeducativas de liberdade e presta\u00e7\u00e3o de servi\u00e7o \u00e0 comunidade), bem como os processos que tratam de programas de priva\u00e7\u00e3o de liberdade (medidas socioeducativas de semiliberdade e interna\u00e7\u00e3o), estes com abrang\u00eancia em todo Estado de Alagoas. No caso das 11\u00aa e 36\u00aa Promotorias de Justi\u00e7a da Capital, este formul\u00e1rio social j\u00e1 vem sendo aplicado de forma manual, bem como s\u00e3o elaborados dados e estat\u00edsticas de forma bastante rudimentar, com contagem manual, utilizando tabelas do excel e aquivos de edi\u00e7\u00e3o texto, o que leva tempo e est\u00e1 sujeito a erros humanos. J\u00e1 a 12\u00aa Promotoria de Justi\u00e7a da Capital, com atribui\u00e7\u00e3o nos processos de execu\u00e7\u00e3o de medidas socioeducativas, j\u00e1 possui formul\u00e1rio para informa\u00e7\u00f5es relevantes quanto aos dados sobre os adolescentes e jovens em cumprimento de medidas socioeducativas, mas n\u00e3o disp\u00f5e de pessoal para realiza\u00e7\u00e3o da coleta destes dados. Ent\u00e3o, neste contexto, o Projeto tamb\u00e9m prev\u00ea a parceria com o Centro Universit\u00e1rio CESMAC, que atrav\u00e9s de Programa Extensionista selecionar\u00e1 estudantes de direito, viabilizando assim, a respectiva coleta, em que os dados ser\u00e3o inseridos no formul\u00e1rio online. Com o prosseguimento do Projeto, os dados dos formul\u00e1rios ser\u00e3o armazenados nos bancos de dados do Minist\u00e9rio P\u00fablico do Estado de Alagoas, com observ\u00e2ncia ao necess\u00e1rio sigilo, considerando que s\u00e3o dados de processos que seguem em segredo de justi\u00e7a e ser\u00e3o importados automaticamente para o Sistema de BI da Institui\u00e7\u00e3o Ministerial, em que ser\u00e3o criados pain\u00e9is de an\u00e1lises de dados permanentes para auxiliar a Institui\u00e7\u00e3o nas decis\u00f5es de quais pol\u00edticas p\u00fablicas devem ser perseguidas. Por fim, o Projeto ser\u00e1 desenvolvido de forma a permitir que os formul\u00e1rios online e os pain\u00e9is criados no Sistema de BI possam ser replicados para todas as Promotorias de Justi\u00e7a que possuam atribui\u00e7\u00f5es semelhantes no Estado de Alagoas.<\/span><\/p>\n<p style=\"text-align: justify;\"><strong><span style=\"font-size: 14pt;\">::: Objetivo<\/span><\/strong><\/p>\n<p style=\"text-align: justify;\"><span style=\"font-size: 14pt;\">O projeto tem como objetivos: <\/span><\/p>\n<p style=\"text-align: justify; padding-left: 40px;\"><span style=\"font-size: 14pt;\">&#8211; Proporcionar uma atua\u00e7\u00e3o do Minist\u00e9rio P\u00fablico do Estado de Alagoas mais eficiente e eficaz, baseada em dados em tempo real, permitindo a\u00e7\u00f5es direcionadas com base nos dados apresentados no Painel de Dados da Socioeduca\u00e7\u00e3o, servindo, inclusive de subs\u00eddio para exigir do poder p\u00fablico a resolu\u00e7\u00e3o de problemas enfrentados hoje na socioeduca\u00e7\u00e3o; <\/span><\/p>\n<p style=\"text-align: justify; padding-left: 40px;\"><span style=\"font-size: 14pt;\">&#8211; Automatizar e informatizar os formul\u00e1rios de oitiva informal e de pesquisa dos processos de execu\u00e7\u00e3o, abandonando de vez o papel impresso e diminuindo o risco de perda de dados e de erros nos c\u00e1lculos das estat\u00edsticas; <\/span><\/p>\n<p style=\"text-align: justify; padding-left: 40px;\"><span style=\"font-size: 14pt;\">&#8211; Proporcionar aos estudantes participantes do Projeto um contato com a mat\u00e9ria de ato infracinal <\/span><span style=\"font-size: 14pt;\">&#8211; conhecimento e execu\u00e7\u00e3o &#8211; permitindo uma compress\u00e3o de todo o processo de apura\u00e7\u00e3o de ato infracional at\u00e9 o processo de cumprimento de medidas socioeducativas; <\/span><\/p>\n<p style=\"text-align: justify; padding-left: 40px;\"><span style=\"font-size: 14pt;\">&#8211; Permitir, com a elabora\u00e7\u00e3o do Projeto de Ades\u00e3o, a possibilidade de todos os promotores que atuam na \u00e1rea da inf\u00e2ncia possam utilizar o sistema e tamb\u00e9m contribuir com os dados da socioeduca\u00e7\u00e3o no \u00e2mbito de todo os Estado de Alagoas.<\/span><\/p>\n<p style=\"text-align: justify;\"><strong><span style=\"font-size: 14pt;\">::: Escopo<\/span><\/strong><\/p>\n<ul>\n<li style=\"text-align: justify;\"><span style=\"font-size: 14pt;\">Elabora\u00e7\u00e3o de formul\u00e1rios online com salvamento de dados em Servidores do Minist\u00e9rio P\u00fablico do Estado de Alagoas para coleta de dados relevantes na \u00e1rea infracional (conhecimento e execu\u00e7\u00e3o) do Estado de Alagoas;<\/span><\/li>\n<\/ul>\n<ul>\n<li style=\"text-align: justify;\"><span style=\"font-size: 14pt;\">Coleta dos dados em tempo real. Os formul\u00e1rios alimentar\u00e3o os bancos de dados da Institui\u00e7\u00e3o por meio da atua\u00e7\u00e3o nas 11\u00aa e 36\u00aa Promotorias de Justi\u00e7a da Capital e com coleta de dados em formul\u00e1rio da 12\u00aa Promotoria de Justi\u00e7a da Capital, realizada por alunos do Curso de Direito de Programa Extensionista, selecionados pelo Centro Universit\u00e1rio CESMAC em parceria com o Minist\u00e9rio P\u00fablico do Estado de Alagoas; <\/span><\/li>\n<\/ul>\n<p style=\"text-align: justify; padding-left: 40px;\"><span style=\"font-size: 14pt;\">\u2022 Elabora\u00e7\u00e3o de pain\u00e9is permanentes de dados, indicadores sociais e estat\u00edsticas, que ser\u00e3o atualizados em tempo real, a medida que mais informa\u00e7\u00f5es v\u00e3o sendo inseridas nos formul\u00e1rios; <\/span><\/p>\n<p style=\"text-align: justify; padding-left: 40px;\"><span style=\"font-size: 14pt;\">\u2022 Disponibiliza\u00e7\u00e3o dos formul\u00e1rios online e dos pain\u00e9is de BI para implanta\u00e7\u00e3o em todas as Promotorias do Estado com atribui\u00e7\u00f5es na \u00e1rea de ato infracional que tiverem interesse por meio de projeto por ades\u00e3o; <\/span><\/p>\n<p style=\"text-align: justify; padding-left: 40px;\"><span style=\"font-size: 14pt;\">\u2022 A socializa\u00e7\u00e3o dos dados, com objetivo de promover o processo de conscientiza\u00e7\u00e3o para uma estrutura\u00e7\u00e3o em rede e o fortalecimento de pol\u00edticas p\u00fablicas na \u00e1rea de inf\u00e2ncia e da juventude.<\/span><\/p>\n<p style=\"text-align: justify;\"><strong><span style=\"font-size: 14pt;\">::: N\u00e3o Escopo<\/span><\/strong><\/p>\n<p style=\"text-align: justify; padding-left: 40px;\"><span style=\"font-size: 14pt;\">O projeto n\u00e3o tem como escopo a disponibiliza\u00e7\u00e3o permamente de pessoal para a coleta permanente dos dados nas promotorias, visto que o objetivo do projeto \u00e9 a constru\u00e7\u00e3o dos formul\u00e1rios e a coleta dos dados a partir de 2019, para conseguir comparar os resultados antes e depois da pandemia. Com o fim do projeto, cada promotoria continuar\u00e1 a usar os formul\u00e1rios e atualizar os dados de acordo com a disponibilidade de pessoal; <\/span><\/p>\n<p style=\"text-align: justify; padding-left: 40px;\"><span style=\"font-size: 14pt;\">O projeto tamb\u00e9m n\u00e3o tem como escopo o desenvolvimento de ferramenta para a constru\u00e7\u00e3o dos pain\u00e9is com os dados coletados, visto que o projeto utilizar\u00e1 a ferramenta de BI &#8211; Business Intelligence que hoje est\u00e1 \u00e0 disposi\u00e7\u00e3o do Minist\u00e9rio P\u00fablico de Alagoas;<\/span><\/p>\n<p style=\"text-align: justify;\"><strong><span style=\"font-size: 14pt;\">::: Premissas<\/span><\/strong><\/p>\n<p style=\"text-align: justify; padding-left: 40px;\"><span style=\"font-size: 14pt;\">O projeto tem como premissa o funcionamento do Conv\u00eanio assinado entre o Minist\u00e9rio P\u00fablico do Estado de Alagoas e o Centro Universit\u00e1rio Cesmac pelo qual ser\u00e3o disponibilizados estagi\u00e1rios volunt\u00e1rios por parte do CESMAC para que possam auxiliar na coleta dos dados, principalmente dos dados passados, considerando que o projeto pretende fazer um comparativo dos dados desde 2019; O projeto tamb\u00e9m tem como premissa a possibilidade de utiliza\u00e7\u00e3o do sistema de BI &#8211; Business Intelligence Qlink Sense adquirido pelo Minist\u00e9rio P\u00fablico do Estado de Alagoas para a constru\u00e7\u00e3o dos Pain\u00e9is informativos com os dados coletados pelo projeto.<\/span><\/p>\n<p style=\"text-align: justify;\"><strong><span style=\"font-size: 14pt;\">::: Restri\u00e7\u00f5es<\/span><\/strong><\/p>\n<p style=\"text-align: justify; padding-left: 40px;\"><span style=\"font-size: 14pt;\">N\u00famero de estagi\u00e1rios dispon\u00edveis para o cadastramento dos formul\u00e1rios; &#8211; Falta de assinatura para publica\u00e7\u00e3o dos pain\u00e9is de BI de forma din\u00e2mica, permitindo apenas a cria\u00e7\u00e3o dos pain\u00e9is em \u00e2mbito interno, sendo poss\u00edvel apenas a publica\u00e7\u00e3o ao p\u00fablico em geral de pain\u00e9s com dados estat\u00edsticos.<\/span><\/p>\n<\/div>\n<\/div>\n<\/div><div class=\"fusion-builder-row fusion-builder-row-inner fusion-row \"><div  class=\"fusion-layout-column fusion_builder_column fusion_builder_column_1_2  fusion-one-half fusion-column-first 1_2\"  style='margin-top: 30px;margin-bottom: 20px;width:50%;width:calc(50% - ( ( 4% ) * 0.5 ) );margin-right:4%;'><div class=\"fusion-column-wrapper fusion-column-wrapper-1\" style=\"padding: 0px 0px 0px 0px;background-position:left top;background-repeat:no-repeat;-webkit-background-size:cover;-moz-background-size:cover;-o-background-size:cover;background-size:cover;\"  data-bg-url=\"\"><style type=\"text\/css\"><\/style><div class=\"fusion-title title fusion-title-1 fusion-title-center fusion-title-text fusion-title-size-two\" style=\"margin-top:0px;margin-bottom:31px;\"><div class=\"title-sep-container title-sep-container-left\"><div class=\"title-sep sep-double sep-solid\" style=\"border-color:#e0dede;\"><\/div><\/div><h2 class=\"title-heading-center\" style=\"margin:0;\">RESPONS\u00c1VEIS<\/h2><div class=\"title-sep-container title-sep-container-right\"><div class=\"title-sep sep-double sep-solid\" style=\"border-color:#e0dede;\"><\/div><\/div><\/div><div class=\"fusion-text\"><p style=\"text-align: center;\"><span style=\"font-size: 14pt; color: #003866;\" data-raofz=\"14\">Alexandra Beurlen<\/span><\/p>\n<p style=\"text-align: center;\"><span style=\"font-size: 14pt; color: #003866;\" data-raofz=\"14\">Diogo Fonseca<\/span><\/p>\n<p style=\"text-align: center;\"><span style=\"font-size: 14pt; color: #003866;\" data-raofz=\"14\">Mar\u00edlia Cerqueira Lima<\/span><\/p>\n<p style=\"text-align: center;\"><span style=\"font-size: 14pt; color: #003866;\" data-raofz=\"14\">Thiago Alves da Silva<\/span><\/p>\n<\/div><\/div><\/div><div  class=\"fusion-layout-column fusion_builder_column fusion_builder_column_1_2  fusion-one-half fusion-column-last 1_2\"  style='margin-top: 30px;margin-bottom: 20px;width:50%;width:calc(50% - ( ( 4% ) * 0.5 ) );'><div class=\"fusion-column-wrapper fusion-column-wrapper-2\" style=\"padding: 0px 0px 0px 0px;background-position:left top;background-repeat:no-repeat;-webkit-background-size:cover;-moz-background-size:cover;-o-background-size:cover;background-size:cover;\"  data-bg-url=\"\"><style type=\"text\/css\"><\/style><div class=\"fusion-title title fusion-title-2 fusion-title-center fusion-title-text fusion-title-size-two\" style=\"margin-top:0px;margin-bottom:31px;\"><div class=\"title-sep-container title-sep-container-left\"><div class=\"title-sep sep-double sep-solid\" style=\"border-color:#e0dede;\"><\/div><\/div><h2 class=\"title-heading-center\" style=\"margin:0;\">CONTATOS<\/h2><div class=\"title-sep-container title-sep-container-right\"><div class=\"title-sep sep-double sep-solid\" style=\"border-color:#e0dede;\"><\/div><\/div><\/div><div class=\"fusion-text\"><p style=\"text-align: center;\"><span style=\"font-size: 14pt; color: #003866;\" data-raofz=\"14\">(82) 2122-3643<\/span><\/p>\n<p style=\"text-align: center;\"><span style=\"font-size: 14pt; color: #003866;\" data-raofz=\"14\">(82) 2122-3700<\/span><\/p>\n<p style=\"text-align: center;\"><span style=\"font-size: 14pt; color: #003866;\" data-raofz=\"14\">(82) 2122-3722<\/span><\/p>\n<p style=\"text-align: center;\"><span style=\"font-size: 14pt; color: #003866;\" data-raofz=\"14\">(82) 9 9992-4269<\/span><\/p>\n<\/div><\/div><\/div><\/div><div class=\"fusion-sep-clear\"><\/div><div class=\"fusion-separator fusion-full-width-sep sep-none\" style=\"margin-left: auto;margin-right: auto;margin-top:10px;\"><\/div><style type=\"text\/css\"><\/style><div class=\"fusion-title title fusion-title-3 fusion-title-text fusion-title-size-three\" style=\"margin-top:40px;margin-bottom:31px;\"><h3 class=\"title-heading-left\" style=\"margin:0;color:#ffffff;\"><strong><span style=\"font-size: 14pt; color: #003866;\">Anexos<\/span><\/strong><\/h3><div class=\"title-sep-container\"><div class=\"title-sep sep-double sep-solid\" style=\"border-color:#003866;\"><\/div><\/div><\/div><div class=\"fusion-text\"><p><span style=\"font-size: 14pt;\"><i class=\"fontawesome-icon fa-file-pdf fas circle-no\" style=\"font-size:18px;margin-right:9px;color:#003866;\"><\/i><a href=\"https:\/\/www.mpal.mp.br\/wp-content\/uploads\/2023\/05\/INOVA-Socioeducacao-em-Dados.pdf\" target=\"_blank\" rel=\"noopener\">Projeto Socioeduca\u00e7\u00e3o em Dados &#8211; Arquivo INOVA<\/a><\/span><\/p>\n<\/div><div class=\"fusion-clearfix\"><\/div>\n\n\t\t\t\t\t<\/div>\n\t\t\t\t<\/div><\/div><\/div><div class=\"fusion-fullwidth fullwidth-box fusion-builder-row-2 nonhundred-percent-fullwidth non-hundred-percent-height-scrolling\"  style='background-color: #ffffff;background-position: center center;background-repeat: no-repeat;padding-top:0px;padding-right:0px;padding-bottom:0px;padding-left:0px;'><div class=\"fusion-builder-row fusion-row \"><div  class=\"fusion-layout-column fusion_builder_column fusion_builder_column_1_1 fusion-builder-column-2 fusion-one-full fusion-column-first fusion-column-last 1_1\"  style='margin-top:0px;margin-bottom:20px;'>\n\t\t\t\t\t<div class=\"fusion-column-wrapper\" style=\"padding: 0px 0px 0px 0px;background-position:left top;background-repeat:no-repeat;-webkit-background-size:cover;-moz-background-size:cover;-o-background-size:cover;background-size:cover;\"   data-bg-url=\"\">\n\t\t\t\t\t\t<style type=\"text\/css\"><\/style><div class=\"fusion-title title fusion-title-4 fusion-title-center fusion-title-text fusion-title-size-three\" style=\"margin-top:40px;margin-bottom:31px;\"><div class=\"title-sep-container title-sep-container-left\"><div class=\"title-sep sep-double sep-solid\" style=\"border-color:#003866;\"><\/div><\/div><h3 class=\"title-heading-center\" style=\"margin:0;color:#ffffff;\"><span style=\"color: #808080;\"><strong><span style=\"font-size: 14pt;\">\u00daltimos Projetos<\/span><\/strong><\/span><\/h3><div class=\"title-sep-container title-sep-container-right\"><div class=\"title-sep sep-double sep-solid\" style=\"border-color:#003866;\"><\/div><\/div><\/div><div class=\"fusion-recent-posts fusion-recent-posts-1 avada-container layout-default layout-columns-1\"><section class=\"fusion-columns columns fusion-columns-1 columns-1\"><article class=\"post fusion-column column col col-lg-12 col-md-12 col-sm-12\"><div class=\"recent-posts-content\"><span class=\"vcard\" style=\"display: none;\"><span class=\"fn\"><a href=\"https:\/\/www.mpal.mp.br\/?author=2\" title=\"Posts de Administrador03\" rel=\"author\">Administrador03<\/a><\/span><\/span><span class=\"updated\" style=\"display:none;\">2025-09-10T10:10:39-03:00<\/span><h4 class=\"entry-title\"><a href=\"https:\/\/www.mpal.mp.br\/?p=60868\">Projeto &#8211; PM: Quero Paz!<\/a><\/h4><\/div><\/article><article class=\"post fusion-column column col col-lg-12 col-md-12 col-sm-12\"><div class=\"recent-posts-content\"><span class=\"vcard\" style=\"display: none;\"><span class=\"fn\"><a href=\"https:\/\/www.mpal.mp.br\/?author=2\" title=\"Posts de Administrador03\" rel=\"author\">Administrador03<\/a><\/span><\/span><span class=\"updated\" style=\"display:none;\">2025-09-10T08:45:48-03:00<\/span><h4 class=\"entry-title\"><a href=\"https:\/\/www.mpal.mp.br\/?p=60799\">Projeto &#8211; Acolher para Proteger<\/a><\/h4><\/div><\/article><article class=\"post fusion-column column col col-lg-12 col-md-12 col-sm-12\"><div class=\"recent-posts-content\"><span class=\"vcard\" style=\"display: none;\"><span class=\"fn\"><a href=\"https:\/\/www.mpal.mp.br\/?author=2\" title=\"Posts de Administrador03\" rel=\"author\">Administrador03<\/a><\/span><\/span><span class=\"updated\" style=\"display:none;\">2025-09-11T10:08:18-03:00<\/span><h4 class=\"entry-title\"><a href=\"https:\/\/www.mpal.mp.br\/?p=60949\">Projeto &#8211; O Futuro \u00e9 agora &#8211; MPAL na luta contra a fome<\/a><\/h4><\/div><\/article><article class=\"post fusion-column column col col-lg-12 col-md-12 col-sm-12\"><div class=\"recent-posts-content\"><span class=\"vcard\" style=\"display: none;\"><span class=\"fn\"><a href=\"https:\/\/www.mpal.mp.br\/?author=2\" title=\"Posts de Administrador03\" rel=\"author\">Administrador03<\/a><\/span><\/span><span class=\"updated\" style=\"display:none;\">2025-09-10T09:53:04-03:00<\/span><h4 class=\"entry-title\"><a href=\"https:\/\/www.mpal.mp.br\/?p=60854\">Projeto &#8211; O Fomento do terceiro<\/a><\/h4><\/div><\/article><article class=\"post fusion-column column col col-lg-12 col-md-12 col-sm-12\"><div class=\"recent-posts-content\"><span class=\"vcard\" style=\"display: none;\"><span class=\"fn\"><a href=\"https:\/\/www.mpal.mp.br\/?author=2\" title=\"Posts de Administrador03\" rel=\"author\">Administrador03<\/a><\/span><\/span><span class=\"updated\" style=\"display:none;\">2025-09-10T09:45:49-03:00<\/span><h4 class=\"entry-title\"><a href=\"https:\/\/www.mpal.mp.br\/?p=60846\">Projeto &#8211; Nossa Educa\u00e7\u00e3o daria um Livro<\/a><\/h4><\/div><\/article><article class=\"post fusion-column column col col-lg-12 col-md-12 col-sm-12\"><div class=\"recent-posts-content\"><span class=\"vcard\" style=\"display: none;\"><span class=\"fn\"><a href=\"https:\/\/www.mpal.mp.br\/?author=2\" title=\"Posts de Administrador03\" rel=\"author\">Administrador03<\/a><\/span><\/span><span class=\"updated\" style=\"display:none;\">2025-09-10T08:56:41-03:00<\/span><h4 class=\"entry-title\"><a href=\"https:\/\/www.mpal.mp.br\/?p=60806\">Projeto &#8211; Educar e Proteger<\/a><\/h4><\/div><\/article><\/section><\/div><div class=\"fusion-clearfix\"><\/div>\n\n\t\t\t\t\t<\/div>\n\t\t\t\t<\/div><\/div><\/div><\/p>\n","protected":false},"excerpt":{"rendered":"","protected":false},"author":1,"featured_media":25942,"comment_status":"open","ping_status":"open","sticky":false,"template":"","format":"standard","meta":{"om_disable_all_campaigns":false,"_monsterinsights_skip_tracking":false,"_monsterinsights_sitenote_active":false,"_monsterinsights_sitenote_note":"","_monsterinsights_sitenote_category":0,"_uf_show_specific_survey":0,"_uf_disable_surveys":false,"footnotes":""},"categories":[28],"tags":[],"class_list":["post-25941","post","type-post","status-publish","format-standard","has-post-thumbnail","hentry","category-projetos"],"aioseo_notices":[],"_links":{"self":[{"href":"https:\/\/www.mpal.mp.br\/index.php?rest_route=\/wp\/v2\/posts\/25941","targetHints":{"allow":["GET"]}}],"collection":[{"href":"https:\/\/www.mpal.mp.br\/index.php?rest_route=\/wp\/v2\/posts"}],"about":[{"href":"https:\/\/www.mpal.mp.br\/index.php?rest_route=\/wp\/v2\/types\/post"}],"author":[{"embeddable":true,"href":"https:\/\/www.mpal.mp.br\/index.php?rest_route=\/wp\/v2\/users\/1"}],"replies":[{"embeddable":true,"href":"https:\/\/www.mpal.mp.br\/index.php?rest_route=%2Fwp%2Fv2%2Fcomments&post=25941"}],"version-history":[{"count":2,"href":"https:\/\/www.mpal.mp.br\/index.php?rest_route=\/wp\/v2\/posts\/25941\/revisions"}],"predecessor-version":[{"id":25944,"href":"https:\/\/www.mpal.mp.br\/index.php?rest_route=\/wp\/v2\/posts\/25941\/revisions\/25944"}],"wp:featuredmedia":[{"embeddable":true,"href":"https:\/\/www.mpal.mp.br\/index.php?rest_route=\/wp\/v2\/media\/25942"}],"wp:attachment":[{"href":"https:\/\/www.mpal.mp.br\/index.php?rest_route=%2Fwp%2Fv2%2Fmedia&parent=25941"}],"wp:term":[{"taxonomy":"category","embeddable":true,"href":"https:\/\/www.mpal.mp.br\/index.php?rest_route=%2Fwp%2Fv2%2Fcategories&post=25941"},{"taxonomy":"post_tag","embeddable":true,"href":"https:\/\/www.mpal.mp.br\/index.php?rest_route=%2Fwp%2Fv2%2Ftags&post=25941"}],"curies":[{"name":"wp","href":"https:\/\/api.w.org\/{rel}","templated":true}]}}