{"id":25846,"date":"2023-04-27T12:32:43","date_gmt":"2023-04-27T15:32:43","guid":{"rendered":"https:\/\/www.mpal.mp.br\/?p=25846"},"modified":"2023-06-16T10:09:22","modified_gmt":"2023-06-16T13:09:22","slug":"ministerio-publico-ajuiza-acao-para-garantir-psiquiatras-em-unidades-de-saude-de-maceio","status":"publish","type":"post","link":"https:\/\/www.mpal.mp.br\/?p=25846","title":{"rendered":"Minist\u00e9rio P\u00fablico aju\u00edza a\u00e7\u00e3o para garantir psiquiatras em unidades de sa\u00fade de Macei\u00f3"},"content":{"rendered":"<div class=\"fusion-fullwidth fullwidth-box fusion-builder-row-1 nonhundred-percent-fullwidth non-hundred-percent-height-scrolling\"  style='background-color: #ffffff;background-position: center center;background-repeat: no-repeat;padding-top:0px;padding-right:0px;padding-bottom:0px;padding-left:0px;'><div class=\"fusion-builder-row fusion-row \"><div  class=\"fusion-layout-column fusion_builder_column fusion_builder_column_1_1 fusion-builder-column-1 fusion-one-full fusion-column-first fusion-column-last 1_1\"  style='margin-top:0px;margin-bottom:0px;'>\n\t\t\t\t\t<div class=\"fusion-column-wrapper\" style=\"padding: 0px 0px 0px 0px;background-position:left top;background-repeat:no-repeat;-webkit-background-size:cover;-moz-background-size:cover;-o-background-size:cover;background-size:cover;\"   data-bg-url=\"\">\n\t\t\t\t\t\t<div class=\"fusion-text\"><p style=\"text-align: justify;\"><span style=\"font-size: 14pt;\">A escassez de m\u00e9dicos psiquiatras na rede municipal de Sa\u00fade de Macei\u00f3 tem causado transtornos e sido alvo de den\u00fancias ao Minist\u00e9rio P\u00fablico do Estado de Alagoas (MPAL). Ap\u00f3s recebimento de relat\u00f3rio solicitado \u00e0 Secretaria Municipal de Sa\u00fade (SMS), a 67\u00aa promotoria de Justi\u00e7a (de Sa\u00fade) da Capital constatou a car\u00eancia e optou por ajuizar a\u00e7\u00e3o civil para que seja remediado o problema.<\/span><\/p>\n<p style=\"text-align: justify;\"><span style=\"font-size: 14pt;\">Em janeiro de 2023, a 67\u00aa Promotoria de Justi\u00e7a da Capital solicitou \u00e0 Secretaria Municipal de Sa\u00fade (SMS) informa\u00e7\u00f5es referentes a atua\u00e7\u00e3o de tais profissionais em suas unidades, obtendo, recentemente, relat\u00f3rio com dados considerados insatisfat\u00f3rios.<\/span><\/p>\n<p style=\"text-align: justify;\"><span style=\"font-size: 14pt;\">\u201cJ\u00e1 hav\u00edamos conversado com a secretaria municipal de sa\u00fade alertando para a necessidade de preenchimento de vagas na Psiquiatria, mas os dados que nos enviaram mostra claramente a in\u00f3pia de m\u00e9dicos nessa \u00e1rea. E isso n\u00e3o pode perdurar, vista a import\u00e2ncia da especialidade na vida das pessoas, pois a sa\u00fade mental \u00e9 primordial para que possamos desempenhar qualquer atividade. Hoje, o que mais detectamos \u00e9 um \u00edndice alto de pessoas precisando de ajuda principalmente para casos de depress\u00e3o, bipolaridade e at\u00e9 doen\u00e7as mentais mais graves, ent\u00e3o decidimos judicializar a quest\u00e3o apostando em sua breve solu\u00e7\u00e3o\u201d, afirma o promotor de Justi\u00e7a Luciano Romero.<\/span><\/p>\n<p style=\"text-align: justify;\"><span style=\"font-size: 14pt;\">No in\u00edcio do ano, o Minist\u00e9rio P\u00fablico enviou Recomenda\u00e7\u00e3o pedindo que a Prefeitura adotasse medidas necess\u00e1rias e estipulou um prazo de 72 horas para que se manifestasse, mas n\u00e3o logrou \u00eaxito.<\/span><\/p>\n<p style=\"text-align: justify;\"><span style=\"font-size: 14pt;\">\u201cHouve tratativas entre o MP e a secretaria de sa\u00fade de Macei\u00f3, mostramos que as unidades estavam desassistidas e que havia superlota\u00e7\u00e3o nos Centros de Atendimento Psicossocial (CAPs) , bem como nos ambulat\u00f3rios, percebendo que nada foi efetivado para dissipar o problema, restou-nos a a\u00e7\u00e3o civil, at\u00e9 porque temos a obriga\u00e7\u00e3o de garantir direitos e \u00e0 sa\u00fade \u00e9 fundamental\u201d, conclui Romero.<\/span><\/p>\n<\/div><div class=\"fusion-clearfix\"><\/div>\n\n\t\t\t\t\t<\/div>\n\t\t\t\t<\/div><\/div><\/div>\n","protected":false},"excerpt":{"rendered":"","protected":false},"author":8,"featured_media":21709,"comment_status":"open","ping_status":"open","sticky":false,"template":"","format":"standard","meta":{"om_disable_all_campaigns":false,"_monsterinsights_skip_tracking":false,"_monsterinsights_sitenote_active":false,"_monsterinsights_sitenote_note":"","_monsterinsights_sitenote_category":0,"_uf_show_specific_survey":0,"_uf_disable_surveys":false,"footnotes":""},"categories":[2,50],"tags":[],"class_list":["post-25846","post","type-post","status-publish","format-standard","has-post-thumbnail","hentry","category-not_mpal","category-not_saude"],"aioseo_notices":[],"_links":{"self":[{"href":"https:\/\/www.mpal.mp.br\/index.php?rest_route=\/wp\/v2\/posts\/25846","targetHints":{"allow":["GET"]}}],"collection":[{"href":"https:\/\/www.mpal.mp.br\/index.php?rest_route=\/wp\/v2\/posts"}],"about":[{"href":"https:\/\/www.mpal.mp.br\/index.php?rest_route=\/wp\/v2\/types\/post"}],"author":[{"embeddable":true,"href":"https:\/\/www.mpal.mp.br\/index.php?rest_route=\/wp\/v2\/users\/8"}],"replies":[{"embeddable":true,"href":"https:\/\/www.mpal.mp.br\/index.php?rest_route=%2Fwp%2Fv2%2Fcomments&post=25846"}],"version-history":[{"count":2,"href":"https:\/\/www.mpal.mp.br\/index.php?rest_route=\/wp\/v2\/posts\/25846\/revisions"}],"predecessor-version":[{"id":27905,"href":"https:\/\/www.mpal.mp.br\/index.php?rest_route=\/wp\/v2\/posts\/25846\/revisions\/27905"}],"wp:featuredmedia":[{"embeddable":true,"href":"https:\/\/www.mpal.mp.br\/index.php?rest_route=\/wp\/v2\/media\/21709"}],"wp:attachment":[{"href":"https:\/\/www.mpal.mp.br\/index.php?rest_route=%2Fwp%2Fv2%2Fmedia&parent=25846"}],"wp:term":[{"taxonomy":"category","embeddable":true,"href":"https:\/\/www.mpal.mp.br\/index.php?rest_route=%2Fwp%2Fv2%2Fcategories&post=25846"},{"taxonomy":"post_tag","embeddable":true,"href":"https:\/\/www.mpal.mp.br\/index.php?rest_route=%2Fwp%2Fv2%2Ftags&post=25846"}],"curies":[{"name":"wp","href":"https:\/\/api.w.org\/{rel}","templated":true}]}}