{"id":25546,"date":"2023-03-21T11:38:18","date_gmt":"2023-03-21T14:38:18","guid":{"rendered":"https:\/\/www.mpal.mp.br\/?p=25546"},"modified":"2023-04-26T10:22:09","modified_gmt":"2023-04-26T13:22:09","slug":"projeto-pro-manguezais","status":"publish","type":"post","link":"https:\/\/www.mpal.mp.br\/?p=25546","title":{"rendered":"Projeto &#8211; Pr\u00f3-Manguezais"},"content":{"rendered":"<p><div class=\"fusion-fullwidth fullwidth-box fusion-builder-row-1 nonhundred-percent-fullwidth non-hundred-percent-height-scrolling\"  style='background-color: #ffffff;background-position: center center;background-repeat: no-repeat;padding-top:0px;padding-right:0px;padding-bottom:0px;padding-left:0px;'><div class=\"fusion-builder-row fusion-row \"><div  class=\"fusion-layout-column fusion_builder_column fusion_builder_column_1_1 fusion-builder-column-1 fusion-one-full fusion-column-first fusion-column-last 1_1\"  style='margin-top:0px;margin-bottom:20px;'>\n\t\t\t\t\t<div class=\"fusion-column-wrapper\" style=\"padding: 0px 0px 0px 0px;background-position:left top;background-repeat:no-repeat;-webkit-background-size:cover;-moz-background-size:cover;-o-background-size:cover;background-size:cover;\"   data-bg-url=\"\">\n\t\t\t\t\t\t<div class=\"fusion-text\"><div class=\"wpb_text_column wpb_content_element \" data-raofz=\"14\">\n<div id=\"ct_86stlyctqtlscocy50gx\" class=\"wpb_wrapper\" data-raofz=\"14\">\n<p style=\"text-align: justify;\"><strong><span style=\"font-size: 14pt;\">Minist\u00e9rio P\u00fablico do Estado de Alagoas<\/span><\/strong><\/p>\n<p style=\"text-align: justify;\"><span style=\"font-size: 14pt;\"><strong>INOVA <\/strong>| Sistema de Gest\u00e3o de Projetos e Processos<\/span><\/p>\n<p style=\"text-align: justify;\"><span style=\"font-size: 14pt;\">PR\u00d3-MANGUEZAIS<\/span><\/p>\n<p style=\"text-align: justify;\"><span style=\"font-size: 14pt;\"><strong>Tipo: <\/strong>Projeto\u00a0\u00a0\u00a0\u00a0\u00a0\u00a0\u00a0\u00a0\u00a0\u00a0\u00a0\u00a0\u00a0\u00a0\u00a0\u00a0\u00a0\u00a0\u00a0\u00a0\u00a0\u00a0\u00a0\u00a0\u00a0\u00a0\u00a0\u00a0\u00a0\u00a0\u00a0\u00a0 <strong>\u00c1rea Regional: <\/strong>Munic\u00edpio de origem n\u00e3o informado<\/span><\/p>\n<p style=\"text-align: justify;\"><span style=\"font-size: 14pt;\"><strong>Status: <\/strong>Em execu\u00e7\u00e3o\u00a0 \u00a0 \u00a0 \u00a0 \u00a0 \u00a0 \u00a0 \u00a0 \u00a0 <strong>Unidade: <\/strong>Unidade de origem n\u00e3o informada<\/span><\/p>\n<p style=\"text-align: justify;\"><strong><span style=\"font-size: 14pt;\">::: Problema\/ Oportunidade<\/span><\/strong><\/p>\n<p style=\"text-align: justify;\"><span style=\"font-size: 14pt;\">Atrav\u00e9s do ATO PGJ N\u00ba. 19\/2017 foi institu\u00eddo no \u00e2mbito do Minist\u00e9rio P\u00fablico do Estado de Alagoas, o Programa de atua\u00e7\u00e3o ministerial para conserva\u00e7\u00e3o de esp\u00e9cies amea\u00e7adas de extin\u00e7\u00e3o no Estado de Alagoas, o qual prev\u00ea dentre seus objetivos \u201cdesenvolver a\u00e7\u00f5es e projetos que possibilitem a atua\u00e7\u00e3o ministerial para a conserva\u00e7\u00e3o de esp\u00e9cies amea\u00e7adas de extin\u00e7\u00e3o in-situ e ex-situ por meio da educa\u00e7\u00e3o ambiental, fomento \u00e0 fiscaliza\u00e7\u00e3o e prote\u00e7\u00e3o das esp\u00e9cies e seus habitats, seguindo os protocolos espec\u00edficos definidos nos planos de a\u00e7\u00e3o\u201d, bem como \u201cproteger as esp\u00e9cies end\u00eamicas e\/ou amea\u00e7adas de extin\u00e7\u00e3o in-situ e ex-situ e os seus habitats, assegurando o estabelecimento de medidas mitigadoras e compensat\u00f3rias que visem \u00e0 prote\u00e7\u00e3o destas esp\u00e9cies\u201d (Art. 2\u00ba, incisos I e III, do ATO PGJ N\u00ba. 19\/2017). O Pr\u00f3-Manguezais tem por objetivo elaborar a\u00e7\u00f5es estrat\u00e9gicas de gest\u00e3o dos manguezais no Estado de Alagoas, agindo primeiramente no diagn\u00f3stico da situa\u00e7\u00e3o atual desses ecossistemas, a fim de promover sua conserva\u00e7\u00e3o, uso sustent\u00e1vel e prote\u00e7\u00e3o \u00e0s esp\u00e9cies de fauna e flora e seus habitats, mantendo suas \u00e1reas e usos tradicionais, de modo a reduzir a degrada\u00e7\u00e3o, a partir da integra\u00e7\u00e3o entre diversos \u00f3rg\u00e3os e entidades protetoras do meio ambiente, fazendo uso de ferramentas para a dissemina\u00e7\u00e3o da educa\u00e7\u00e3o ambiental \u00e0 comunidade. Os manguezais s\u00e3o \u00e1reas \u00famidas protegidas pelo C\u00f3digo Florestal Brasileiro (Lei n\u00ba 12.651\/2012), classificadas como \u00c1reas de Preserva\u00e7\u00e3o Permanentes (APPs). S\u00e3o um dos ecossistemas mais produtivos do planeta, contribuem para a biodiversidade de relev\u00e2ncia mundial, asseguram a integridade ambiental da faixa costeira e s\u00e3o respons\u00e1veis pelo fornecimento dos recursos e servi\u00e7os ambientais que sustentam atividades econ\u00f4micas. Ao ser degradado, os manguezais levam o tempo de 10 a 20 anos para se recompor naturalmente pelas correntes marinhas. Esse ecossistema se desenvolve nas regi\u00f5es tropicais, no encontro da \u00e1gua doce e salgada, formando, dessa forma, a \u00e1gua salobra. S\u00e3o formados por tr\u00eas tipos de \u00e1rvores: o mangue-vermelho, o mangue- branco e o mangue-preto, sendo considerados uma floresta. Nela encontraremos animais que servem de alimento e sustento para muitas fam\u00edlias. A preserva\u00e7\u00e3o da sua fauna e flora \u00e9 de consider\u00e1vel import\u00e2ncia para a sustentabilidade dessa floresta e dos indiv\u00edduos que dela necessitam, sendo de extrema relev\u00e2ncia para o meio ambiente, pois possui equil\u00edbrio ecol\u00f3gico favor\u00e1vel para o desenvolvimento de v\u00e1rias plantas, aves, peixes e crust\u00e1ceos, principalmente no per\u00edodo da reprodu\u00e7\u00e3o. Serve tamb\u00e9m de alimenta\u00e7\u00e3o para animais por meio dos detritos em suspens\u00e3o nas \u00e1guas, que s\u00e3o compostos principalmente por fragmentos de folhas de mangue, formando a base alimentar de diversas esp\u00e9cies de caranguejos, camar\u00f5es e peixes, al\u00e9m de ser prop\u00edcio para o desenvolvimento do turismo ecol\u00f3gico. Apesar de sua import\u00e2ncia, os manguezais s\u00e3o vulner\u00e1veis a uma s\u00e9rie de amea\u00e7as, tais como a perda e fragmenta\u00e7\u00e3o da cobertura vegetal, a deteriora\u00e7\u00e3o da qualidade dos habitats aqu\u00e1ticos, seja devido \u00e0 polui\u00e7\u00e3o, a mudan\u00e7as na hidrodin\u00e2mica ou mesmo ao desmatamento desmedido, o que tem promovido a diminui\u00e7\u00e3o na oferta de recursos dos quais muitas comunidades tradicionais e setores dependem diretamente para sobreviver, mostrando-se necess\u00e1ria a atua\u00e7\u00e3o dos \u00f3rg\u00e3os e entidades de defesa do meio ambiente para recuperar e conservar os manguezais do Estado de Alagoas, seus recursos h\u00eddricos, fauna e flora. Ademais, diante do acima exposto, vislumbramos que revela-se o presente projeto perfeitamente alinhado com o Planejamento Estrat\u00e9gico do Minist\u00e9rio P\u00fablico de Alagoas, bem como com o Programa de Atua\u00e7\u00e3o Ministerial para a Conserva\u00e7\u00e3o de Esp\u00e9cies Amea\u00e7adas de Extin\u00e7\u00e3o no Estado de Alagoas.<\/span><\/p>\n<p style=\"text-align: justify;\"><strong><span style=\"font-size: 14pt;\">::: Objetivo<\/span><\/strong><\/p>\n<p style=\"text-align: justify;\"><span style=\"font-size: 14pt;\">OBJETIVO GERAL: Execu\u00e7\u00e3o, em regime de colabora\u00e7\u00e3o com outros \u00f3rg\u00e3os e institui\u00e7\u00f5es, de um conjunto de a\u00e7\u00f5es que possibilitem a reabilita\u00e7\u00e3o ambiental e prote\u00e7\u00e3o dos manguezais no Estado de Alagoas. OBJETIVOS ESPEC\u00cdFICOS: &#8211; Elaborar um diagn\u00f3stico da situa\u00e7\u00e3o dos manguezais do Estado de Alagoas e realizar o mapeamento das \u00e1reas de mangues; &#8211; Fomentar a implanta\u00e7\u00e3o de viveiros para produ\u00e7\u00e3o de mudas nos munic\u00edpios do litoral alagoano; &#8211; Realizar a\u00e7\u00f5es para reabilita\u00e7\u00e3o ambiental de manguezais em \u00e1reas selecionadas; &#8211; Elaborar o plano de a\u00e7\u00e3o para conserva\u00e7\u00e3o da fauna dos manguezais; &#8211; Realizar a\u00e7\u00f5es de educa\u00e7\u00e3o ambiental direcionadas para a prote\u00e7\u00e3o dos manguezais.<\/span><\/p>\n<p style=\"text-align: justify;\"><strong><span style=\"font-size: 14pt;\">::: Escopo<\/span><\/strong><\/p>\n<p style=\"text-align: justify;\"><span style=\"font-size: 14pt;\">Considerando que o presente projeto diz respeito \u00e0s a\u00e7\u00f5es que visam ao diagn\u00f3stico, recupera\u00e7\u00e3o e prote\u00e7\u00e3o dos manguezais do Estado de Alagoas, espera-se, enquanto resultado do trabalho, o efetivo cumprimento dos objetivos espec\u00edficos elencados, na busca da preserva\u00e7\u00e3o dos recursos h\u00eddricos, da fauna e da flora, com vistas a mapear a situa\u00e7\u00e3o dos manguezais, a cria\u00e7\u00e3o de viveiros, a elabora\u00e7\u00e3o do plano de a\u00e7\u00e3o para a conserva\u00e7\u00e3o da fauna, bem como a\u00e7\u00f5es de educa\u00e7\u00e3o ambiental, tudo direcionados \u00e0 prote\u00e7\u00e3o desses ecossistemas.<br \/><\/span><\/p>\n<p style=\"text-align: justify;\"><strong><span style=\"font-size: 14pt;\">::: N\u00e3o Escopo<\/span><\/strong><\/p>\n<p style=\"text-align: justify; padding-left: 40px;\"><span style=\"font-size: 14pt;\">A priori, o projeto possui car\u00e1ter educativo, visando a preserva\u00e7\u00e3o e recupera\u00e7\u00e3o das \u00e1reas de manguezais, n\u00e3o tendo o cond\u00e3o de adotar medidas coercitivas em face dos propriet\u00e1rios das \u00e1reas.<\/span><\/p>\n<p style=\"text-align: justify;\"><strong><span style=\"font-size: 14pt;\">::: Premissas<\/span><\/strong><\/p>\n<p style=\"text-align: justify; padding-left: 40px;\"><span style=\"font-size: 14pt;\">*Empenho dos \u00f3rg\u00e3os parceiros, no que se refere \u00e0 execu\u00e7\u00e3o das demandas propostas para cada um; &#8211; Mobiliza\u00e7\u00e3o e engajamentos dos propriet\u00e1rios das \u00e1reas de manguezais do Estado de Alagoas;<\/span><\/p>\n<p style=\"text-align: justify; padding-left: 40px;\"><span style=\"font-size: 14pt;\">*Apoio de setores da Procuradoria-Geral de Justi\u00e7a, entre eles o Escrit\u00f3rio de Projetos, a Assessoria de Comunica\u00e7\u00e3o , o Setor de Transporte; <\/span><\/p>\n<p style=\"text-align: justify; padding-left: 40px;\"><span style=\"font-size: 14pt;\">*Disponibiliza\u00e7\u00e3o de recursos humanos, financeiros e materiais para o desenvolvimento do projeto.<\/span><\/p>\n<p style=\"text-align: justify;\"><strong><span style=\"font-size: 14pt;\">::: Restri\u00e7\u00f5es<\/span><\/strong><\/p>\n<p style=\"text-align: justify; padding-left: 40px;\"><span style=\"font-size: 14pt;\">&#8211; A princ\u00edpio, n\u00e3o h\u00e1 restri\u00e7\u00f5es que possam limitar a execu\u00e7\u00e3o do projeto<\/span><\/p>\n<\/div>\n<\/div>\n<\/div><div class=\"fusion-builder-row fusion-builder-row-inner fusion-row \"><div  class=\"fusion-layout-column fusion_builder_column fusion_builder_column_1_2  fusion-one-half fusion-column-first 1_2\"  style='margin-top: 30px;margin-bottom: 20px;width:50%;width:calc(50% - ( ( 4% ) * 0.5 ) );margin-right:4%;'><div class=\"fusion-column-wrapper fusion-column-wrapper-1\" style=\"padding: 0px 0px 0px 0px;background-position:left top;background-repeat:no-repeat;-webkit-background-size:cover;-moz-background-size:cover;-o-background-size:cover;background-size:cover;\"  data-bg-url=\"\"><style type=\"text\/css\"><\/style><div class=\"fusion-title title fusion-title-1 fusion-title-center fusion-title-text fusion-title-size-two\" style=\"margin-top:0px;margin-bottom:31px;\"><div class=\"title-sep-container title-sep-container-left\"><div class=\"title-sep sep-double sep-solid\" style=\"border-color:#e0dede;\"><\/div><\/div><h2 class=\"title-heading-center\" style=\"margin:0;\">RESPONS\u00c1VEIS<\/h2><div class=\"title-sep-container title-sep-container-right\"><div class=\"title-sep sep-double sep-solid\" style=\"border-color:#e0dede;\"><\/div><\/div><\/div><div class=\"fusion-text\"><p style=\"text-align: center;\"><span style=\"font-size: 14pt; color: #003866;\" data-raofz=\"14\">Tha\u00edsaellane de Jesus Cavalcante Lamenha<\/span><\/p>\n<\/div><\/div><\/div><div  class=\"fusion-layout-column fusion_builder_column fusion_builder_column_1_2  fusion-one-half fusion-column-last 1_2\"  style='margin-top: 30px;margin-bottom: 20px;width:50%;width:calc(50% - ( ( 4% ) * 0.5 ) );'><div class=\"fusion-column-wrapper fusion-column-wrapper-2\" style=\"padding: 0px 0px 0px 0px;background-position:left top;background-repeat:no-repeat;-webkit-background-size:cover;-moz-background-size:cover;-o-background-size:cover;background-size:cover;\"  data-bg-url=\"\"><style type=\"text\/css\"><\/style><div class=\"fusion-title title fusion-title-2 fusion-title-center fusion-title-text fusion-title-size-two\" style=\"margin-top:0px;margin-bottom:31px;\"><div class=\"title-sep-container title-sep-container-left\"><div class=\"title-sep sep-double sep-solid\" style=\"border-color:#e0dede;\"><\/div><\/div><h2 class=\"title-heading-center\" style=\"margin:0;\">CONTATOS<\/h2><div class=\"title-sep-container title-sep-container-right\"><div class=\"title-sep sep-double sep-solid\" style=\"border-color:#e0dede;\"><\/div><\/div><\/div><div class=\"fusion-text\"><p style=\"text-align: center;\"><span style=\"font-size: 14pt; color: #003866;\" data-raofz=\"14\">(82) 2122-3529<\/span><\/p>\n<\/div><\/div><\/div><\/div><div class=\"fusion-sep-clear\"><\/div><div class=\"fusion-separator fusion-full-width-sep sep-none\" style=\"margin-left: auto;margin-right: auto;margin-top:10px;\"><\/div><style type=\"text\/css\"><\/style><div class=\"fusion-title title fusion-title-3 fusion-title-text fusion-title-size-three\" style=\"margin-top:40px;margin-bottom:31px;\"><h3 class=\"title-heading-left\" style=\"margin:0;color:#ffffff;\"><strong><span style=\"font-size: 14pt; color: #003866;\">Anexos<\/span><\/strong><\/h3><div class=\"title-sep-container\"><div class=\"title-sep sep-double sep-solid\" style=\"border-color:#003866;\"><\/div><\/div><\/div><div class=\"fusion-text\"><p><span style=\"font-size: 14pt;\"><i class=\"fontawesome-icon fa-file-pdf fas circle-no\" style=\"font-size:18px;margin-right:9px;color:#003866;\"><\/i><a href=\"https:\/\/www.mpal.mp.br\/wp-content\/uploads\/2023\/04\/INOVA-Pro-manguezais.pdf\" target=\"_blank\" rel=\"noopener\">Projeto Pr\u00f3-Manguezais &#8211; Projeto INOVA<\/a><\/span><\/p>\n<\/div><div class=\"fusion-clearfix\"><\/div>\n\n\t\t\t\t\t<\/div>\n\t\t\t\t<\/div><\/div><\/div><div class=\"fusion-fullwidth fullwidth-box fusion-builder-row-2 nonhundred-percent-fullwidth non-hundred-percent-height-scrolling\"  style='background-color: #ffffff;background-position: center center;background-repeat: no-repeat;padding-top:0px;padding-right:0px;padding-bottom:0px;padding-left:0px;'><div class=\"fusion-builder-row fusion-row \"><div  class=\"fusion-layout-column fusion_builder_column fusion_builder_column_1_1 fusion-builder-column-2 fusion-one-full fusion-column-first fusion-column-last 1_1\"  style='margin-top:0px;margin-bottom:20px;'>\n\t\t\t\t\t<div class=\"fusion-column-wrapper\" style=\"padding: 0px 0px 0px 0px;background-position:left top;background-repeat:no-repeat;-webkit-background-size:cover;-moz-background-size:cover;-o-background-size:cover;background-size:cover;\"   data-bg-url=\"\">\n\t\t\t\t\t\t<style type=\"text\/css\"><\/style><div class=\"fusion-title title fusion-title-4 fusion-title-center fusion-title-text fusion-title-size-three\" style=\"margin-top:40px;margin-bottom:31px;\"><div class=\"title-sep-container title-sep-container-left\"><div class=\"title-sep sep-double sep-solid\" style=\"border-color:#003866;\"><\/div><\/div><h3 class=\"title-heading-center\" style=\"margin:0;color:#ffffff;\"><span style=\"color: #808080;\"><strong><span style=\"font-size: 14pt;\">\u00daltimos Projetos<\/span><\/strong><\/span><\/h3><div class=\"title-sep-container title-sep-container-right\"><div class=\"title-sep sep-double sep-solid\" style=\"border-color:#003866;\"><\/div><\/div><\/div><div class=\"fusion-recent-posts fusion-recent-posts-1 avada-container layout-default layout-columns-1\"><section class=\"fusion-columns columns fusion-columns-1 columns-1\"><article class=\"post fusion-column column col col-lg-12 col-md-12 col-sm-12\"><div class=\"recent-posts-content\"><span class=\"vcard\" style=\"display: none;\"><span class=\"fn\"><a href=\"https:\/\/www.mpal.mp.br\/?author=2\" title=\"Posts de Administrador03\" rel=\"author\">Administrador03<\/a><\/span><\/span><span class=\"updated\" style=\"display:none;\">2025-09-10T10:10:39-03:00<\/span><h4 class=\"entry-title\"><a href=\"https:\/\/www.mpal.mp.br\/?p=60868\">Projeto &#8211; PM: Quero Paz!<\/a><\/h4><\/div><\/article><article class=\"post fusion-column column col col-lg-12 col-md-12 col-sm-12\"><div class=\"recent-posts-content\"><span class=\"vcard\" style=\"display: none;\"><span class=\"fn\"><a href=\"https:\/\/www.mpal.mp.br\/?author=2\" title=\"Posts de Administrador03\" rel=\"author\">Administrador03<\/a><\/span><\/span><span class=\"updated\" style=\"display:none;\">2025-09-10T08:45:48-03:00<\/span><h4 class=\"entry-title\"><a href=\"https:\/\/www.mpal.mp.br\/?p=60799\">Projeto &#8211; Acolher para Proteger<\/a><\/h4><\/div><\/article><article class=\"post fusion-column column col col-lg-12 col-md-12 col-sm-12\"><div class=\"recent-posts-content\"><span class=\"vcard\" style=\"display: none;\"><span class=\"fn\"><a href=\"https:\/\/www.mpal.mp.br\/?author=2\" title=\"Posts de Administrador03\" rel=\"author\">Administrador03<\/a><\/span><\/span><span class=\"updated\" style=\"display:none;\">2025-09-11T10:08:18-03:00<\/span><h4 class=\"entry-title\"><a href=\"https:\/\/www.mpal.mp.br\/?p=60949\">Projeto &#8211; O Futuro \u00e9 agora &#8211; MPAL na luta contra a fome<\/a><\/h4><\/div><\/article><article class=\"post fusion-column column col col-lg-12 col-md-12 col-sm-12\"><div class=\"recent-posts-content\"><span class=\"vcard\" style=\"display: none;\"><span class=\"fn\"><a href=\"https:\/\/www.mpal.mp.br\/?author=2\" title=\"Posts de Administrador03\" rel=\"author\">Administrador03<\/a><\/span><\/span><span class=\"updated\" style=\"display:none;\">2025-09-10T09:53:04-03:00<\/span><h4 class=\"entry-title\"><a href=\"https:\/\/www.mpal.mp.br\/?p=60854\">Projeto &#8211; O Fomento do terceiro<\/a><\/h4><\/div><\/article><article class=\"post fusion-column column col col-lg-12 col-md-12 col-sm-12\"><div class=\"recent-posts-content\"><span class=\"vcard\" style=\"display: none;\"><span class=\"fn\"><a href=\"https:\/\/www.mpal.mp.br\/?author=2\" title=\"Posts de Administrador03\" rel=\"author\">Administrador03<\/a><\/span><\/span><span class=\"updated\" style=\"display:none;\">2025-09-10T09:45:49-03:00<\/span><h4 class=\"entry-title\"><a href=\"https:\/\/www.mpal.mp.br\/?p=60846\">Projeto &#8211; Nossa Educa\u00e7\u00e3o daria um Livro<\/a><\/h4><\/div><\/article><article class=\"post fusion-column column col col-lg-12 col-md-12 col-sm-12\"><div class=\"recent-posts-content\"><span class=\"vcard\" style=\"display: none;\"><span class=\"fn\"><a href=\"https:\/\/www.mpal.mp.br\/?author=2\" title=\"Posts de Administrador03\" rel=\"author\">Administrador03<\/a><\/span><\/span><span class=\"updated\" style=\"display:none;\">2025-09-10T08:56:41-03:00<\/span><h4 class=\"entry-title\"><a href=\"https:\/\/www.mpal.mp.br\/?p=60806\">Projeto &#8211; Educar e Proteger<\/a><\/h4><\/div><\/article><\/section><\/div><div class=\"fusion-clearfix\"><\/div>\n\n\t\t\t\t\t<\/div>\n\t\t\t\t<\/div><\/div><\/div><\/p>\n","protected":false},"excerpt":{"rendered":"","protected":false},"author":1,"featured_media":25547,"comment_status":"open","ping_status":"open","sticky":false,"template":"","format":"standard","meta":{"om_disable_all_campaigns":false,"_monsterinsights_skip_tracking":false,"_monsterinsights_sitenote_active":false,"_monsterinsights_sitenote_note":"","_monsterinsights_sitenote_category":0,"_uf_show_specific_survey":0,"_uf_disable_surveys":false,"footnotes":""},"categories":[28],"tags":[],"class_list":["post-25546","post","type-post","status-publish","format-standard","has-post-thumbnail","hentry","category-projetos"],"aioseo_notices":[],"_links":{"self":[{"href":"https:\/\/www.mpal.mp.br\/index.php?rest_route=\/wp\/v2\/posts\/25546","targetHints":{"allow":["GET"]}}],"collection":[{"href":"https:\/\/www.mpal.mp.br\/index.php?rest_route=\/wp\/v2\/posts"}],"about":[{"href":"https:\/\/www.mpal.mp.br\/index.php?rest_route=\/wp\/v2\/types\/post"}],"author":[{"embeddable":true,"href":"https:\/\/www.mpal.mp.br\/index.php?rest_route=\/wp\/v2\/users\/1"}],"replies":[{"embeddable":true,"href":"https:\/\/www.mpal.mp.br\/index.php?rest_route=%2Fwp%2Fv2%2Fcomments&post=25546"}],"version-history":[{"count":1,"href":"https:\/\/www.mpal.mp.br\/index.php?rest_route=\/wp\/v2\/posts\/25546\/revisions"}],"predecessor-version":[{"id":25550,"href":"https:\/\/www.mpal.mp.br\/index.php?rest_route=\/wp\/v2\/posts\/25546\/revisions\/25550"}],"wp:featuredmedia":[{"embeddable":true,"href":"https:\/\/www.mpal.mp.br\/index.php?rest_route=\/wp\/v2\/media\/25547"}],"wp:attachment":[{"href":"https:\/\/www.mpal.mp.br\/index.php?rest_route=%2Fwp%2Fv2%2Fmedia&parent=25546"}],"wp:term":[{"taxonomy":"category","embeddable":true,"href":"https:\/\/www.mpal.mp.br\/index.php?rest_route=%2Fwp%2Fv2%2Fcategories&post=25546"},{"taxonomy":"post_tag","embeddable":true,"href":"https:\/\/www.mpal.mp.br\/index.php?rest_route=%2Fwp%2Fv2%2Ftags&post=25546"}],"curies":[{"name":"wp","href":"https:\/\/api.w.org\/{rel}","templated":true}]}}