{"id":25519,"date":"2021-10-13T11:01:02","date_gmt":"2021-10-13T14:01:02","guid":{"rendered":"https:\/\/www.mpal.mp.br\/?p=25519"},"modified":"2023-04-24T11:01:31","modified_gmt":"2023-04-24T14:01:31","slug":"projeto-fitinha-da-protecao","status":"publish","type":"post","link":"https:\/\/www.mpal.mp.br\/?p=25519","title":{"rendered":"Projeto &#8211; Fitinha da Prote\u00e7\u00e3o"},"content":{"rendered":"<p><div class=\"fusion-fullwidth fullwidth-box fusion-builder-row-1 nonhundred-percent-fullwidth non-hundred-percent-height-scrolling\"  style='background-color: #ffffff;background-position: center center;background-repeat: no-repeat;padding-top:0px;padding-right:0px;padding-bottom:0px;padding-left:0px;'><div class=\"fusion-builder-row fusion-row \"><div  class=\"fusion-layout-column fusion_builder_column fusion_builder_column_1_1 fusion-builder-column-1 fusion-one-full fusion-column-first fusion-column-last 1_1\"  style='margin-top:0px;margin-bottom:20px;'>\n\t\t\t\t\t<div class=\"fusion-column-wrapper\" style=\"padding: 0px 0px 0px 0px;background-position:left top;background-repeat:no-repeat;-webkit-background-size:cover;-moz-background-size:cover;-o-background-size:cover;background-size:cover;\"   data-bg-url=\"\">\n\t\t\t\t\t\t<div class=\"fusion-text\"><div class=\"wpb_text_column wpb_content_element \" data-raofz=\"14\">\n<div id=\"ct_86stlyctqtlscocy50gx\" class=\"wpb_wrapper\" data-raofz=\"14\">\n<p style=\"text-align: justify;\"><strong><span style=\"font-size: 14pt;\">Minist\u00e9rio P\u00fablico do Estado de Alagoas<\/span><\/strong><\/p>\n<p style=\"text-align: justify;\"><span style=\"font-size: 14pt;\"><strong>INOVA <\/strong>| Sistema de Gest\u00e3o de Projetos e Processos<\/span><\/p>\n<p style=\"text-align: justify;\"><span style=\"font-size: 14pt;\">FITINHA DA PROTE\u00c7\u00c3O<\/span><\/p>\n<p style=\"text-align: justify;\"><span style=\"font-size: 14pt;\"><strong>Tipo: <\/strong>Projeto\u00a0\u00a0\u00a0\u00a0\u00a0\u00a0\u00a0\u00a0\u00a0\u00a0\u00a0\u00a0\u00a0\u00a0\u00a0\u00a0\u00a0\u00a0\u00a0\u00a0\u00a0\u00a0\u00a0\u00a0\u00a0\u00a0\u00a0\u00a0\u00a0\u00a0\u00a0\u00a0 <strong>\u00c1rea Regional: <\/strong>Munic\u00edpio de origem n\u00e3o informado<\/span><\/p>\n<p style=\"text-align: justify;\"><span style=\"font-size: 14pt;\"><strong>Status: <\/strong>Em execu\u00e7\u00e3o\u00a0 \u00a0 \u00a0 \u00a0 \u00a0 \u00a0 \u00a0 \u00a0 \u00a0 <strong>Unidade: <\/strong>Unidade de origem n\u00e3o informada<\/span><\/p>\n<p style=\"text-align: justify;\"><strong><span style=\"font-size: 14pt;\">::: Problema\/ Oportunidade<\/span><\/strong><\/p>\n<p style=\"text-align: justify;\"><span style=\"font-size: 14pt;\">A viol\u00eancia sexual contra crian\u00e7as e adolescentes \u00e9 um fen\u00f4meno social que deve ser preocupa\u00e7\u00e3o de todos\/as. No Brasil, segundo os dados do Disque 100, a cada hora tr\u00eas crian\u00e7as\/adolescentes s\u00e3o v\u00edtimas de viol\u00eancia sexual. No contexto de Rio Largo-AL, os dados disponibilizados pelos Conselhos Tutelares da cidade, apontam que foram registrados 110 casos, entre os anos de 2019 a 2020, que em sua maioria foram praticados contra crian\u00e7as do sexo feminino. Com aten\u00e7\u00e3o ao fato de que nenhuma das den\u00fancias realizadas no ano de 2020, foram de iniciativa da pr\u00f3pria crian\u00e7a ou adolescente. Assim, considerando a vulnerabilidade \u00e0 qual os infantes se encontram, tem-se a necessidade de uma interven\u00e7\u00e3o mais acess\u00edvel, capaz de possibilit\u00e1-los autonomia para se defender e identificar situa\u00e7\u00f5es de viol\u00eancia, uma vez que a literatura estima que apenas 20% dos casos de viol\u00eancia sexual contra crian\u00e7as e adolescentes s\u00e3o notificados e chegam \u00e0s autoridades de prote\u00e7\u00e3o e responsabiliza\u00e7\u00e3o. Considerando o cen\u00e1rio em que 87% dos casos, os\/as agressores\/as s\u00e3o familiares pr\u00f3ximos e\/ou pessoas de conviv\u00eancia e confian\u00e7a do indiv\u00edduo que sofre viol\u00eancia, tem-se que o isolamento social imposto pela conjuntura at\u00edpica de pandemia da COVID-19, vem fortalecendo a subnotifica\u00e7\u00e3o e inviabilizando a den\u00fancia. Devemos assim, ressaltar que o distanciamento social e a suspens\u00e3o de aulas presenciais, tamb\u00e9m s\u00e3o fatores importantes para a subnotifica\u00e7\u00e3o dos casos, uma vez que a estrutura escolar \u00e9 uma significativa fonte de den\u00fancias de viol\u00eancia sexual. Desse modo, os\/as infantes em situa\u00e7\u00e3o de viol\u00eancia est\u00e3o em constante conv\u00edvio com seus\/suas agressores\/as e consequentemente, mais expostos\/as a situa\u00e7\u00f5es de viol\u00eancia. Contudo, autores apontam que a educa\u00e7\u00e3o sexual \u00e9 uma das formas mais eficazes de prevenir e enfrentar o abuso sexual contra crian\u00e7as e adolescentes, sendo capaz de ensinar habilidades de auto prote\u00e7\u00e3o que possam contribuir para que o indiv\u00edduo, diante de situa\u00e7\u00f5es de risco, adote comportamentos que possam preserv\u00e1-lo, tais como realizar um pedido de ajuda ou contar para algu\u00e9m caso alguma situa\u00e7\u00e3o ocorra. Nesse sentido, o projeto \\&#8221;FITINHA DA PROTE\u00c7\u00c3O\\&#8221;, mostra-se de grande valia, uma vez que visa agregar ao sistema de garantia de direitos mais um instrumento de informa\u00e7\u00e3o e enfrentamento, inovando a abordagem na aten\u00e7\u00e3o a crian\u00e7as e adolescentes. E, de forma pedag\u00f3gica e l\u00fadica, empoderando os infantes de informa\u00e7\u00f5es, para que estes possam assim proteger a si e ao outro, e efetivar a den\u00fancia. O que mostra-se de fundamental import\u00e2ncia no atual cen\u00e1rio de agravamento das viola\u00e7\u00f5es de direitos do p\u00fablico infantojuvenil.<\/span><\/p>\n<p style=\"text-align: justify;\"><strong><span style=\"font-size: 14pt;\">::: Objetivo<\/span><\/strong><\/p>\n<p style=\"text-align: justify;\"><span style=\"font-size: 14pt;\">OBJETIVO GERAL Propiciar as crian\u00e7as e adolescentes um instrumento de fomento \u00e0 autodefesa e den\u00fancia contra viol\u00eancia sexual. OBJETIVOS ESPEC\u00cdFICOS <\/span><\/p>\n<p style=\"text-align: justify;\"><span style=\"font-size: 14pt;\">-Articular atores da rede de atendimento e prote\u00e7\u00e3o \u00e0 Crian\u00e7as e Adolescentes &#8211; CRIADs; <\/span><\/p>\n<p style=\"text-align: justify;\"><span style=\"font-size: 14pt;\">-Fortalecer o Sistema de Garantias de Direitos da Crian\u00e7a e do Adolescente para o enfrentamento \u00e0 viol\u00eancia sexual; -Mapear os casos de viol\u00eancia sexual contra crian\u00e7as e adolescentes no munic\u00edpio; <\/span><\/p>\n<p style=\"text-align: justify;\"><span style=\"font-size: 14pt;\">-Sensibilizar a sociedade sobre viol\u00eancia sexual contra CRIADs; -Fomentar o protagonismo e empoderamento infantojuvenil; -Estimular a autoprote\u00e7\u00e3o entre CRIADs facilitando seu acesso aos canais de den\u00fancia<\/span><\/p>\n<p style=\"text-align: justify;\"><strong><span style=\"font-size: 14pt;\">::: Escopo<\/span><\/strong><\/p>\n<p style=\"text-align: justify;\"><span style=\"font-size: 14pt;\">&#8211; Realizar at\u00e9 duas reuni\u00f5es focais com as secretarias das pol\u00edticas b\u00e1sicas de atendimento a crian\u00e7as e adolescentes em situa\u00e7\u00e3o de viol\u00eancia sexual; <\/span><\/p>\n<p style=\"text-align: justify;\"><span style=\"font-size: 14pt;\">&#8211; Restabelecer a figura do\/a \u201cArticulador\/a Municipal\u201d em 70% das institui\u00e7\u00f5es de educa\u00e7\u00e3o, sa\u00fade e assist\u00eancia social; <\/span><\/p>\n<p style=\"text-align: justify;\"><span style=\"font-size: 14pt;\">&#8211; Integrar mais institui\u00e7\u00f5es ao Comit\u00ea Municipal de Enfrentamento \u00e0 Viol\u00eancia Sexual Contra Crian\u00e7as e Adolescentes; <\/span><\/p>\n<p style=\"text-align: justify;\"><span style=\"font-size: 14pt;\">&#8211; Realizar uma forma\u00e7\u00e3o espec\u00edfica para os\/as profissionais que atuam no atendimento \u00e0 CRIADs; &#8211; Fomentar o protagonismo de crian\u00e7as e adolescentes, estabelecendo a figura do\/a \u201cArticulador\/a Infantojuvenil\u201d em 70% das escolas de ensino fundamental e m\u00e9dio do munic\u00edpio; <\/span><\/p>\n<p style=\"text-align: justify;\"><span style=\"font-size: 14pt;\">&#8211; Realizar uma forma\u00e7\u00e3o para os\/as \u201cArticuladores\/as Infantojuvenis\u201d, sobre viol\u00eancia sexual contra CRIADs, estabelecendo uma rela\u00e7\u00e3o dial\u00f3gica e fortalecendo a ideia de participa\u00e7\u00e3o;<\/span><\/p>\n<p style=\"text-align: justify;\"><span style=\"font-size: 14pt;\"> &#8211; Possibilitar a CRIADs condi\u00e7\u00f5es de fazerem a den\u00fancia; <\/span><\/p>\n<p style=\"text-align: justify;\"><span style=\"font-size: 14pt;\">&#8211; Desenvolver um v\u00eddeo com CRIADs protagonistas, para uma campanha publicit\u00e1ria que envolva as redes sociais do CMDCA, CTs, Promotoria, Prefeitura, 12\u00aa GERE e demais institui\u00e7\u00f5es envolvidas; <\/span><\/p>\n<p style=\"text-align: justify;\"><span style=\"font-size: 14pt;\">&#8211; Participar de programas de r\u00e1dio e de TV para divulga\u00e7\u00e3o e mobiliza\u00e7\u00e3o nas redes sociais, ampliando a divulga\u00e7\u00e3o sobre as atividades desenvolvidas e institui\u00e7\u00f5es envolvidas; <\/span><\/p>\n<p style=\"text-align: justify;\"><span style=\"font-size: 14pt;\">&#8211; Estabelecer parcerias com o com\u00e9rcio local, Templos Religiosos, associa\u00e7\u00f5es de bairro, para o uso do espa\u00e7o f\u00edsico e On-line para divulga\u00e7\u00e3o da campanha; <\/span><\/p>\n<p style=\"text-align: justify;\"><span style=\"font-size: 14pt;\">&#8211; Criar um banco de dados municipal sobre viol\u00eancia sexual contra crian\u00e7as e adolescentes.<\/span><\/p>\n<p style=\"text-align: justify;\"><strong><span style=\"font-size: 14pt;\">::: N\u00e3o Escopo<\/span><\/strong><\/p>\n<p style=\"text-align: justify; padding-left: 40px;\"><span style=\"font-size: 14pt;\">O projeto est\u00e1 inserido em uma perspectiva de fortalecimento da autonomia de crian\u00e7as e adolescentes na preven\u00e7\u00e3o aos diversos tipos de viol\u00eancia. Nesse sentido, n\u00e3o se relaciona \u00e0 concep\u00e7\u00f5es baseadas em uma perspectiva autorit\u00e1ria, adultoc\u00eantrica e meramente punitivista no atendimento \u00e0s den\u00fancias de viol\u00eancia sexual. \u00c9 um grande desafio trabalhar a autoprote\u00e7\u00e3o em um contexto social que nega cotidianamente a condi\u00e7\u00e3o de sujeitos de direitos \u00e0s crian\u00e7as e adolescentes.<\/span><\/p>\n<p style=\"text-align: justify;\"><strong><span style=\"font-size: 14pt;\">::: Premissas<\/span><\/strong><\/p>\n<p style=\"text-align: justify; padding-left: 40px;\"><span style=\"font-size: 14pt;\">Capacitar a rede de atendimento e crian\u00e7as e adolescentes do munic\u00edpio para o fortalecimento dos instrumentos de autoprote\u00e7\u00e3o. Fortalecer a autonomia de crian\u00e7as e adolescentes na realiza\u00e7\u00e3o de den\u00fancias nas situa\u00e7\u00f5es de viol\u00eancia sexual. Fomentar a\u00e7\u00f5es continuadas e sistem\u00e1ticas de preven\u00e7\u00e3o \u00e0 viol\u00eancia sexual.<\/span><\/p>\n<p style=\"text-align: justify;\"><strong><span style=\"font-size: 14pt;\">::: Restri\u00e7\u00f5es<\/span><\/strong><\/p>\n<p style=\"text-align: justify; padding-left: 40px;\"><span style=\"font-size: 14pt;\">-Garantir a continuidade das a\u00e7\u00f5es de preven\u00e7\u00e3o \u00e0 viol\u00eancia sexual contra Criad\\&#8217;s e ampliar a capilaridade do projeto para outros territ\u00f3rios; -Trabalhar no contexto da pandemia, com atividades remotas, considerando as dificuldades de acesso \u00e0s Tecnologias da Informa\u00e7\u00e3o por parte do p\u00fablico do projeto; <\/span><\/p>\n<p style=\"text-align: justify; padding-left: 40px;\"><span style=\"font-size: 14pt;\">-Aquisi\u00e7\u00e3o de quantidade suficiente de fitinhas que atenda todo o p\u00fablico infanto-juvenil do munic\u00edpio; -Fortalecer o protagonismo das crian\u00e7as e adolescentes em meio \u00e0 esse contexto que viola cotidianamente os direitos e a dignidade dessa popula\u00e7\u00e3o; <\/span><\/p>\n<p style=\"text-align: justify; padding-left: 40px;\"><span style=\"font-size: 14pt;\">-Formular a continuidade e efetividade das a\u00e7\u00f5es de educa\u00e7\u00e3o para a autoprote\u00e7\u00e3o em uma perspectiva emancipat\u00f3ria.<br \/><\/span><\/p>\n<\/div>\n<\/div>\n<\/div><div class=\"fusion-builder-row fusion-builder-row-inner fusion-row \"><div  class=\"fusion-layout-column fusion_builder_column fusion_builder_column_1_2  fusion-one-half fusion-column-first 1_2\"  style='margin-top: 30px;margin-bottom: 20px;width:50%;width:calc(50% - ( ( 4% ) * 0.5 ) );margin-right:4%;'><div class=\"fusion-column-wrapper fusion-column-wrapper-1\" style=\"padding: 0px 0px 0px 0px;background-position:left top;background-repeat:no-repeat;-webkit-background-size:cover;-moz-background-size:cover;-o-background-size:cover;background-size:cover;\"  data-bg-url=\"\"><style type=\"text\/css\"><\/style><div class=\"fusion-title title fusion-title-1 fusion-title-center fusion-title-text fusion-title-size-two\" style=\"margin-top:0px;margin-bottom:31px;\"><div class=\"title-sep-container title-sep-container-left\"><div class=\"title-sep sep-double sep-solid\" style=\"border-color:#e0dede;\"><\/div><\/div><h2 class=\"title-heading-center\" style=\"margin:0;\">RESPONS\u00c1VEIS<\/h2><div class=\"title-sep-container title-sep-container-right\"><div class=\"title-sep sep-double sep-solid\" style=\"border-color:#e0dede;\"><\/div><\/div><\/div><div class=\"fusion-text\"><p style=\"text-align: center;\"><span style=\"font-size: 14pt; color: #003866;\" data-raofz=\"14\">Andreza Galindo Alves de Queir\u00f3z<\/span><\/p>\n<p style=\"text-align: center;\"><span style=\"font-size: 14pt; color: #003866;\" data-raofz=\"14\">Cl\u00e1udio JLuiz Galv\u00e3o Malta<\/span><\/p>\n<p style=\"text-align: center;\"><span style=\"font-size: 14pt; color: #003866;\" data-raofz=\"14\">Jediane Freitas da Silva<\/span><\/p>\n<p style=\"text-align: center;\"><span style=\"font-size: 14pt; color: #003866;\" data-raofz=\"14\">Maria Cristina Mendes Calvancante<\/span><\/p>\n<\/div><\/div><\/div><div  class=\"fusion-layout-column fusion_builder_column fusion_builder_column_1_2  fusion-one-half fusion-column-last 1_2\"  style='margin-top: 30px;margin-bottom: 20px;width:50%;width:calc(50% - ( ( 4% ) * 0.5 ) );'><div class=\"fusion-column-wrapper fusion-column-wrapper-2\" style=\"padding: 0px 0px 0px 0px;background-position:left top;background-repeat:no-repeat;-webkit-background-size:cover;-moz-background-size:cover;-o-background-size:cover;background-size:cover;\"  data-bg-url=\"\"><style type=\"text\/css\"><\/style><div class=\"fusion-title title fusion-title-2 fusion-title-center fusion-title-text fusion-title-size-two\" style=\"margin-top:0px;margin-bottom:31px;\"><div class=\"title-sep-container title-sep-container-left\"><div class=\"title-sep sep-double sep-solid\" style=\"border-color:#e0dede;\"><\/div><\/div><h2 class=\"title-heading-center\" style=\"margin:0;\">CONTATOS<\/h2><div class=\"title-sep-container title-sep-container-right\"><div class=\"title-sep sep-double sep-solid\" style=\"border-color:#e0dede;\"><\/div><\/div><\/div><div class=\"fusion-text\"><p style=\"text-align: center;\"><span style=\"font-size: 14pt; color: #003866;\" data-raofz=\"14\">(82) 9 9949-4297<\/span><\/p>\n<p style=\"text-align: center;\"><span style=\"font-size: 14pt; color: #003866;\" data-raofz=\"14\">(82) 2122-3691<\/span><\/p>\n<p style=\"text-align: center;\"><span style=\"font-size: 14pt; color: #003866;\" data-raofz=\"14\">(82) 9 9101-2926<\/span><\/p>\n<p style=\"text-align: center;\"><span style=\"font-size: 14pt; color: #003866;\" data-raofz=\"14\">(82) 2122-3594<\/span><\/p>\n<\/div><\/div><\/div><\/div><div class=\"fusion-sep-clear\"><\/div><div class=\"fusion-separator fusion-full-width-sep sep-none\" style=\"margin-left: auto;margin-right: auto;margin-top:10px;\"><\/div><style type=\"text\/css\"><\/style><div class=\"fusion-title title fusion-title-3 fusion-title-text fusion-title-size-three\" style=\"margin-top:40px;margin-bottom:31px;\"><h3 class=\"title-heading-left\" style=\"margin:0;color:#ffffff;\"><strong><span style=\"font-size: 14pt; color: #003866;\">Anexos<\/span><\/strong><\/h3><div class=\"title-sep-container\"><div class=\"title-sep sep-double sep-solid\" style=\"border-color:#003866;\"><\/div><\/div><\/div><div class=\"fusion-text\"><p><span style=\"font-size: 14pt;\"><i class=\"fontawesome-icon fa-file-pdf fas circle-no\" style=\"font-size:18px;margin-right:9px;color:#003866;\"><\/i><a href=\"https:\/\/www.mpal.mp.br\/wp-content\/uploads\/2023\/04\/INOVA-Fitinha-da-Protecao.pdf\" target=\"_blank\" rel=\"noopener\">Projeto Fitinha da Prote\u00e7\u00e3o &#8211; Arquivo<\/a><\/span><\/p>\n<\/div><div class=\"fusion-clearfix\"><\/div>\n\n\t\t\t\t\t<\/div>\n\t\t\t\t<\/div><\/div><\/div><div class=\"fusion-fullwidth fullwidth-box fusion-builder-row-2 nonhundred-percent-fullwidth non-hundred-percent-height-scrolling\"  style='background-color: #ffffff;background-position: center center;background-repeat: no-repeat;padding-top:0px;padding-right:0px;padding-bottom:0px;padding-left:0px;'><div class=\"fusion-builder-row fusion-row \"><div  class=\"fusion-layout-column fusion_builder_column fusion_builder_column_1_1 fusion-builder-column-2 fusion-one-full fusion-column-first fusion-column-last 1_1\"  style='margin-top:0px;margin-bottom:20px;'>\n\t\t\t\t\t<div class=\"fusion-column-wrapper\" style=\"padding: 0px 0px 0px 0px;background-position:left top;background-repeat:no-repeat;-webkit-background-size:cover;-moz-background-size:cover;-o-background-size:cover;background-size:cover;\"   data-bg-url=\"\">\n\t\t\t\t\t\t<style type=\"text\/css\"><\/style><div class=\"fusion-title title fusion-title-4 fusion-title-center fusion-title-text fusion-title-size-three\" style=\"margin-top:40px;margin-bottom:31px;\"><div class=\"title-sep-container title-sep-container-left\"><div class=\"title-sep sep-double sep-solid\" style=\"border-color:#003866;\"><\/div><\/div><h3 class=\"title-heading-center\" style=\"margin:0;color:#ffffff;\"><span style=\"color: #808080;\"><strong><span style=\"font-size: 14pt;\">\u00daltimos Projetos<\/span><\/strong><\/span><\/h3><div class=\"title-sep-container title-sep-container-right\"><div class=\"title-sep sep-double sep-solid\" style=\"border-color:#003866;\"><\/div><\/div><\/div><div class=\"fusion-recent-posts fusion-recent-posts-1 avada-container layout-default layout-columns-1\"><section class=\"fusion-columns columns fusion-columns-1 columns-1\"><article class=\"post fusion-column column col col-lg-12 col-md-12 col-sm-12\"><div class=\"recent-posts-content\"><span class=\"vcard\" style=\"display: none;\"><span class=\"fn\"><a href=\"https:\/\/www.mpal.mp.br\/?author=2\" title=\"Posts de Administrador03\" rel=\"author\">Administrador03<\/a><\/span><\/span><span class=\"updated\" style=\"display:none;\">2025-09-10T10:10:39-03:00<\/span><h4 class=\"entry-title\"><a href=\"https:\/\/www.mpal.mp.br\/?p=60868\">Projeto &#8211; PM: Quero Paz!<\/a><\/h4><\/div><\/article><article class=\"post fusion-column column col col-lg-12 col-md-12 col-sm-12\"><div class=\"recent-posts-content\"><span class=\"vcard\" style=\"display: none;\"><span class=\"fn\"><a href=\"https:\/\/www.mpal.mp.br\/?author=2\" title=\"Posts de Administrador03\" rel=\"author\">Administrador03<\/a><\/span><\/span><span class=\"updated\" style=\"display:none;\">2025-09-10T08:45:48-03:00<\/span><h4 class=\"entry-title\"><a href=\"https:\/\/www.mpal.mp.br\/?p=60799\">Projeto &#8211; Acolher para Proteger<\/a><\/h4><\/div><\/article><article class=\"post fusion-column column col col-lg-12 col-md-12 col-sm-12\"><div class=\"recent-posts-content\"><span class=\"vcard\" style=\"display: none;\"><span class=\"fn\"><a href=\"https:\/\/www.mpal.mp.br\/?author=2\" title=\"Posts de Administrador03\" rel=\"author\">Administrador03<\/a><\/span><\/span><span class=\"updated\" style=\"display:none;\">2025-09-11T10:08:18-03:00<\/span><h4 class=\"entry-title\"><a href=\"https:\/\/www.mpal.mp.br\/?p=60949\">Projeto &#8211; O Futuro \u00e9 agora &#8211; MPAL na luta contra a fome<\/a><\/h4><\/div><\/article><article class=\"post fusion-column column col col-lg-12 col-md-12 col-sm-12\"><div class=\"recent-posts-content\"><span class=\"vcard\" style=\"display: none;\"><span class=\"fn\"><a href=\"https:\/\/www.mpal.mp.br\/?author=2\" title=\"Posts de Administrador03\" rel=\"author\">Administrador03<\/a><\/span><\/span><span class=\"updated\" style=\"display:none;\">2025-09-10T09:53:04-03:00<\/span><h4 class=\"entry-title\"><a href=\"https:\/\/www.mpal.mp.br\/?p=60854\">Projeto &#8211; O Fomento do terceiro<\/a><\/h4><\/div><\/article><article class=\"post fusion-column column col col-lg-12 col-md-12 col-sm-12\"><div class=\"recent-posts-content\"><span class=\"vcard\" style=\"display: none;\"><span class=\"fn\"><a href=\"https:\/\/www.mpal.mp.br\/?author=2\" title=\"Posts de Administrador03\" rel=\"author\">Administrador03<\/a><\/span><\/span><span class=\"updated\" style=\"display:none;\">2025-09-10T09:45:49-03:00<\/span><h4 class=\"entry-title\"><a href=\"https:\/\/www.mpal.mp.br\/?p=60846\">Projeto &#8211; Nossa Educa\u00e7\u00e3o daria um Livro<\/a><\/h4><\/div><\/article><article class=\"post fusion-column column col col-lg-12 col-md-12 col-sm-12\"><div class=\"recent-posts-content\"><span class=\"vcard\" style=\"display: none;\"><span class=\"fn\"><a href=\"https:\/\/www.mpal.mp.br\/?author=2\" title=\"Posts de Administrador03\" rel=\"author\">Administrador03<\/a><\/span><\/span><span class=\"updated\" style=\"display:none;\">2025-09-10T08:56:41-03:00<\/span><h4 class=\"entry-title\"><a href=\"https:\/\/www.mpal.mp.br\/?p=60806\">Projeto &#8211; Educar e Proteger<\/a><\/h4><\/div><\/article><\/section><\/div><div class=\"fusion-clearfix\"><\/div>\n\n\t\t\t\t\t<\/div>\n\t\t\t\t<\/div><\/div><\/div><\/p>\n","protected":false},"excerpt":{"rendered":"","protected":false},"author":1,"featured_media":25520,"comment_status":"open","ping_status":"open","sticky":false,"template":"","format":"standard","meta":{"om_disable_all_campaigns":false,"_monsterinsights_skip_tracking":false,"_monsterinsights_sitenote_active":false,"_monsterinsights_sitenote_note":"","_monsterinsights_sitenote_category":0,"_uf_show_specific_survey":0,"_uf_disable_surveys":false,"footnotes":""},"categories":[28],"tags":[],"class_list":["post-25519","post","type-post","status-publish","format-standard","has-post-thumbnail","hentry","category-projetos"],"aioseo_notices":[],"_links":{"self":[{"href":"https:\/\/www.mpal.mp.br\/index.php?rest_route=\/wp\/v2\/posts\/25519","targetHints":{"allow":["GET"]}}],"collection":[{"href":"https:\/\/www.mpal.mp.br\/index.php?rest_route=\/wp\/v2\/posts"}],"about":[{"href":"https:\/\/www.mpal.mp.br\/index.php?rest_route=\/wp\/v2\/types\/post"}],"author":[{"embeddable":true,"href":"https:\/\/www.mpal.mp.br\/index.php?rest_route=\/wp\/v2\/users\/1"}],"replies":[{"embeddable":true,"href":"https:\/\/www.mpal.mp.br\/index.php?rest_route=%2Fwp%2Fv2%2Fcomments&post=25519"}],"version-history":[{"count":1,"href":"https:\/\/www.mpal.mp.br\/index.php?rest_route=\/wp\/v2\/posts\/25519\/revisions"}],"predecessor-version":[{"id":25522,"href":"https:\/\/www.mpal.mp.br\/index.php?rest_route=\/wp\/v2\/posts\/25519\/revisions\/25522"}],"wp:featuredmedia":[{"embeddable":true,"href":"https:\/\/www.mpal.mp.br\/index.php?rest_route=\/wp\/v2\/media\/25520"}],"wp:attachment":[{"href":"https:\/\/www.mpal.mp.br\/index.php?rest_route=%2Fwp%2Fv2%2Fmedia&parent=25519"}],"wp:term":[{"taxonomy":"category","embeddable":true,"href":"https:\/\/www.mpal.mp.br\/index.php?rest_route=%2Fwp%2Fv2%2Fcategories&post=25519"},{"taxonomy":"post_tag","embeddable":true,"href":"https:\/\/www.mpal.mp.br\/index.php?rest_route=%2Fwp%2Fv2%2Ftags&post=25519"}],"curies":[{"name":"wp","href":"https:\/\/api.w.org\/{rel}","templated":true}]}}