{"id":25043,"date":"2023-04-17T17:13:20","date_gmt":"2023-04-17T20:13:20","guid":{"rendered":"https:\/\/www.mpal.mp.br\/?p=25043"},"modified":"2023-06-15T10:39:19","modified_gmt":"2023-06-15T13:39:19","slug":"pgj-gaesf-e-souza-cruz-tratam-de-contrabando-e-sonegacao-fiscal-em-reuniao","status":"publish","type":"post","link":"https:\/\/www.mpal.mp.br\/?p=25043","title":{"rendered":"PGJ, Gaesf e Souza Cruz tratam de contrabando e sonega\u00e7\u00e3o fiscal em reuni\u00e3o"},"content":{"rendered":"<div class=\"fusion-fullwidth fullwidth-box fusion-builder-row-1 nonhundred-percent-fullwidth non-hundred-percent-height-scrolling\"  style='background-color: #ffffff;background-position: center center;background-repeat: no-repeat;padding-top:0px;padding-right:0px;padding-bottom:0px;padding-left:0px;'><div class=\"fusion-builder-row fusion-row \"><div  class=\"fusion-layout-column fusion_builder_column fusion_builder_column_1_1 fusion-builder-column-1 fusion-one-full fusion-column-first fusion-column-last 1_1\"  style='margin-top:0px;margin-bottom:0px;'>\n\t\t\t\t\t<div class=\"fusion-column-wrapper\" style=\"padding: 0px 0px 0px 0px;background-position:left top;background-repeat:no-repeat;-webkit-background-size:cover;-moz-background-size:cover;-o-background-size:cover;background-size:cover;\"   data-bg-url=\"\">\n\t\t\t\t\t\t<div class=\"fusion-text\"><p style=\"text-align: justify;\"><span style=\"font-size: 14pt;\">Promotores de Justi\u00e7a do Grupo de Atua\u00e7\u00e3o Especial de Combate \u00e0 Sonega\u00e7\u00e3o Fiscal (Gaesf), e a chefia de gabinete da Procuradoria-Geral de Justi\u00e7a recepcionaram, nesta segunda-feira (17), representantes da ind\u00fastria Bat Brasil (antiga Souza Cruz), para reuni\u00e3o cuja pauta foi sonega\u00e7\u00e3o de impostos, contrabando e crimes conexos.<\/span><\/p>\n<p style=\"text-align: justify;\"><span style=\"font-size: 14pt;\">O coordenador do Gaesf, promotor de Justi\u00e7a Cyro Blatter, e o promotor de Justi\u00e7a Anderson Cl\u00e1udio, tamb\u00e9m do referido grupo especial, explanaram sobre a operacionalidade, ressaltando a parceria com as pol\u00edcias Civil e Militar, a Secretaria da fazenda (Sefaz), a Procuradoria-Geral do Estado para exterminar esquemas de fraudes fiscais em todo estado.<\/span><\/p>\n<p style=\"text-align: justify;\"><span style=\"font-size: 14pt;\">\u201cOs visitantes representam a maior empresa de tabaco do pa\u00eds, mostraram-se preocupados com a quest\u00e3o de produtos contrabandeados, vieram conhecer o Gaesf e o seu modus operandi. Ent\u00e3o apresentamos a eles quais as nossas finalidades, expusemos algumas experi\u00eancias operacionais, bem como enfatizamos que o trabalho ocorre de forma integrada com os demais \u00f3rg\u00e3os\u201d, afirma Blatter.<\/span><\/p>\n<p style=\"text-align: justify;\"><span style=\"font-size: 14pt;\">No contexto, o promotor Anderson Cl\u00e1udio pormenorizou algumas formas audaciosas adotadas pelos criminosos de despejar produtos falsificados ou sem notas fiscais no mercado alagoano.<\/span><\/p>\n<p style=\"text-align: justify;\"><span style=\"font-size: 14pt;\">\u201cTemos nos empenhado para combater sonegadores, mas eles se reinventam. Acredito que precise ter uma forma mais rigorosa de abordagem nas divisas e a utiliza\u00e7\u00e3o de ferramentas que facilitem a identifica\u00e7\u00e3o de produtos il\u00edcitos e ajudem ainda mais no combate\u201d, afirma o promotor.<\/span><\/p>\n<p style=\"text-align: justify;\"><span style=\"font-size: 14pt;\">Blatter aproveitou a oportunidade para informar aos representantes da Bat Brasil que atua\u00e7\u00e3o eficaz do Gaesf j\u00e1 conseguiu fechar 400 empresas em Alagoas. Pela antiga Souza Cruz participaram da reuni\u00e3o o chefe de planejamento estrat\u00e9gico, Marcelo Deble, e advogada Anna Vit\u00f3ria Feij\u00f3.<\/span><\/p>\n<p style=\"text-align: justify;\"><span style=\"font-size: 14pt;\">Pelo Minist\u00e9rio P\u00fablico, representando o procurador-geral de Justi\u00e7a em exerc\u00edcio, esteve o chefe de gabinete promotor de Justi\u00e7a Humberto Bulh\u00f5es.<\/span><\/p>\n<p style=\"text-align: justify;\"><sub>Fotos: Dulce Melo<\/sub><\/p>\n<\/div><style type=\"text\/css\">.fusion-gallery-1 .fusion-gallery-image {border:0px solid #f6f6f6;-webkit-border-radius:5px;-moz-border-radius:5px;border-radius:5px;}<\/style><div class=\"fusion-gallery fusion-gallery-container fusion-grid-3 fusion-columns-total-0 fusion-gallery-layout-grid fusion-gallery-1\" style=\"margin:-5px;\"><div style=\"padding:5px;\" class=\"fusion-grid-column fusion-gallery-column fusion-gallery-column-3 hover-type-none\"><div class=\"fusion-gallery-image\"><a href=\"https:\/\/www.mpal.mp.br\/wp-content\/uploads\/2023\/04\/cyro2.jpg\" rel=\"noreferrer\" data-rel=\"iLightbox[gallery_image_1]\" class=\"fusion-lightbox\" target=\"_self\"><img loading=\"lazy\" decoding=\"async\" src=\"https:\/\/www.mpal.mp.br\/wp-content\/uploads\/2023\/04\/cyro2.jpg\" width=\"1600\" height=\"1200\" alt=\"\" title=\"cyro2\" aria-label=\"cyro2\" class=\"img-responsive wp-image-25045\" \/><\/a><\/div><\/div><\/div><div class=\"fusion-clearfix\"><\/div>\n\n\t\t\t\t\t<\/div>\n\t\t\t\t<\/div><\/div><\/div>\n","protected":false},"excerpt":{"rendered":"","protected":false},"author":8,"featured_media":25307,"comment_status":"open","ping_status":"open","sticky":false,"template":"","format":"standard","meta":{"om_disable_all_campaigns":false,"_monsterinsights_skip_tracking":false,"_monsterinsights_sitenote_active":false,"_monsterinsights_sitenote_note":"","_monsterinsights_sitenote_category":0,"_uf_show_specific_survey":0,"_uf_disable_surveys":false,"footnotes":""},"categories":[2,49,52],"tags":[],"class_list":["post-25043","post","type-post","status-publish","format-standard","has-post-thumbnail","hentry","category-not_mpal","category-not_pgj","category-not_seguranca_publica"],"aioseo_notices":[],"_links":{"self":[{"href":"https:\/\/www.mpal.mp.br\/index.php?rest_route=\/wp\/v2\/posts\/25043","targetHints":{"allow":["GET"]}}],"collection":[{"href":"https:\/\/www.mpal.mp.br\/index.php?rest_route=\/wp\/v2\/posts"}],"about":[{"href":"https:\/\/www.mpal.mp.br\/index.php?rest_route=\/wp\/v2\/types\/post"}],"author":[{"embeddable":true,"href":"https:\/\/www.mpal.mp.br\/index.php?rest_route=\/wp\/v2\/users\/8"}],"replies":[{"embeddable":true,"href":"https:\/\/www.mpal.mp.br\/index.php?rest_route=%2Fwp%2Fv2%2Fcomments&post=25043"}],"version-history":[{"count":2,"href":"https:\/\/www.mpal.mp.br\/index.php?rest_route=\/wp\/v2\/posts\/25043\/revisions"}],"predecessor-version":[{"id":25308,"href":"https:\/\/www.mpal.mp.br\/index.php?rest_route=\/wp\/v2\/posts\/25043\/revisions\/25308"}],"wp:featuredmedia":[{"embeddable":true,"href":"https:\/\/www.mpal.mp.br\/index.php?rest_route=\/wp\/v2\/media\/25307"}],"wp:attachment":[{"href":"https:\/\/www.mpal.mp.br\/index.php?rest_route=%2Fwp%2Fv2%2Fmedia&parent=25043"}],"wp:term":[{"taxonomy":"category","embeddable":true,"href":"https:\/\/www.mpal.mp.br\/index.php?rest_route=%2Fwp%2Fv2%2Fcategories&post=25043"},{"taxonomy":"post_tag","embeddable":true,"href":"https:\/\/www.mpal.mp.br\/index.php?rest_route=%2Fwp%2Fv2%2Ftags&post=25043"}],"curies":[{"name":"wp","href":"https:\/\/api.w.org\/{rel}","templated":true}]}}