{"id":25004,"date":"2023-04-17T13:46:48","date_gmt":"2023-04-17T16:46:48","guid":{"rendered":"https:\/\/www.mpal.mp.br\/?p=25004"},"modified":"2023-06-15T10:42:22","modified_gmt":"2023-06-15T13:42:22","slug":"integracao-pgj-de-justica-em-exercicio-e-secretarios-de-seguranca-se-reunem-para-fortalecer-parcerias","status":"publish","type":"post","link":"https:\/\/www.mpal.mp.br\/?p=25004","title":{"rendered":"Integra\u00e7\u00e3o: PGJ de Justi\u00e7a em exerc\u00edcio e secret\u00e1rios de seguran\u00e7a se re\u00fanem para fortalecer parcerias"},"content":{"rendered":"<p style=\"text-align: justify;\"><span style=\"font-size: 14pt;\">Sentar, dialogar, estreitar la\u00e7os institucionais que culminem em saldos positivos e que favore\u00e7am a sociedade foi a finalidade da reuni\u00e3o ocorrida nesta segunda-feira (17), na sede da Procuradoria-Geral de Justi\u00e7a, no Po\u00e7o, em Macei\u00f3, com o procurador-geral de Justi\u00e7a em exerc\u00edcio, Lean Ara\u00fajo, acompanhado do chefe de gabinete, promotor de Justi\u00e7a Humberto Bulh\u00f5es, o secret\u00e1rio de Seguran\u00e7a P\u00fablica, Fl\u00e1vio Saraiva, o secret\u00e1rio-adjunto da Seguran\u00e7a P\u00fablica, Patrick Madeiro.<\/span><\/p>\n<p style=\"text-align: justify;\"><span style=\"font-size: 14pt;\">Lean Ara\u00fajo ressaltou a import\u00e2ncia de os \u00f3rg\u00e3os manterem essa parceria harm\u00f4nica no combate \u00e0 criminalidade e buscando a prote\u00e7\u00e3o do cidad\u00e3o.<\/span><\/p>\n<p style=\"text-align: justify;\"><span style=\"font-size: 14pt;\">\u201cO Minist\u00e9rio P\u00fablico entende que \u00e9 imposs\u00edvel avan\u00e7armos sem que haja uma atua\u00e7\u00e3o coesa. Sempre tivemos esse di\u00e1logo aberto com a seguran\u00e7a p\u00fablica, h\u00e1 uma rela\u00e7\u00e3o respeitosa e rec\u00edproca, e sempre estaremos abertos para discutir estrat\u00e9gias, operacionalizar conjuntamente, e registrar os grandes resultados que muito j\u00e1 t\u00eam surtido efeito. O prop\u00f3sito \u00e9 servir bem \u00e0 sociedade\u201d, afirma o PGJ em exerc\u00edcio.<\/span><\/p>\n<p style=\"text-align: justify;\"><span style=\"font-size: 14pt;\">O Minist\u00e9rio P\u00fablico e a Secretaria de Seguran\u00e7a P\u00fablica trabalham de forma integrada com os servi\u00e7os de intelig\u00eancia e suporte operacional. Essa parceria ocorre na capital e no interior em quaisquer tipos de a\u00e7\u00f5es que envolvam o combate \u00e0s organiza\u00e7\u00f5es criminosas, no cumprimento de mandados de busca, apreens\u00e3o e pris\u00e3o.<\/span><\/p>\n<p style=\"text-align: justify;\"><sub>Foto: Claudemir Mota<\/sub><\/p>\n","protected":false},"excerpt":{"rendered":"<p> [&hellip;]<\/p>\n","protected":false},"author":8,"featured_media":25455,"comment_status":"open","ping_status":"open","sticky":false,"template":"","format":"standard","meta":{"om_disable_all_campaigns":false,"_monsterinsights_skip_tracking":false,"_monsterinsights_sitenote_active":false,"_monsterinsights_sitenote_note":"","_monsterinsights_sitenote_category":0,"_uf_show_specific_survey":0,"_uf_disable_surveys":false,"footnotes":""},"categories":[2,49,52],"tags":[],"class_list":["post-25004","post","type-post","status-publish","format-standard","has-post-thumbnail","hentry","category-not_mpal","category-not_pgj","category-not_seguranca_publica"],"aioseo_notices":[],"_links":{"self":[{"href":"https:\/\/www.mpal.mp.br\/index.php?rest_route=\/wp\/v2\/posts\/25004","targetHints":{"allow":["GET"]}}],"collection":[{"href":"https:\/\/www.mpal.mp.br\/index.php?rest_route=\/wp\/v2\/posts"}],"about":[{"href":"https:\/\/www.mpal.mp.br\/index.php?rest_route=\/wp\/v2\/types\/post"}],"author":[{"embeddable":true,"href":"https:\/\/www.mpal.mp.br\/index.php?rest_route=\/wp\/v2\/users\/8"}],"replies":[{"embeddable":true,"href":"https:\/\/www.mpal.mp.br\/index.php?rest_route=%2Fwp%2Fv2%2Fcomments&post=25004"}],"version-history":[{"count":4,"href":"https:\/\/www.mpal.mp.br\/index.php?rest_route=\/wp\/v2\/posts\/25004\/revisions"}],"predecessor-version":[{"id":25457,"href":"https:\/\/www.mpal.mp.br\/index.php?rest_route=\/wp\/v2\/posts\/25004\/revisions\/25457"}],"wp:featuredmedia":[{"embeddable":true,"href":"https:\/\/www.mpal.mp.br\/index.php?rest_route=\/wp\/v2\/media\/25455"}],"wp:attachment":[{"href":"https:\/\/www.mpal.mp.br\/index.php?rest_route=%2Fwp%2Fv2%2Fmedia&parent=25004"}],"wp:term":[{"taxonomy":"category","embeddable":true,"href":"https:\/\/www.mpal.mp.br\/index.php?rest_route=%2Fwp%2Fv2%2Fcategories&post=25004"},{"taxonomy":"post_tag","embeddable":true,"href":"https:\/\/www.mpal.mp.br\/index.php?rest_route=%2Fwp%2Fv2%2Ftags&post=25004"}],"curies":[{"name":"wp","href":"https:\/\/api.w.org\/{rel}","templated":true}]}}