{"id":24979,"date":"2023-04-14T20:09:45","date_gmt":"2023-04-14T23:09:45","guid":{"rendered":"https:\/\/www.mpal.mp.br\/?p=24979"},"modified":"2023-06-15T10:42:40","modified_gmt":"2023-06-15T13:42:40","slug":"seguranca-no-estadio-ministerio-publico-firma-tac-com-pm-faf-csa-crb-selaj-e-semcss","status":"publish","type":"post","link":"https:\/\/www.mpal.mp.br\/?p=24979","title":{"rendered":"Seguran\u00e7a no est\u00e1dio: Minist\u00e9rio P\u00fablico firma TAC com PM, FAF, CSA, CRB, SELAJ e SEMCSS"},"content":{"rendered":"<div class=\"fusion-fullwidth fullwidth-box fusion-builder-row-1 nonhundred-percent-fullwidth non-hundred-percent-height-scrolling\"  style='background-color: #ffffff;background-position: center center;background-repeat: no-repeat;padding-top:0px;padding-right:0px;padding-bottom:0px;padding-left:0px;'><div class=\"fusion-builder-row fusion-row \"><div  class=\"fusion-layout-column fusion_builder_column fusion_builder_column_1_1 fusion-builder-column-1 fusion-one-full fusion-column-first fusion-column-last 1_1\"  style='margin-top:0px;margin-bottom:0px;'>\n\t\t\t\t\t<div class=\"fusion-column-wrapper\" style=\"padding: 0px 0px 0px 0px;background-position:left top;background-repeat:no-repeat;-webkit-background-size:cover;-moz-background-size:cover;-o-background-size:cover;background-size:cover;\"   data-bg-url=\"\">\n\t\t\t\t\t\t<div class=\"fusion-text\"><p class=\"western\" align=\"justify\"><span style=\"font-family: helvetica, arial, sans-serif; font-size: 10pt;\">O prop\u00f3sito \u00e9 peculiar, garantir a ordem e a seguran\u00e7a dentro e fora do est\u00e1dio, cada um assumindo sua responsabilidade diante do que foi discutido, estabelecido e acatado em audi\u00eancia. Assim, nesta sexta-feira (14), o Minist\u00e9rio P\u00fablico do Estado de Alagoas (MPAL) por meio das promotorias de Justi\u00e7a do Torcedor, representadas pelos promotores de Justi\u00e7a Sandra Malta Prata Lima e Bruno de Souza Martins Baptista, reuniu para lavratura de um Termo de Ajustamento de Conduta (TAC) dirigentes do Centro Sportivo Alagoano (CSA), do Clube de Regatas Brasil (CRB), da Federa\u00e7\u00e3o Alagoana de Futebol (FAF), da Pol\u00edcia Militar de Alagoas (PMAL), da Secretaria de Estado do Esporte, Lazer e Juventude. Na ocasi\u00e3o foram discutidas e formalizadas cl\u00e1usulas que devem ser adotadas, em caso de descumprimento os compromitentes estar\u00e3o sujeitos a multa no valor de R$ 25 mil.<\/span><\/p>\n<p class=\"western\" align=\"justify\"><span style=\"font-family: helvetica, arial, sans-serif; font-size: 10pt;\">As discuss\u00f5es perduraram por mais de duas horas para apresenta\u00e7\u00e3o de todo conte\u00fado e, consequentemente, ajustes entendidos como necess\u00e1rios. O foco \u00e9 evitar conflitos entre torcidas organizadas que t\u00eam agido sob descontrolada viol\u00eancia deixando a sociedade em polvorosa. Para isso, houve detalhamento de t\u00f3picos important\u00edssimos, segundo o entendimento do Minist\u00e9rio P\u00fablico e da Pol\u00edcia Militar que tendem a fazer a diferen\u00e7a no quesito seguran\u00e7a, como por exemplo <\/span><span style=\"font-family: helvetica, arial, sans-serif; font-size: 10pt;\">comunica\u00e7\u00e3o oficial dos clubes ao Comando de Policiamento da Capital (CPC), com anteced\u00eancia de cinco dias, avisando as datas dos jogos que precisam de policiamento, bem como a previs\u00e3o de estrutura para os tais.<\/span><\/p>\n<p class=\"western\" align=\"justify\"><span style=\"font-family: helvetica, arial, sans-serif; font-size: 10pt;\">Todas as defini\u00e7\u00f5es foram divididas em quatro cl\u00e1usulas: a primeira trata da assun\u00e7\u00e3o das obriga\u00e7\u00f5es e\/ou compromissos, contendo onze t\u00f3picos; a segunda trata das comina\u00e7\u00f5es; a terceira da fiscaliza\u00e7\u00e3o; e a \u00faltima da responsabilidade e foro.<\/span><\/p>\n<p class=\"western\" align=\"justify\"><span style=\"font-family: helvetica, arial, sans-serif; font-size: 10pt;\">Pelo acordo firmado, cada participante deve acatar e cumprir, na \u00edntegra, <span style=\"color: #000000;\"><span lang=\"pt-BR\">suas incumb\u00eancias ficando sujeito \u00e0 cobran\u00e7a do Minist\u00e9rio P\u00fablico.<\/span><\/span><\/span><\/p>\n<p align=\"justify\">Fotos: Anderson Macena<\/p>\n<\/div><style type=\"text\/css\">.fusion-gallery-1 .fusion-gallery-image {border:0px solid #f6f6f6;-webkit-border-radius:5px;-moz-border-radius:5px;border-radius:5px;}<\/style><div class=\"fusion-gallery fusion-gallery-container fusion-grid-3 fusion-columns-total-0 fusion-gallery-layout-grid fusion-gallery-1\" style=\"margin:-5px;\"><div style=\"padding:5px;\" class=\"fusion-grid-column fusion-gallery-column fusion-gallery-column-3 hover-type-none\"><div class=\"fusion-gallery-image\"><a href=\"https:\/\/www.mpal.mp.br\/wp-content\/uploads\/2023\/04\/MOTT1533.jpg\" rel=\"noreferrer\" data-rel=\"iLightbox[gallery_image_1]\" class=\"fusion-lightbox\" target=\"_self\"><img loading=\"lazy\" decoding=\"async\" src=\"https:\/\/www.mpal.mp.br\/wp-content\/uploads\/2023\/04\/MOTT1533.jpg\" width=\"2400\" height=\"1344\" alt=\"\" title=\"MOTT1533\" aria-label=\"MOTT1533\" class=\"img-responsive wp-image-24963\" \/><\/a><\/div><\/div><\/div><div class=\"fusion-clearfix\"><\/div>\n\n\t\t\t\t\t<\/div>\n\t\t\t\t<\/div><\/div><\/div>\n","protected":false},"excerpt":{"rendered":"","protected":false},"author":8,"featured_media":24965,"comment_status":"open","ping_status":"open","sticky":false,"template":"","format":"standard","meta":{"om_disable_all_campaigns":false,"_monsterinsights_skip_tracking":false,"_monsterinsights_sitenote_active":false,"_monsterinsights_sitenote_note":"","_monsterinsights_sitenote_category":0,"_uf_show_specific_survey":0,"_uf_disable_surveys":false,"footnotes":""},"categories":[2,52],"tags":[],"class_list":["post-24979","post","type-post","status-publish","format-standard","has-post-thumbnail","hentry","category-not_mpal","category-not_seguranca_publica"],"aioseo_notices":[],"_links":{"self":[{"href":"https:\/\/www.mpal.mp.br\/index.php?rest_route=\/wp\/v2\/posts\/24979","targetHints":{"allow":["GET"]}}],"collection":[{"href":"https:\/\/www.mpal.mp.br\/index.php?rest_route=\/wp\/v2\/posts"}],"about":[{"href":"https:\/\/www.mpal.mp.br\/index.php?rest_route=\/wp\/v2\/types\/post"}],"author":[{"embeddable":true,"href":"https:\/\/www.mpal.mp.br\/index.php?rest_route=\/wp\/v2\/users\/8"}],"replies":[{"embeddable":true,"href":"https:\/\/www.mpal.mp.br\/index.php?rest_route=%2Fwp%2Fv2%2Fcomments&post=24979"}],"version-history":[{"count":4,"href":"https:\/\/www.mpal.mp.br\/index.php?rest_route=\/wp\/v2\/posts\/24979\/revisions"}],"predecessor-version":[{"id":24983,"href":"https:\/\/www.mpal.mp.br\/index.php?rest_route=\/wp\/v2\/posts\/24979\/revisions\/24983"}],"wp:featuredmedia":[{"embeddable":true,"href":"https:\/\/www.mpal.mp.br\/index.php?rest_route=\/wp\/v2\/media\/24965"}],"wp:attachment":[{"href":"https:\/\/www.mpal.mp.br\/index.php?rest_route=%2Fwp%2Fv2%2Fmedia&parent=24979"}],"wp:term":[{"taxonomy":"category","embeddable":true,"href":"https:\/\/www.mpal.mp.br\/index.php?rest_route=%2Fwp%2Fv2%2Fcategories&post=24979"},{"taxonomy":"post_tag","embeddable":true,"href":"https:\/\/www.mpal.mp.br\/index.php?rest_route=%2Fwp%2Fv2%2Ftags&post=24979"}],"curies":[{"name":"wp","href":"https:\/\/api.w.org\/{rel}","templated":true}]}}