{"id":24849,"date":"2023-04-13T07:10:31","date_gmt":"2023-04-13T10:10:31","guid":{"rendered":"https:\/\/www.mpal.mp.br\/?p=24849"},"modified":"2023-06-15T10:50:38","modified_gmt":"2023-06-15T13:50:38","slug":"gaeco-e-ssp-cumprem-22-mandados-contra-organizacao-criminosa-especializada-em-trafico-de-drogas","status":"publish","type":"post","link":"https:\/\/www.mpal.mp.br\/?p=24849","title":{"rendered":"Gaeco e SSP cumprem 22 mandados contra  organiza\u00e7\u00e3o criminosa especializada em tr\u00e1fico de drogas"},"content":{"rendered":"<div class=\"fusion-fullwidth fullwidth-box fusion-builder-row-1 nonhundred-percent-fullwidth non-hundred-percent-height-scrolling\"  style='background-color: #ffffff;background-position: center center;background-repeat: no-repeat;padding-top:0px;padding-right:0px;padding-bottom:0px;padding-left:0px;'><div class=\"fusion-builder-row fusion-row \"><div  class=\"fusion-layout-column fusion_builder_column fusion_builder_column_1_1 fusion-builder-column-1 fusion-one-full fusion-column-first fusion-column-last 1_1\"  style='margin-top:0px;margin-bottom:0px;'>\n\t\t\t\t\t<div class=\"fusion-column-wrapper\" style=\"padding: 0px 0px 0px 0px;background-position:left top;background-repeat:no-repeat;-webkit-background-size:cover;-moz-background-size:cover;-o-background-size:cover;background-size:cover;\"   data-bg-url=\"\">\n\t\t\t\t\t\t<div class=\"fusion-text\"><p style=\"text-align: justify;\"><span style=\"font-size: 14pt;\">O Minist\u00e9rio P\u00fablico do Estado (MPE), por meio do Grupo de Atua\u00e7\u00e3o Especial de Combate \u00e0s Organiza\u00e7\u00f5es Criminosas (Gaeco), e a Secretaria de Estado da Seguran\u00e7a P\u00fablica (SSP) coordenam, nesta quinta-feira (13), uma opera\u00e7\u00e3o integrada. Denominado Tra\u00e7as, o trabalho cumpre 22 mandados de pris\u00e3o e busca e apreens\u00e3o nos munic\u00edpios de Senador Rui Palmeira, S\u00e3o Jos\u00e9 da Tapera, Santana do Ipanema e Belo Jardim-PE.<\/span><\/p>\n<p style=\"text-align: justify;\"><span style=\"font-size: 14pt;\">As investiga\u00e7\u00f5es foram realizadas pelo Gaeco e pela 4\u00aa Promotoria de Justi\u00e7a de Santana do Ipanema em parceria com o 7\u00ba Batalh\u00e3o da Pol\u00edcia Militar e visam desarticular uma organiza\u00e7\u00e3o criminosa que vinha praticando tr\u00e1fico de drogas e com\u00e9rcio ilegal de armas de fogo na regi\u00e3o.<\/span><\/p>\n<p style=\"text-align: justify;\"><span style=\"font-size: 14pt;\">Com base nas provas t\u00e9cnicas apresentadas, o Gaeco realizou a representa\u00e7\u00e3o dos mandados, que foram expedidos pela 17\u00aa Vara Criminal da Capital. Ao todo, ser\u00e3o cumpridos 15 mandados de busca e apreens\u00e3o e sete mandados de pris\u00e3o.<\/span><\/p>\n<p style=\"text-align: justify;\"><span style=\"font-size: 14pt;\">Ainda de acordo com as investiga\u00e7\u00f5es, a organiza\u00e7\u00e3o criminosa atuava com mais intensidade na cidade de Senador Rui Palmeira e a lideran\u00e7a da ORCRIM estava resindo em Belo Jardim-PE e, de l\u00e1, comandava suas a\u00e7\u00f5es.<\/span><\/p>\n<p style=\"text-align: justify;\"><span style=\"font-size: 18pt;\"><strong>Pris\u00f5es e apreens\u00f5es<\/strong><\/span><\/p>\n<p style=\"text-align: justify;\"><span style=\"font-size: 14pt;\">At\u00e9 o momento, foram presas cinco pessoas em Alagoas e um menor foi apreendido e outras duas pessoas foram presas em Pernambuco, incluindo o l\u00edder da organiza\u00e7\u00e3o criminosa.<\/span><\/p>\n<p style=\"text-align: justify;\"><span style=\"font-size: 14pt;\">Com o l\u00edder, em Belo Jardim, foram apreendidas armas e drogas.<\/span><\/p>\n<p style=\"text-align: justify;\"><span style=\"font-size: 14pt;\">A opera\u00e7\u00e3o apreendeu, at\u00e9 o momento, aproximadamente 26 quilos de drogas, uma grande quantidade de muni\u00e7\u00f5es, duas pistolas, um rev\u00f3lver e uma espingarda, quatro balan\u00e7as de precis\u00e3o, quatro balaclavas e uma quantia de dinheiro em esp\u00e9cie que ainda n\u00e3o foi quantificada.<\/span><\/p>\n<p style=\"text-align: justify;\"><span style=\"font-size: 14pt;\">Os presos e o material apreendido est\u00e3o sendo encaminhamos para a Delegacia Regional de Delmiro Gouveia.<\/span><\/p>\n<p style=\"text-align: justify;\"><span style=\"font-size: 18pt;\"><strong>Efetivo participante<\/strong><\/span><\/p>\n<p style=\"text-align: justify;\"><span style=\"font-size: 14pt;\">Para dar cumprimento aos mandados judiciais expedidos, foram empregados policiais militares do 3\u00ba, 7\u00ba, 9\u00b0 e 10\u00b0 Batalh\u00f5es da Pol\u00edcia Militar de Alagoas.<\/span><\/p>\n<p style=\"text-align: justify;\"><span style=\"font-size: 14pt;\">Participam tamb\u00e9m policiais civis da Ger\u00eancia de Pol\u00edcia Judici\u00e1ria da \u00c1rea 04 (GPJ-4), da 2\u00aa Delegacia Regional de Pol\u00edcia de Santana do Ipanema, al\u00e9m do T\u00e1tico Integrado de Grupos de Resgate Especial (TIGRE) e da delegacia distrital de Ouro Branco.<\/span><\/p>\n<p style=\"text-align: justify;\"><span style=\"font-size: 14pt;\">Em Pernambuco, o cumprimento dos mandados de pris\u00e3o e de busca e apreens\u00e3o em Belo Jardim ter\u00e3o apoio da Pol\u00edcia Militar, por meio do Subsistema de Intelig\u00eancia (SISPOM), do 15\u00b0 BPM e do 1\u00b0 BIESP. O Grupamento A\u00e9reo da SSP tamb\u00e9m participa dando suporte a\u00e9reo \u00e0 opera\u00e7\u00e3o.<\/span><\/p>\n<p style=\"text-align: justify;\"><span style=\"font-size: 18pt;\"><strong>O nome Tra\u00e7a<\/strong><\/span><\/p>\n<p style=\"text-align: justify;\"><span style=\"font-size: 14pt;\">A opera\u00e7\u00e3o Tra\u00e7as ganhou este nome porque tra\u00e7a \u00e9 um inseto pequeno que gosta de ambiente escuro e que, se n\u00e3o for dedetizado, pode virar uma praga, causando a destrui\u00e7\u00e3o de alguns objetos. Fazendo alus\u00e3o a organiza\u00e7\u00e3o criminosa, que \u00e9 pequena, seu l\u00edder sempre realizava viagens noturnas para levar a droga, fatos que, se n\u00e3o forem combatidos, podem crescer e se transformarem num delito ainda maior, numa compara\u00e7\u00e3o com as pragas que t\u00eam poder destruidor.<\/span><\/p>\n<p style=\"text-align: justify;\"><span style=\"font-size: 14pt;\">Com informa\u00e7\u00f5es da Ascom da SSP.<\/span><\/p>\n<\/div><style type=\"text\/css\">.fusion-gallery-1 .fusion-gallery-image {border:0px solid #f6f6f6;-webkit-border-radius:5px;-moz-border-radius:5px;border-radius:5px;}<\/style><div class=\"fusion-gallery fusion-gallery-container fusion-grid-3 fusion-columns-total-0 fusion-gallery-layout-grid fusion-gallery-1\" style=\"margin:-5px;\"><div style=\"padding:5px;\" class=\"fusion-grid-column fusion-gallery-column fusion-gallery-column-3 hover-type-none\"><div class=\"fusion-gallery-image\"><a href=\"https:\/\/www.mpal.mp.br\/wp-content\/uploads\/2023\/04\/WhatsApp-Image-2023-04-13-at-07.06.37.jpeg\" rel=\"noreferrer\" data-rel=\"iLightbox[gallery_image_1]\" class=\"fusion-lightbox\" target=\"_self\"><img loading=\"lazy\" decoding=\"async\" src=\"https:\/\/www.mpal.mp.br\/wp-content\/uploads\/2023\/04\/WhatsApp-Image-2023-04-13-at-07.06.37.jpeg\" width=\"1156\" height=\"867\" alt=\"\" title=\"WhatsApp Image 2023-04-13 at 07.06.37\" aria-label=\"WhatsApp Image 2023-04-13 at 07.06.37\" class=\"img-responsive wp-image-24851\" \/><\/a><\/div><\/div><div style=\"padding:5px;\" class=\"fusion-grid-column fusion-gallery-column fusion-gallery-column-3 hover-type-none\"><div class=\"fusion-gallery-image\"><a href=\"https:\/\/www.mpal.mp.br\/wp-content\/uploads\/2023\/04\/WhatsApp-Image-2023-04-13-at-07.06.38.jpeg\" rel=\"noreferrer\" data-rel=\"iLightbox[gallery_image_1]\" class=\"fusion-lightbox\" target=\"_self\"><img loading=\"lazy\" decoding=\"async\" src=\"https:\/\/www.mpal.mp.br\/wp-content\/uploads\/2023\/04\/WhatsApp-Image-2023-04-13-at-07.06.38.jpeg\" width=\"1280\" height=\"720\" alt=\"\" title=\"WhatsApp Image 2023-04-13 at 07.06.38\" aria-label=\"WhatsApp Image 2023-04-13 at 07.06.38\" class=\"img-responsive wp-image-24852\" \/><\/a><\/div><\/div><div style=\"padding:5px;\" class=\"fusion-grid-column fusion-gallery-column fusion-gallery-column-3 hover-type-none\"><div class=\"fusion-gallery-image\"><a href=\"https:\/\/www.mpal.mp.br\/wp-content\/uploads\/2023\/04\/WhatsApp-Image-2023-04-13-at-07.06.37-1.jpeg\" rel=\"noreferrer\" data-rel=\"iLightbox[gallery_image_1]\" class=\"fusion-lightbox\" target=\"_self\"><img loading=\"lazy\" decoding=\"async\" src=\"https:\/\/www.mpal.mp.br\/wp-content\/uploads\/2023\/04\/WhatsApp-Image-2023-04-13-at-07.06.37-1.jpeg\" width=\"1599\" height=\"899\" alt=\"\" title=\"WhatsApp Image 2023-04-13 at 07.06.37 (1)\" aria-label=\"WhatsApp Image 2023-04-13 at 07.06.37 (1)\" class=\"img-responsive wp-image-24853\" \/><\/a><\/div><\/div><div class=\"clearfix\"><\/div><\/div><div class=\"fusion-clearfix\"><\/div>\n\n\t\t\t\t\t<\/div>\n\t\t\t\t<\/div><\/div><\/div>\n","protected":false},"excerpt":{"rendered":"","protected":false},"author":17,"featured_media":25487,"comment_status":"open","ping_status":"open","sticky":false,"template":"","format":"standard","meta":{"om_disable_all_campaigns":false,"_monsterinsights_skip_tracking":false,"_monsterinsights_sitenote_active":false,"_monsterinsights_sitenote_note":"","_monsterinsights_sitenote_category":0,"_uf_show_specific_survey":0,"_uf_disable_surveys":false,"footnotes":""},"categories":[23,52],"tags":[],"class_list":["post-24849","post","type-post","status-publish","format-standard","has-post-thumbnail","hentry","category-not_gaeco","category-not_seguranca_publica"],"aioseo_notices":[],"_links":{"self":[{"href":"https:\/\/www.mpal.mp.br\/index.php?rest_route=\/wp\/v2\/posts\/24849","targetHints":{"allow":["GET"]}}],"collection":[{"href":"https:\/\/www.mpal.mp.br\/index.php?rest_route=\/wp\/v2\/posts"}],"about":[{"href":"https:\/\/www.mpal.mp.br\/index.php?rest_route=\/wp\/v2\/types\/post"}],"author":[{"embeddable":true,"href":"https:\/\/www.mpal.mp.br\/index.php?rest_route=\/wp\/v2\/users\/17"}],"replies":[{"embeddable":true,"href":"https:\/\/www.mpal.mp.br\/index.php?rest_route=%2Fwp%2Fv2%2Fcomments&post=24849"}],"version-history":[{"count":7,"href":"https:\/\/www.mpal.mp.br\/index.php?rest_route=\/wp\/v2\/posts\/24849\/revisions"}],"predecessor-version":[{"id":25488,"href":"https:\/\/www.mpal.mp.br\/index.php?rest_route=\/wp\/v2\/posts\/24849\/revisions\/25488"}],"wp:featuredmedia":[{"embeddable":true,"href":"https:\/\/www.mpal.mp.br\/index.php?rest_route=\/wp\/v2\/media\/25487"}],"wp:attachment":[{"href":"https:\/\/www.mpal.mp.br\/index.php?rest_route=%2Fwp%2Fv2%2Fmedia&parent=24849"}],"wp:term":[{"taxonomy":"category","embeddable":true,"href":"https:\/\/www.mpal.mp.br\/index.php?rest_route=%2Fwp%2Fv2%2Fcategories&post=24849"},{"taxonomy":"post_tag","embeddable":true,"href":"https:\/\/www.mpal.mp.br\/index.php?rest_route=%2Fwp%2Fv2%2Ftags&post=24849"}],"curies":[{"name":"wp","href":"https:\/\/api.w.org\/{rel}","templated":true}]}}