{"id":24450,"date":"2023-03-29T10:46:41","date_gmt":"2023-03-29T13:46:41","guid":{"rendered":"https:\/\/www.mpal.mp.br\/?p=24450"},"modified":"2023-06-15T10:50:09","modified_gmt":"2023-06-15T13:50:09","slug":"ministerio-publico-lanca-cartilha-sobre-violencia-obstetrica","status":"publish","type":"post","link":"https:\/\/www.mpal.mp.br\/?p=24450","title":{"rendered":"Minist\u00e9rio P\u00fablico lan\u00e7a cartilha sobre viol\u00eancia obst\u00e9trica"},"content":{"rendered":"<p style=\"text-align: justify;\"><span style=\"font-size: 10pt; font-family: helvetica, arial, sans-serif;\">O Minist\u00e9rio P\u00fablico de Alagoas realizou o lan\u00e7amento da cartilha \u201cA Boa Hora: Preven\u00e7\u00e3o da Viol\u00eancia Obst\u00e9trica\u201d na \u00faltima segunda-feira, 27 de mar\u00e7o. A iniciativa tem como objetivo promover boas pr\u00e1ticas em sa\u00fade da mulher. A cartilha foi apresentada durante audi\u00eancia p\u00fablica na C\u00e2mara Municipal de Macei\u00f3.<\/span><\/p>\n<p style=\"text-align: justify;\"><span style=\"font-size: 10pt; font-family: helvetica, arial, sans-serif;\">A cartilha busca disponibilizar \u00e0 popula\u00e7\u00e3o informa\u00e7\u00f5es, de modo simples e did\u00e1tico, sobre o que vem a ser a viol\u00eancia obst\u00e9trica. A iniciativa faz parte de um projeto realizado pelo MP que visa propor melhorias nos servi\u00e7os prestados \u00e0s gestantes e parturientes em Alagoas. O projeto \u00e9 desenvolvido pelos promotores de Justi\u00e7a Lidia Malta, Paulo Henrique Prado e Ricardo Liborio.<\/span><\/p>\n<p style=\"text-align: justify;\"><span style=\"font-size: 10pt; font-family: helvetica, arial, sans-serif;\">\u201cN\u00f3s tamb\u00e9m fizemos recentemente uma pesquisa com a finalidade de colher o maior n\u00famero de informa\u00e7\u00f5es sobre a viol\u00eancia obst\u00e9trica e tamb\u00e9m divulgar essa forma de viol\u00eancia para que as mulheres possam estar informadas e, assim, buscar junto \u00e0s autoridades a repara\u00e7\u00e3o de danos e tamb\u00e9m coibir algum tipo de ilegalidade. A ideia \u00e9 difundir a informa\u00e7\u00e3o e colher dados&#8221;, explica a promotora Lidia.<\/span><\/p>\n<p style=\"text-align: justify;\"><span style=\"font-size: 10pt; font-family: helvetica, arial, sans-serif;\">Para baixar a cartilha, <a href=\"https:\/\/www.mpal.mp.br\/wp-content\/uploads\/2023\/03\/CARTILHA-A-BOA-HORA.pdf\"><strong><span style=\"color: #0000ff;\">clique aqui<\/span><\/strong><\/a>.<\/span><\/p>\n<p style=\"text-align: justify;\"><span style=\"font-size: 10pt; font-family: helvetica, arial, sans-serif;\"><strong>Saiba mais<\/strong><\/span><\/p>\n<p style=\"text-align: justify;\"><span style=\"font-size: 10pt; font-family: helvetica, arial, sans-serif;\">A viol\u00eancia obst\u00e9trica \u00e9 um tipo de viol\u00eancia contra a mulher cometida por profissionais da sa\u00fade. De acordo com o Governo Federal, a viol\u00eancia obst\u00e9trica pode ocorrer durante a gesta\u00e7\u00e3o, no parto e no p\u00f3s-parto. A viol\u00eancia pode ser verbal, f\u00edsica e sexual.<\/span><\/p>\n<p style=\"text-align: justify;\"><span style=\"font-size: 10pt; font-family: helvetica, arial, sans-serif;\">A ado\u00e7\u00e3o de procedimentos desnecess\u00e1rios ou sem evid\u00eancias cient\u00edficas por parte dos profissionais da sa\u00fade tamb\u00e9m se caracteriza como uma viola\u00e7\u00e3o aos direitos da mulher.<\/span><\/p>\n<p style=\"text-align: justify;\"><span style=\"font-size: 10pt; font-family: helvetica, arial, sans-serif;\">A viol\u00eancia obst\u00e9trica \u00e9 uma realidade no pa\u00eds, atingindo cerca de 25% das gestantes e parturientes brasileiras: \u00e9 o que traz a pesquisa \u201cMulheres Brasileiras e G\u00eanero nos Espa\u00e7os P\u00fablico e Privado\u201d, realizada pela Funda\u00e7\u00e3o Perseu Abramo.<\/span><\/p>\n","protected":false},"excerpt":{"rendered":"<p> [&hellip;]<\/p>\n","protected":false},"author":6,"featured_media":24016,"comment_status":"open","ping_status":"open","sticky":false,"template":"","format":"standard","meta":{"om_disable_all_campaigns":false,"_monsterinsights_skip_tracking":false,"_monsterinsights_sitenote_active":false,"_monsterinsights_sitenote_note":"","_monsterinsights_sitenote_category":0,"_uf_show_specific_survey":0,"_uf_disable_surveys":false,"footnotes":""},"categories":[2,50],"tags":[],"class_list":["post-24450","post","type-post","status-publish","format-standard","has-post-thumbnail","hentry","category-not_mpal","category-not_saude"],"aioseo_notices":[],"_links":{"self":[{"href":"https:\/\/www.mpal.mp.br\/index.php?rest_route=\/wp\/v2\/posts\/24450","targetHints":{"allow":["GET"]}}],"collection":[{"href":"https:\/\/www.mpal.mp.br\/index.php?rest_route=\/wp\/v2\/posts"}],"about":[{"href":"https:\/\/www.mpal.mp.br\/index.php?rest_route=\/wp\/v2\/types\/post"}],"author":[{"embeddable":true,"href":"https:\/\/www.mpal.mp.br\/index.php?rest_route=\/wp\/v2\/users\/6"}],"replies":[{"embeddable":true,"href":"https:\/\/www.mpal.mp.br\/index.php?rest_route=%2Fwp%2Fv2%2Fcomments&post=24450"}],"version-history":[{"count":5,"href":"https:\/\/www.mpal.mp.br\/index.php?rest_route=\/wp\/v2\/posts\/24450\/revisions"}],"predecessor-version":[{"id":24456,"href":"https:\/\/www.mpal.mp.br\/index.php?rest_route=\/wp\/v2\/posts\/24450\/revisions\/24456"}],"wp:featuredmedia":[{"embeddable":true,"href":"https:\/\/www.mpal.mp.br\/index.php?rest_route=\/wp\/v2\/media\/24016"}],"wp:attachment":[{"href":"https:\/\/www.mpal.mp.br\/index.php?rest_route=%2Fwp%2Fv2%2Fmedia&parent=24450"}],"wp:term":[{"taxonomy":"category","embeddable":true,"href":"https:\/\/www.mpal.mp.br\/index.php?rest_route=%2Fwp%2Fv2%2Fcategories&post=24450"},{"taxonomy":"post_tag","embeddable":true,"href":"https:\/\/www.mpal.mp.br\/index.php?rest_route=%2Fwp%2Fv2%2Ftags&post=24450"}],"curies":[{"name":"wp","href":"https:\/\/api.w.org\/{rel}","templated":true}]}}