{"id":24239,"date":"2023-03-22T20:20:21","date_gmt":"2023-03-22T23:20:21","guid":{"rendered":"https:\/\/www.mpal.mp.br\/?p=24239"},"modified":"2023-06-15T10:55:06","modified_gmt":"2023-06-15T13:55:06","slug":"maragogi-ministerio-publico-aciona-policia-para-caso-de-violencia-contra-vulneravel-e-mulher-e-presa","status":"publish","type":"post","link":"https:\/\/www.mpal.mp.br\/?p=24239","title":{"rendered":"Maragogi: Minist\u00e9rio P\u00fablico aciona pol\u00edcia para caso de viol\u00eancia contra vulner\u00e1vel e mulher \u00e9 presa"},"content":{"rendered":"<p align=\"justify\"><span style=\"font-family: helvetica, arial, sans-serif; font-size: 10pt;\">Agress\u00e3o f\u00edsica a uma pessoa debilitada, sem a menor condi\u00e7\u00e3o de defesa e que impulsionou vizinhos a gravarem e compartilharem as imagens que circularam nas redes sociais provocou o Minist\u00e9rio P\u00fablico de Alagoas (MPAL), representado pela promotora de Justi\u00e7a Francisca Paula, a adotar provid\u00eancias. O caso ocorreu no munic\u00edpio de Maragogi e a v\u00edtima \u00e9 um homem de 57 anos. Constatada a viol\u00eancia por policiais civis, a agressora foi presa e levada para a delegacia onde aguardar\u00e1 pela audi\u00eancia de cust\u00f3dia nesta quinta-feira (23).<\/span><\/p>\n<p align=\"justify\"><span style=\"font-family: helvetica, arial, sans-serif; font-size: 10pt;\">A promotora Francisca Paula relatou que ao tomar conhecimento dos fatos, acionou os agentes da seguran\u00e7a p\u00fablica para uma averigua\u00e7\u00e3o.<\/span><\/p>\n<p align=\"justify\"><span style=\"font-family: helvetica, arial, sans-serif; font-size: 10pt;\">\u201cFiquei a par dos fatos por volta de umas nove horas e imediatamente adotei as medidas cab\u00edveis. Era preciso que as pol\u00edcias fossem at\u00e9 o im\u00f3vel para uma constata\u00e7\u00e3o ou flagrante. Eles comprovaram a viol\u00eancia contra o cidad\u00e3o que \u00e9 doente, debilitado, que depende de ajuda para se locomover e deram voz de pris\u00e3o a autora\u201d, relata.<\/span><\/p>\n<p align=\"justify\"><span style=\"font-family: helvetica, arial, sans-serif; font-size: 10pt;\">Por\u00e9m, paralelamente, a titular da Promotoria de Justi\u00e7a de Maragogi tamb\u00e9m manteve contato com o secret\u00e1rio de Sa\u00fade pedindo que encaminhasse uma equipe com ambul\u00e2ncia para atendimento de primeiros socorros \u00e0 v\u00edtima e tamb\u00e9m sua retirada do local.<\/span><\/p>\n<p align=\"justify\"><span style=\"font-family: helvetica, arial, sans-serif; font-size: 10pt;\">\u201cOs profissionais da sa\u00fade foram at\u00e9 a resid\u00eancia e l\u00e1 recepcionados sob amea\u00e7a dos filhos da mulher acusada das agress\u00f5es. A equipe por medo recuou e fui avisada, sem ter alternativa pedi que a pol\u00edcia a escoltasse para garantir a retirada segura da v\u00edtima e seu traslado para a Upa. E isso ocorreu. Tamb\u00e9m, depois, localizamos um irm\u00e3o da v\u00edtima que assumiu o compromisso de cuidar dela. Apesar de ter apenas 57 anos, o cidad\u00e3o, que era alco\u00f3latra, aparenta mais idade e foi confundido com um idoso\u201d, explica Francisca Paula.<\/span><\/p>\n<p><span style=\"font-family: helvetica, arial, sans-serif; font-size: 10pt;\">A v\u00edtima morava nessa casa h\u00e1 pelo menos 13 anos, depois de ser rejeitada pela fam\u00edlia por conta do alcoolismo.<\/span><\/p>\n","protected":false},"excerpt":{"rendered":"<p> [&hellip;]<\/p>\n","protected":false},"author":8,"featured_media":24082,"comment_status":"open","ping_status":"open","sticky":false,"template":"","format":"standard","meta":{"om_disable_all_campaigns":false,"_monsterinsights_skip_tracking":false,"_monsterinsights_sitenote_active":false,"_monsterinsights_sitenote_note":"","_monsterinsights_sitenote_category":0,"_uf_show_specific_survey":0,"_uf_disable_surveys":false,"footnotes":""},"categories":[2,52],"tags":[],"class_list":["post-24239","post","type-post","status-publish","format-standard","has-post-thumbnail","hentry","category-not_mpal","category-not_seguranca_publica"],"aioseo_notices":[],"_links":{"self":[{"href":"https:\/\/www.mpal.mp.br\/index.php?rest_route=\/wp\/v2\/posts\/24239","targetHints":{"allow":["GET"]}}],"collection":[{"href":"https:\/\/www.mpal.mp.br\/index.php?rest_route=\/wp\/v2\/posts"}],"about":[{"href":"https:\/\/www.mpal.mp.br\/index.php?rest_route=\/wp\/v2\/types\/post"}],"author":[{"embeddable":true,"href":"https:\/\/www.mpal.mp.br\/index.php?rest_route=\/wp\/v2\/users\/8"}],"replies":[{"embeddable":true,"href":"https:\/\/www.mpal.mp.br\/index.php?rest_route=%2Fwp%2Fv2%2Fcomments&post=24239"}],"version-history":[{"count":1,"href":"https:\/\/www.mpal.mp.br\/index.php?rest_route=\/wp\/v2\/posts\/24239\/revisions"}],"predecessor-version":[{"id":24240,"href":"https:\/\/www.mpal.mp.br\/index.php?rest_route=\/wp\/v2\/posts\/24239\/revisions\/24240"}],"wp:featuredmedia":[{"embeddable":true,"href":"https:\/\/www.mpal.mp.br\/index.php?rest_route=\/wp\/v2\/media\/24082"}],"wp:attachment":[{"href":"https:\/\/www.mpal.mp.br\/index.php?rest_route=%2Fwp%2Fv2%2Fmedia&parent=24239"}],"wp:term":[{"taxonomy":"category","embeddable":true,"href":"https:\/\/www.mpal.mp.br\/index.php?rest_route=%2Fwp%2Fv2%2Fcategories&post=24239"},{"taxonomy":"post_tag","embeddable":true,"href":"https:\/\/www.mpal.mp.br\/index.php?rest_route=%2Fwp%2Fv2%2Ftags&post=24239"}],"curies":[{"name":"wp","href":"https:\/\/api.w.org\/{rel}","templated":true}]}}