{"id":24035,"date":"2023-03-16T09:11:53","date_gmt":"2023-03-16T12:11:53","guid":{"rendered":"https:\/\/www.mpal.mp.br\/?p=24035"},"modified":"2023-06-15T10:56:02","modified_gmt":"2023-06-15T13:56:02","slug":"acordo-entre-municipio-de-arapiraca-e-hospital-regional-busca-regularizar-o-pagamento-do-salario-de-profissionais","status":"publish","type":"post","link":"https:\/\/www.mpal.mp.br\/?p=24035","title":{"rendered":"Acordo entre Munic\u00edpio de Arapiraca e Hospital Regional busca regularizar o pagamento do sal\u00e1rio de profissionais"},"content":{"rendered":"<p style=\"text-align: justify;\"><span style=\"font-size: 10pt; font-family: helvetica, arial, sans-serif;\">O Minist\u00e9rio P\u00fablico de Alagoas participou da celebra\u00e7\u00e3o do termo de acordo extrajudicial firmado entre o Munic\u00edpio de Arapiraca e o Hospital Regional de Arapiraca. No documento, a gest\u00e3o municipal compromete-se a repassar \u00e0 unidade de sa\u00fade R$ 2.478.082,93. O valor deve ser utilizado para o pagamento dos sal\u00e1rios dos profissionais da sa\u00fade referentes aos meses de dezembro de 2022 e janeiro de 2023.<\/span><\/p>\n<p style=\"text-align: justify;\"><span style=\"font-size: 10pt; font-family: helvetica, arial, sans-serif;\">O Munic\u00edpio deve repassar ao Hospital Regional R$ 1.658.039,26, referentes \u00e0 Portaria GM\/MS N\u00ba96\/2023, em at\u00e9 cinco dias \u00fateis; R$ 426.778,06, referentes ao Incentivo de Contratualiza\u00e7\u00e3o, em at\u00e9 48 horas; e R$ 393.265,61, referentes \u00e0 Rede Cegonha, no mesmo prazo da quantia anterior.<\/span><\/p>\n<p style=\"text-align: justify;\"><span style=\"font-size: 10pt; font-family: helvetica, arial, sans-serif;\">O Hospital Regional compromete-se a normalizar integralmente o atendimento de sa\u00fade aos usu\u00e1rios do SUS em at\u00e9 cinco dias. Em caso de descumprimento das obriga\u00e7\u00f5es, o Munic\u00edpio ou o Hospital dever\u00e3o pagar multa de R$ 10 mil por dia de atraso.<\/span><\/p>\n<p style=\"text-align: justify;\"><span style=\"font-size: 10pt; font-family: helvetica, arial, sans-serif;\">O acordo entre o Munic\u00edpio e o Hospital foi referendado pelo Minist\u00e9rio P\u00fablico, atrav\u00e9s da 4\u00aa e da 11\u00aa Promotoria de Justi\u00e7a de Arapiraca.<\/span><\/p>\n<p style=\"text-align: justify;\"><span style=\"font-size: 10pt; font-family: helvetica, arial, sans-serif;\"><strong>Bloqueio<\/strong><\/span><\/p>\n<p style=\"text-align: justify;\"><span style=\"font-size: 10pt; font-family: helvetica, arial, sans-serif;\">O Minist\u00e9rio P\u00fablico de Alagoas solicitou o bloqueio de R$ 3.820.697,20 das contas do Estado de Alagoas em favor do Fundo Municipal de Sa\u00fade de Arapiraca, quantia que, posteriormente, deve ser repassada ao Hospital Regional e ao Hospital Chama. O MP aguarda decis\u00e3o da Justi\u00e7a.<\/span><\/p>\n","protected":false},"excerpt":{"rendered":"<p> [&hellip;]<\/p>\n","protected":false},"author":6,"featured_media":19086,"comment_status":"open","ping_status":"open","sticky":false,"template":"","format":"standard","meta":{"om_disable_all_campaigns":false,"_monsterinsights_skip_tracking":false,"_monsterinsights_sitenote_active":false,"_monsterinsights_sitenote_note":"","_monsterinsights_sitenote_category":0,"_uf_show_specific_survey":0,"_uf_disable_surveys":false,"footnotes":""},"categories":[2,50],"tags":[],"class_list":["post-24035","post","type-post","status-publish","format-standard","has-post-thumbnail","hentry","category-not_mpal","category-not_saude"],"aioseo_notices":[],"_links":{"self":[{"href":"https:\/\/www.mpal.mp.br\/index.php?rest_route=\/wp\/v2\/posts\/24035","targetHints":{"allow":["GET"]}}],"collection":[{"href":"https:\/\/www.mpal.mp.br\/index.php?rest_route=\/wp\/v2\/posts"}],"about":[{"href":"https:\/\/www.mpal.mp.br\/index.php?rest_route=\/wp\/v2\/types\/post"}],"author":[{"embeddable":true,"href":"https:\/\/www.mpal.mp.br\/index.php?rest_route=\/wp\/v2\/users\/6"}],"replies":[{"embeddable":true,"href":"https:\/\/www.mpal.mp.br\/index.php?rest_route=%2Fwp%2Fv2%2Fcomments&post=24035"}],"version-history":[{"count":6,"href":"https:\/\/www.mpal.mp.br\/index.php?rest_route=\/wp\/v2\/posts\/24035\/revisions"}],"predecessor-version":[{"id":24064,"href":"https:\/\/www.mpal.mp.br\/index.php?rest_route=\/wp\/v2\/posts\/24035\/revisions\/24064"}],"wp:featuredmedia":[{"embeddable":true,"href":"https:\/\/www.mpal.mp.br\/index.php?rest_route=\/wp\/v2\/media\/19086"}],"wp:attachment":[{"href":"https:\/\/www.mpal.mp.br\/index.php?rest_route=%2Fwp%2Fv2%2Fmedia&parent=24035"}],"wp:term":[{"taxonomy":"category","embeddable":true,"href":"https:\/\/www.mpal.mp.br\/index.php?rest_route=%2Fwp%2Fv2%2Fcategories&post=24035"},{"taxonomy":"post_tag","embeddable":true,"href":"https:\/\/www.mpal.mp.br\/index.php?rest_route=%2Fwp%2Fv2%2Ftags&post=24035"}],"curies":[{"name":"wp","href":"https:\/\/api.w.org\/{rel}","templated":true}]}}