{"id":2253,"date":"2020-04-06T12:24:08","date_gmt":"2020-04-06T15:24:08","guid":{"rendered":"https:\/\/www.mpal.mp.br\/?p=2253"},"modified":"2022-03-17T12:25:32","modified_gmt":"2022-03-17T15:25:32","slug":"ministerio-publico-recomenda-medidas-preventivas-a-orgaos-de-saude-e-hospitais-em-caso-de-obitos-suspeitos-de-covid-19","status":"publish","type":"post","link":"https:\/\/www.mpal.mp.br\/?p=2253","title":{"rendered":"Minist\u00e9rio P\u00fablico recomenda medidas preventivas a \u00f3rg\u00e3os de sa\u00fade e hospitais em caso de \u00f3bitos suspeitos de Covid-19"},"content":{"rendered":"<div class=\"fusion-fullwidth fullwidth-box fusion-builder-row-1 nonhundred-percent-fullwidth non-hundred-percent-height-scrolling\"  style='background-color: #ffffff;background-position: center center;background-repeat: no-repeat;padding-top:0px;padding-right:0px;padding-bottom:0px;padding-left:0px;'><div class=\"fusion-builder-row fusion-row \"><div  class=\"fusion-layout-column fusion_builder_column fusion_builder_column_1_1 fusion-builder-column-1 fusion-one-full fusion-column-first fusion-column-last 1_1\"  style='margin-top:0px;margin-bottom:20px;'>\n\t\t\t\t\t<div class=\"fusion-column-wrapper\" style=\"padding: 0px 0px 0px 0px;background-position:left top;background-repeat:no-repeat;-webkit-background-size:cover;-moz-background-size:cover;-o-background-size:cover;background-size:cover;\"   data-bg-url=\"\">\n\t\t\t\t\t\t<div class=\"fusion-text\"><p style=\"text-align: justify;\" align=\"justify\" data-raofz=\"14\"><span style=\"font-size: 14pt;\" data-raofz=\"14\">O Minist\u00e9rio P\u00fablico Estadual de Alagoas (MPAL) recomendou que promotores de justi\u00e7a e todas as institui\u00e7\u00f5es que fazem parte do Sistema Nacional de Localiza\u00e7\u00e3o e Identifica\u00e7\u00e3o de Desaparecidos do Minist\u00e9rio P\u00fablico (Sinalid\/CNMP) adotem medidas de preven\u00e7\u00e3o sobre corpos que por ventura cheguem a hospitais e ao Servi\u00e7o de Verifica\u00e7\u00e3o de \u00d3bitos (SVO) com suspeita de infec\u00e7\u00e3o pela Covid-19, mas sem ser identificados, de modo que sejam colhidas provas que, em caso de necessidade, possam ajudar a descobrir quem foram aquelas pessoas.<\/span><\/p>\n<p style=\"text-align: justify;\" align=\"justify\" data-raofz=\"14\"><span style=\"font-size: 14pt;\">Na\u00a0recomenda\u00e7\u00e3o, expedida pelo procurador-geral de justi\u00e7a interino, S\u00e9rgio Juc\u00e1,\u00a0e pela coordenadora do\u00a0Programa Estadual de Localiza\u00e7\u00e3o e Identifica\u00e7\u00e3o de Desaparecidos do Minist\u00e9rio P\u00fablico de Alagoas (Plid\/AL), promotora de justi\u00e7a Marluce Falc\u00e3o,\u00a0o\u00a0MPAL\u00a0est\u00e1\u00a0disponibilizando aos\u00a0\u00f3rg\u00e3os estadual e municipais da sa\u00fade, hospitais p\u00fablicos e privados referenciados no tratamento da\u00a0Covid-19\u00a0em Alagoas,,\u00a0\u00e0\u00a0Per\u00edcia\u00a0Oficial, \u00e0\u00a0Uncisal\/SVO \u2013 Servi\u00e7o de Verifica\u00e7\u00e3o d e \u00d3bito ,\u00a0assim como para\u00a0outras institui\u00e7\u00f5es\u00a0legitimadas \u00e0 ado\u00e7\u00e3o dos procedimentos\u00a0estabelecidos na\u00a0Portaria\u00a0Conjunta n\u00ba 1\/2020, do Conselho Nacional de Justi\u00e7a e do Minist\u00e9rio da Sa\u00fade,\u00a0acesso ao\u00a0Sistema Nacional de Localiza\u00e7\u00e3o e Identifica\u00e7\u00e3o de Desaparecidos(Sinalid\/CNMP), a partir de qualquer esta\u00e7\u00e3o computacional com acesso\u00a0\u00e0\u00a0rede mundial de computadores\u00a0(<a role=\"link\" href=\"https:\/\/apps.mprj.mp.br\/sinalid\/#\/\" data-raofz=\"16\">https:\/\/apps.mprj.mp.br\/sinalid\/#\/<\/a>),\u00a0mediante login e senha, atrav\u00e9s de solicita\u00e7\u00e3o \u00e0 coordena\u00e7\u00e3o do\u00a0Plid\/AL, por meio do e-mail institucional\u00a0<a role=\"link\" href=\"mailto:plid@mpal.mp.br\" data-raofz=\"16\">plid@mpal.mp.br<\/a><a role=\"link\" href=\"mailto:plid@mpal.mp.br\" data-raofz=\"16\">.<\/a>,\u00a0com o fim de que seja utilizada a plataforma do\u00a0referido servi\u00e7o\u00a0para registro (anexados os respectivos documentos) de pacientes n\u00e3o identificados ou hospitalizados sem conhecimento de seus familiares.<\/span><\/p>\n<p style=\"text-align: justify;\" align=\"justify\" data-raofz=\"14\"><span style=\"font-size: 14pt;\" data-raofz=\"14\">Em caso de ser registrada alguma morte com suspeita decorrente do coronav\u00edrus, o Minist\u00e9rio P\u00fablico orienta que quando do preenchimento dos dados junto ao Sinalid, o \u00f3rg\u00e3o ou hospital respons\u00e1vel anexe c\u00f3pia da declara\u00e7\u00e3o de \u00f3bito e informa\u00e7\u00f5es acerca do local de sepultamento, para fins de posterior localiza\u00e7\u00e3o e identifica\u00e7\u00e3o, principalmente, para orienta\u00e7\u00e3o dos familiares e autoridades p\u00fablicas.<\/span><\/p>\n<p style=\"text-align: justify;\" align=\"justify\" data-raofz=\"14\"><span style=\"font-size: 14pt;\" data-raofz=\"14\">As autoridades ministeriais tamb\u00e9m sugerem que o servi\u00e7o de assist\u00eancia social das unidades hospitalares seja o respons\u00e1vel pelo cadastramento e registro no Sistema Nacional de Localiza\u00e7\u00e3o e Identifica\u00e7\u00e3o de Desaparecidos, sob a coordena\u00e7\u00e3o, capacita\u00e7\u00e3o e supervis\u00e3o do Plid\/AL.<\/span><\/p>\n<p style=\"text-align: justify;\" align=\"justify\" data-raofz=\"14\"><span style=\"font-size: 14pt;\" data-raofz=\"14\"><strong>Per\u00edcia Oficial\u00a0<\/strong><strong>e Uncisal<\/strong><\/span><\/p>\n<p style=\"text-align: justify;\" align=\"justify\" data-raofz=\"14\"><span style=\"font-size: 14pt;\" data-raofz=\"14\">\u00c0 Per\u00edcia Oficial e \u00e0 Uncisal, o Minist\u00e9rio P\u00fablico recomendou a apresenta\u00e7\u00e3o de protocolo procedimental para efetivar a coleta segura de impress\u00e3o datilosc\u00f3pica do polegar do paciente que venha a \u00f3bito sem identifica\u00e7\u00e3o, com confirma\u00e7\u00e3o ou n\u00e3o da Covid-19, fotografia da face e, se poss\u00edvel, coleta segura de material gen\u00e9tico para guarda e posterior utiliza\u00e7\u00e3o pelo banco de perfis gen\u00e9tico (DNA), estabelecendo a cadeia de atos procedimentais. E, al\u00e9m disso, os \u00f3rg\u00e3os respons\u00e1veis devem, claro, registrar as provid\u00eancias adotadas no Sinalid, com o estabelecimento de sa\u00fade onde ocorreu o \u00f3bito, prontu\u00e1rio e c\u00f3pia de eventuais documentos.<\/span><\/p>\n<p style=\"text-align: justify;\" align=\"justify\" data-raofz=\"14\"><span style=\"font-size: 14pt;\" data-raofz=\"14\">\u201cO Minist\u00e9rio P\u00fablico de Alagoas, desde 2018, j\u00e1 opera com sucesso o Sinalid, por meio do Programa de Localiza\u00e7\u00e3o e Identifica\u00e7\u00e3o de Desaparecidos (Plid). Agora, no enfrentamento das causas sociais advindas com a pandemia da Covid-19, o acesso a essa plataforma pelos hospitais ser\u00e1 um grande aliado para que as fam\u00edlias e o estado venham localizar e identificar v\u00edtimas do coronav\u00edrus ap\u00f3s o sepultamento. Neste momento, temos que ser um Minist\u00e9rio P\u00fablico resolutivo e proativo, assegurando aos alagoanos direitos inerentes a pessoa humana\u201d afirmou Marluce Falc\u00e3o.<\/span><\/p>\n<\/div><div class=\"fusion-clearfix\"><\/div>\n\n\t\t\t\t\t<\/div>\n\t\t\t\t<\/div><\/div><\/div>\n","protected":false},"excerpt":{"rendered":"","protected":false},"author":2,"featured_media":2243,"comment_status":"open","ping_status":"open","sticky":false,"template":"","format":"standard","meta":{"om_disable_all_campaigns":false,"_monsterinsights_skip_tracking":false,"_monsterinsights_sitenote_active":false,"_monsterinsights_sitenote_note":"","_monsterinsights_sitenote_category":0,"_uf_show_specific_survey":0,"_uf_disable_surveys":false,"footnotes":""},"categories":[20],"tags":[],"class_list":["post-2253","post","type-post","status-publish","format-standard","has-post-thumbnail","hentry","category-not_sinalid"],"aioseo_notices":[],"_links":{"self":[{"href":"https:\/\/www.mpal.mp.br\/index.php?rest_route=\/wp\/v2\/posts\/2253","targetHints":{"allow":["GET"]}}],"collection":[{"href":"https:\/\/www.mpal.mp.br\/index.php?rest_route=\/wp\/v2\/posts"}],"about":[{"href":"https:\/\/www.mpal.mp.br\/index.php?rest_route=\/wp\/v2\/types\/post"}],"author":[{"embeddable":true,"href":"https:\/\/www.mpal.mp.br\/index.php?rest_route=\/wp\/v2\/users\/2"}],"replies":[{"embeddable":true,"href":"https:\/\/www.mpal.mp.br\/index.php?rest_route=%2Fwp%2Fv2%2Fcomments&post=2253"}],"version-history":[{"count":2,"href":"https:\/\/www.mpal.mp.br\/index.php?rest_route=\/wp\/v2\/posts\/2253\/revisions"}],"predecessor-version":[{"id":2255,"href":"https:\/\/www.mpal.mp.br\/index.php?rest_route=\/wp\/v2\/posts\/2253\/revisions\/2255"}],"wp:featuredmedia":[{"embeddable":true,"href":"https:\/\/www.mpal.mp.br\/index.php?rest_route=\/wp\/v2\/media\/2243"}],"wp:attachment":[{"href":"https:\/\/www.mpal.mp.br\/index.php?rest_route=%2Fwp%2Fv2%2Fmedia&parent=2253"}],"wp:term":[{"taxonomy":"category","embeddable":true,"href":"https:\/\/www.mpal.mp.br\/index.php?rest_route=%2Fwp%2Fv2%2Fcategories&post=2253"},{"taxonomy":"post_tag","embeddable":true,"href":"https:\/\/www.mpal.mp.br\/index.php?rest_route=%2Fwp%2Fv2%2Ftags&post=2253"}],"curies":[{"name":"wp","href":"https:\/\/api.w.org\/{rel}","templated":true}]}}