{"id":22376,"date":"2023-01-17T10:03:18","date_gmt":"2023-01-17T13:03:18","guid":{"rendered":"https:\/\/www.mpal.mp.br\/?p=22376"},"modified":"2025-06-18T11:26:44","modified_gmt":"2025-06-18T14:26:44","slug":"procurador-de-justica-walber-valente-e-o-novo-diretor-da-escola-superior-do-ministerio-publico","status":"publish","type":"post","link":"https:\/\/www.mpal.mp.br\/?p=22376","title":{"rendered":"Procurador de Justi\u00e7a Walber Valente \u00e9 o novo diretor da Escola Superior do Minist\u00e9rio P\u00fablico"},"content":{"rendered":"<p align=\"justify\"><span style=\"color: #000000; font-family: helvetica, arial, sans-serif; font-size: 10pt;\">A Escola Superior do Minist\u00e9rio P\u00fablico do Estado de Alagoas (ESMP\/AL) tem novo diretor. O procurador de Justi\u00e7a Walber Jos\u00e9 Valente de Lima foi nomeado, nesta ter\u00e7a-feira (17), para comandar os trabalhos do \u00f3rg\u00e3o que, dentre outras fun\u00e7\u00f5es, tem a miss\u00e3o de promover cursos, semin\u00e1rios, congressos, simp\u00f3sios, pesquisas, estudos e publica\u00e7\u00f5es, visando o aprimoramento profissional e cultural dos membros e servidores da institui\u00e7\u00e3o.<\/span><\/p>\n<p align=\"justify\"><span style=\"color: #000000; font-family: helvetica, arial, sans-serif; font-size: 10pt;\">A portaria n\u00ba 05\/2023 est\u00e1 publicada no Di\u00e1rio Oficial de hoje e \u00e9 assinada pelo procurador-geral de Justi\u00e7a em exerc\u00edcio, Lean Ant\u00f4nio Ferreira de Ara\u00fajo. \u201cA dire\u00e7\u00e3o da Escola Superior do Minist\u00e9rio P\u00fablico \u00e9 um novo e grande desafio para mim. N\u00e3o s\u00f3 pela import\u00e2ncia que ela exerce em nosso meio acad\u00eamico, mas pela responsabilidade em identificar e suprir as demandas que a evolu\u00e7\u00e3o social exige do operador do Direito. A Escola \u00e9 mesmo a nossa j\u00f3ia preciosa, que todos n\u00f3s que fazemos o MP de Alagoas temos o dever de zelar\u201d, afirmou Walber Jos\u00e9 Valente de Lima. <\/span><\/p>\n<p align=\"justify\"><span style=\"color: #000000; font-family: helvetica, arial, sans-serif; font-size: 10pt;\">J\u00e1 o promotor de Justi\u00e7a Cl\u00e1udio Jos\u00e9 Brand\u00e3o S\u00e1, por meio do ato de nomea\u00e7\u00e3o n\u00ba 06\/2023, foi escolhido para exercer o cargo de vice-diretor de Planejamento da Escola Superior do Minist\u00e9rio P\u00fablico. A portaria tamb\u00e9m est\u00e1 no DO desta ter\u00e7a-feira (17). <\/span><\/p>\n<p align=\"justify\"><span style=\"font-family: helvetica, arial, sans-serif; font-size: 10pt;\"><strong><span style=\"color: #000000;\"><b>A escola<\/b><\/span><\/strong><\/span><\/p>\n<p align=\"justify\"><span style=\"color: #000000; font-family: helvetica, arial, sans-serif; font-size: 10pt;\">A Escola Superior do Minist\u00e9rio P\u00fablico de Alagoas (ESMP\/AL) \u00e9 o \u00f3rg\u00e3o auxiliar do Minist\u00e9rio P\u00fablico destinado a realizar cursos, semin\u00e1rios, congressos, simp\u00f3sios, pesquisas, estudos e publica\u00e7\u00f5es, visando o aprimoramento profissional e cultural dos membros da institui\u00e7\u00e3o, de seus auxiliares e servidores, bem como promover a execu\u00e7\u00e3o de servi\u00e7os e racionaliza\u00e7\u00e3o de seus recursos materiais.<\/span><\/p>\n<p align=\"justify\"><span style=\"color: #000000; font-family: helvetica, arial, sans-serif; font-size: 10pt;\">Sua miss\u00e3o maior \u00e9 promover a\u00e7\u00f5es que contribuam para o crescimento intelecto-profissional dos membros e servidores do Minist\u00e9rio P\u00fablico do Estado de Alagoas. <\/span><\/p>\n","protected":false},"excerpt":{"rendered":"<p> [&hellip;]<\/p>\n","protected":false},"author":17,"featured_media":22372,"comment_status":"closed","ping_status":"closed","sticky":false,"template":"","format":"standard","meta":{"om_disable_all_campaigns":false,"_monsterinsights_skip_tracking":false,"_monsterinsights_sitenote_active":false,"_monsterinsights_sitenote_note":"","_monsterinsights_sitenote_category":0,"_uf_show_specific_survey":0,"_uf_disable_surveys":false,"footnotes":""},"categories":[19],"tags":[],"class_list":["post-22376","post","type-post","status-publish","format-standard","has-post-thumbnail","hentry","category-not_esmp"],"aioseo_notices":[],"_links":{"self":[{"href":"https:\/\/www.mpal.mp.br\/index.php?rest_route=\/wp\/v2\/posts\/22376","targetHints":{"allow":["GET"]}}],"collection":[{"href":"https:\/\/www.mpal.mp.br\/index.php?rest_route=\/wp\/v2\/posts"}],"about":[{"href":"https:\/\/www.mpal.mp.br\/index.php?rest_route=\/wp\/v2\/types\/post"}],"author":[{"embeddable":true,"href":"https:\/\/www.mpal.mp.br\/index.php?rest_route=\/wp\/v2\/users\/17"}],"replies":[{"embeddable":true,"href":"https:\/\/www.mpal.mp.br\/index.php?rest_route=%2Fwp%2Fv2%2Fcomments&post=22376"}],"version-history":[{"count":1,"href":"https:\/\/www.mpal.mp.br\/index.php?rest_route=\/wp\/v2\/posts\/22376\/revisions"}],"predecessor-version":[{"id":22377,"href":"https:\/\/www.mpal.mp.br\/index.php?rest_route=\/wp\/v2\/posts\/22376\/revisions\/22377"}],"wp:featuredmedia":[{"embeddable":true,"href":"https:\/\/www.mpal.mp.br\/index.php?rest_route=\/wp\/v2\/media\/22372"}],"wp:attachment":[{"href":"https:\/\/www.mpal.mp.br\/index.php?rest_route=%2Fwp%2Fv2%2Fmedia&parent=22376"}],"wp:term":[{"taxonomy":"category","embeddable":true,"href":"https:\/\/www.mpal.mp.br\/index.php?rest_route=%2Fwp%2Fv2%2Fcategories&post=22376"},{"taxonomy":"post_tag","embeddable":true,"href":"https:\/\/www.mpal.mp.br\/index.php?rest_route=%2Fwp%2Fv2%2Ftags&post=22376"}],"curies":[{"name":"wp","href":"https:\/\/api.w.org\/{rel}","templated":true}]}}