{"id":2233,"date":"2018-10-26T12:10:47","date_gmt":"2018-10-26T15:10:47","guid":{"rendered":"https:\/\/www.mpal.mp.br\/?p=2233"},"modified":"2022-03-17T12:11:38","modified_gmt":"2022-03-17T15:11:38","slug":"reuniao-com-orgaos-de-comunicacao-para-criar-um-protocolo-para-publicacao-de-noticias-sobre-pessoas-desaparecidas","status":"publish","type":"post","link":"https:\/\/www.mpal.mp.br\/?p=2233","title":{"rendered":"Reuni\u00e3o com \u00f3rg\u00e3os de comunica\u00e7\u00e3o para criar um protocolo para publica\u00e7\u00e3o de not\u00edcias sobre pessoas desaparecidas"},"content":{"rendered":"<div class=\"fusion-fullwidth fullwidth-box fusion-builder-row-1 nonhundred-percent-fullwidth non-hundred-percent-height-scrolling\"  style='background-color: #ffffff;background-position: center center;background-repeat: no-repeat;padding-top:0px;padding-right:0px;padding-bottom:0px;padding-left:0px;'><div class=\"fusion-builder-row fusion-row \"><div  class=\"fusion-layout-column fusion_builder_column fusion_builder_column_1_1 fusion-builder-column-1 fusion-one-full fusion-column-first fusion-column-last 1_1\"  style='margin-top:0px;margin-bottom:20px;'>\n\t\t\t\t\t<div class=\"fusion-column-wrapper\" style=\"padding: 0px 0px 0px 0px;background-position:left top;background-repeat:no-repeat;-webkit-background-size:cover;-moz-background-size:cover;-o-background-size:cover;background-size:cover;\"   data-bg-url=\"\">\n\t\t\t\t\t\t<div class=\"fusion-text\"><p style=\"text-align: justify;\" data-raofz=\"14\"><span style=\"font-size: 14pt;\">O Minist\u00e9rio P\u00fablico do Estado de Alagoas (MPE\/AL) coordenou, por meio dos promotores de justi\u00e7a Ubirajara Ramos e Marluce Falc\u00e3o, uma reuni\u00e3o com representantes de empresas de comunica\u00e7\u00e3o que atuam no estado. O objetivo \u00e9 criar um protocolo que deve ser seguido ao se publicar not\u00edcias de pessoas desaparecida. A ideia surgiu depois que Gisele dos Santos Duarte, que havia desaparecido da casa dos pais, e resolveu voltar ap\u00f3s assistir a repercuss\u00e3o do caso na imprensa.<\/span><\/p>\n<p style=\"text-align: justify;\" data-raofz=\"14\"><span style=\"font-size: 14pt;\">\u201cO caso dessa garota, uma menor em estado de vulnerabilidade, \u00e9 um bom exemplo da for\u00e7a que a imprensa tem nessas situa\u00e7\u00f5es de pessoas desaparecidas. Ela estava em uma situa\u00e7\u00e3o que ainda est\u00e1 sendo investigada, mas que \u00e9 certo n\u00e3o podia contactar os pais, e ao assistir na TV e ver em sites toda mobiliza\u00e7\u00e3o para encontr\u00e1-la conseguiu voltar \u00e0 casa dos pais. Ou seja, a divulga\u00e7\u00e3o \u00e9 importante e precisa ser orquestrada para n\u00e3o haver desencontros\u201d, salientou a promotora Marluce falc\u00e3o, coordenadora do Programa de Identifica\u00e7\u00e3o e Localiza\u00e7\u00e3o de Pessoas Desaparecidas de Alagoas (Plid\/AL).<\/span><\/p>\n<p style=\"text-align: justify;\" data-raofz=\"14\"><span style=\"font-size: 14pt;\">A promotora de justi\u00e7a ainda ressaltou que a reuni\u00e3o foi um primeiro contato direto com os \u00f3rg\u00e3os de comunica\u00e7\u00e3o e informa\u00e7\u00f5es e serviu para haver uma troca de informa\u00e7\u00f5es que ajudar\u00e1 a montar um protocolo a ser segundo ao se noticiar casos de desaparecimento de pessoas. \u201cOuvimos oque os representantes das empresas acham importantes para que a not\u00edcia ganhe subst\u00e2ncia e eles escutaram de n\u00f3s de que maneira a mat\u00e9ria pode ser feita para ajudar as investiga\u00e7\u00f5es. Foi uma troca de conhecimentos interessantes\u201d, disse.<\/span><\/p>\n<p style=\"text-align: justify;\" data-raofz=\"14\"><span style=\"font-size: 14pt;\">Ficou decidido que o primeiro passo a ser dado \u00e9 a cria\u00e7\u00e3o de uma lista de transmiss\u00e3o, a partir do aplicativo WhatsApp, para que sejam enviados informa\u00e7\u00f5es dos desaparecidos, como foto, idade, caracter\u00edsticas f\u00edscias, roupa que estava trajando e situa\u00e7\u00e3o em que ocorreu o sumi\u00e7o. \u201cEsse contato direto e r\u00e1pido ser\u00e1 de suma importante para auxiliar na busca de pessoas desaparecida. Os \u00f3rg\u00e3o de impressa s\u00e3o aliados essenciais nesse trabalho\u201d, declarou o promotor Ubirajara Ramos.<\/span><\/p>\n<p style=\"text-align: justify;\" data-raofz=\"14\"><span style=\"font-size: 14pt;\">O \u00f3rg\u00e3o de imprensa que desejar participar da lista de transmiss\u00e3o pode mandar e-mail e um n\u00famero de WhatsApp para o e-mail sinalid.ndhh@mpal.mp.br<\/span><br \/>\n<span style=\"font-size: 14pt;\">Plid<\/span><\/p>\n<p style=\"text-align: justify;\" data-raofz=\"14\"><span style=\"font-size: 14pt;\">O Plid\/AL foi concebido a partir da preocupa\u00e7\u00e3o do MPE\/AL com centenas de fam\u00edlia alagoanas que passam a mesma situa\u00e7\u00e3o que os pais de Gisele dos Santos Duarte. O programa integra o Sistema Nacional de Localiza\u00e7\u00e3o e Identifica\u00e7\u00e3o de Desaparecidos no \u00e2mbito do Minist\u00e9rio P\u00fablico brasileiro (Sinalid), criado pelo Conselho Nacional dos Minist\u00e9rios P\u00fablicos (CNMP).<\/span><\/p>\n<p style=\"text-align: justify;\" data-raofz=\"14\"><span style=\"font-size: 14pt;\">O programa tem a miss\u00e3o de permitir que cidad\u00e3os desaparecidos possam ser encontrados por suas fam\u00edlias ou, que estas, pelo menos, tenham a chance de se despedir deles com o m\u00ednimo de dignidade. Sua cria\u00e7\u00e3o s\u00f3 foi poss\u00edvel depois que o procurador-geral de justi\u00e7a, Alfredo Gaspar de Mendon\u00e7a Neto, assinou um acordo de coopera\u00e7\u00e3o t\u00e9cnica com o Conselho Nacional.<\/span><\/p>\n<\/div><div class=\"fusion-clearfix\"><\/div>\n\n\t\t\t\t\t<\/div>\n\t\t\t\t<\/div><\/div><\/div>\n","protected":false},"excerpt":{"rendered":"","protected":false},"author":2,"featured_media":2234,"comment_status":"open","ping_status":"open","sticky":false,"template":"","format":"standard","meta":{"om_disable_all_campaigns":false,"_monsterinsights_skip_tracking":false,"_monsterinsights_sitenote_active":false,"_monsterinsights_sitenote_note":"","_monsterinsights_sitenote_category":0,"_uf_show_specific_survey":0,"_uf_disable_surveys":false,"footnotes":""},"categories":[20],"tags":[],"class_list":["post-2233","post","type-post","status-publish","format-standard","has-post-thumbnail","hentry","category-not_sinalid"],"aioseo_notices":[],"_links":{"self":[{"href":"https:\/\/www.mpal.mp.br\/index.php?rest_route=\/wp\/v2\/posts\/2233","targetHints":{"allow":["GET"]}}],"collection":[{"href":"https:\/\/www.mpal.mp.br\/index.php?rest_route=\/wp\/v2\/posts"}],"about":[{"href":"https:\/\/www.mpal.mp.br\/index.php?rest_route=\/wp\/v2\/types\/post"}],"author":[{"embeddable":true,"href":"https:\/\/www.mpal.mp.br\/index.php?rest_route=\/wp\/v2\/users\/2"}],"replies":[{"embeddable":true,"href":"https:\/\/www.mpal.mp.br\/index.php?rest_route=%2Fwp%2Fv2%2Fcomments&post=2233"}],"version-history":[{"count":2,"href":"https:\/\/www.mpal.mp.br\/index.php?rest_route=\/wp\/v2\/posts\/2233\/revisions"}],"predecessor-version":[{"id":2236,"href":"https:\/\/www.mpal.mp.br\/index.php?rest_route=\/wp\/v2\/posts\/2233\/revisions\/2236"}],"wp:featuredmedia":[{"embeddable":true,"href":"https:\/\/www.mpal.mp.br\/index.php?rest_route=\/wp\/v2\/media\/2234"}],"wp:attachment":[{"href":"https:\/\/www.mpal.mp.br\/index.php?rest_route=%2Fwp%2Fv2%2Fmedia&parent=2233"}],"wp:term":[{"taxonomy":"category","embeddable":true,"href":"https:\/\/www.mpal.mp.br\/index.php?rest_route=%2Fwp%2Fv2%2Fcategories&post=2233"},{"taxonomy":"post_tag","embeddable":true,"href":"https:\/\/www.mpal.mp.br\/index.php?rest_route=%2Fwp%2Fv2%2Ftags&post=2233"}],"curies":[{"name":"wp","href":"https:\/\/api.w.org\/{rel}","templated":true}]}}