{"id":2229,"date":"2015-05-14T12:07:45","date_gmt":"2015-05-14T15:07:45","guid":{"rendered":"https:\/\/www.mpal.mp.br\/?p=2229"},"modified":"2022-03-17T12:07:58","modified_gmt":"2022-03-17T15:07:58","slug":"desaparecidos-as-midias-sociais-na-busca-por-pessoas-perdidas","status":"publish","type":"post","link":"https:\/\/www.mpal.mp.br\/?p=2229","title":{"rendered":"Desaparecidos: as m\u00eddias sociais na busca por pessoas perdidas"},"content":{"rendered":"<div class=\"fusion-fullwidth fullwidth-box fusion-builder-row-1 nonhundred-percent-fullwidth non-hundred-percent-height-scrolling\"  style='background-color: #ffffff;background-position: center center;background-repeat: no-repeat;padding-top:0px;padding-right:0px;padding-bottom:0px;padding-left:0px;'><div class=\"fusion-builder-row fusion-row \"><div  class=\"fusion-layout-column fusion_builder_column fusion_builder_column_1_1 fusion-builder-column-1 fusion-one-full fusion-column-first fusion-column-last 1_1\"  style='margin-top:0px;margin-bottom:20px;'>\n\t\t\t\t\t<div class=\"fusion-column-wrapper\" style=\"padding: 0px 0px 0px 0px;background-position:left top;background-repeat:no-repeat;-webkit-background-size:cover;-moz-background-size:cover;-o-background-size:cover;background-size:cover;\"   data-bg-url=\"\">\n\t\t\t\t\t\t<div class=\"fusion-text\"><p style=\"text-align: justify;\"><span style=\"font-size: 14pt;\">No minuto em que voc\u00ea l\u00ea este par\u00e1grafo, duas pessoas j\u00e1 desapareceram sem deixar vest\u00edgios no Brasil. O Minist\u00e9rio da Justi\u00e7a estima que, a cada ano, 250 mil\u00a0<strong>indiv\u00edduos somem misteriosamente no pa\u00eds<\/strong>. Para confortar as fam\u00edlias,\u00a0<strong>m\u00eddias\u00a0sociais<\/strong>\u00a0e\u00a0<strong>aplicativos populares<\/strong>\u00a0est\u00e3o sendo usados pela pol\u00edcia para cadastrar os desaparecidos, reunir informa\u00e7\u00f5es e at\u00e9 mesmo receber den\u00fancias.<\/span><\/p>\n<p style=\"text-align: justify;\"><span style=\"font-size: 14pt;\">Um exemplo positivo do uso da tecnologia \u00e9 a a\u00e7\u00e3o desenvolvida pela Delegacia de Prote\u00e7\u00e3o \u00e0 Pessoa (DPP) de Salvador. Conforme explica o\u00a0<strong>jornal Nossa Metr\u00f3pole<\/strong>, antigamente as informa\u00e7\u00f5es chegavam somente pelo telefone ou pela p\u00e1gina da delegacia no Facebook. Contudo, hoje \u00e9 poss\u00edvel contatar o \u00f3rg\u00e3o atrav\u00e9s do\u00a0<strong>WhatsApp<\/strong>\u00a0para enviar informa\u00e7\u00f5es e at\u00e9 mesmo fotografias da pessoa desaparecida.<\/span><\/p>\n<p style=\"text-align: justify;\"><span style=\"font-size: 14pt;\">Em entrevista ao jornal, a delegada titular Helo\u00edsa Sim\u00f5es contou que em apenas dois dias de servi\u00e7os a equipe j\u00e1 recebeu trinta mensagens: \u201cAs\u00a0<strong>m\u00eddias sociais<\/strong>\u00a0t\u00eam sido bastante utilizadas pelos \u00f3rg\u00e3os de seguran\u00e7a p\u00fablica para\u00a0<strong>desmontar organiza\u00e7\u00f5es criminosas<\/strong>\u00a0e encontrar desaparecidos\u201d. A iniciativa se traduziu em n\u00fameros positivos para quem buscava filhos e parentes desaparecidos na cidade baiana. Em 2014, a DPP registrou 326 casos de desaparecimento, sendo que 318 foram resolvidos. J\u00e1 neste ano foram 75 casos registrados, e 71 indiv\u00edduos localizados.<\/span><\/p>\n<h5 style=\"text-align: justify;\"><span style=\"font-size: 14pt;\"><strong>Cadastro Nacional<\/strong><\/span><\/h5>\n<p style=\"text-align: justify;\"><span style=\"font-size: 14pt;\">Estas iniciativas surgem para sanar as falhas do\u00a0<strong>Cadastro Nacional de Pessoas Desaparecidas<\/strong>. Em reportagem sobre o assunto, o\u00a0<strong>portal Cada Minuto<\/strong>\u00a0explica que, apesar de ter sido criado h\u00e1 cinco anos, o sistema n\u00e3o costuma ser atualizado com frequ\u00eancia. Para demonstrar este problema, o site buscou todos os desaparecidos no estado de Alagoas e apenas o nome do garoto Felipe Vicente apareceu. Seus dados haviam sido inseridos no dia 20 de junho de 2013, mas a crian\u00e7a foi encontrada morta em Macei\u00f3 nove dias mais tarde.<\/span><\/p>\n<p style=\"text-align: justify;\"><span style=\"font-size: 14pt;\">A equipe da\u00a0<strong>Magic Web Design<\/strong>\u00a0tamb\u00e9m testou o sistema. Mesmo inserindo informa\u00e7\u00f5es de um perfil comum, como uma crian\u00e7a de at\u00e9 60 cm e 10 quilos, do sexo masculino e com olhos e cabelos castanhos, apareceram apenas 8 resultados.<\/span><\/p>\n<p style=\"text-align: justify;\"><span style=\"font-size: 14pt;\"><img loading=\"lazy\" decoding=\"async\" class=\"aligncenter wp-image-20127 size-full colorbox-20123\" title=\"Cadastro Nacional de Pessoas Desaparecidas\" src=\"https:\/\/www.redemagic.com\/blog\/wp-content\/uploads\/2015\/05\/cadastro-desaparecidos-magic.png\" sizes=\"auto, (max-width: 550px) 100vw, 550px\" srcset=\"https:\/\/www.redemagic.com\/blog\/wp-content\/uploads\/2015\/05\/cadastro-desaparecidos-magic.png 550w, https:\/\/www.redemagic.com\/blog\/wp-content\/uploads\/2015\/05\/cadastro-desaparecidos-magic-300x149.png 300w, https:\/\/www.redemagic.com\/blog\/wp-content\/uploads\/2015\/05\/cadastro-desaparecidos-magic-500x248.png 500w\" alt=\"Cadastro Nacional de Pessoas Desaparecidas\" width=\"550\" height=\"273\" data-jpibfi-post-excerpt=\"Conhe\u00e7a como aplicativos e redes sociais est\u00e3o ajudando a pol\u00edcia na busca por pessoas desaparecidas no Brasil.\" data-jpibfi-post-url=\"https:\/\/www.redemagic.com\/blog\/tecnologia\/desaparecidos-as-midias-sociais-na-busca-por-pessoas-perdidas\/\" data-jpibfi-post-title=\"Desaparecidos: as m\u00eddias sociais na busca por pessoas perdidas\" data-jpibfi-src=\"https:\/\/www.redemagic.com\/blog\/wp-content\/uploads\/2015\/05\/cadastro-desaparecidos-magic.png\" \/><\/span><\/p>\n<p style=\"text-align: justify;\"><span style=\"font-size: 14pt;\">Em resposta \u00e0s cr\u00edticas, a assessoria de comunica\u00e7\u00e3o do Minist\u00e9rio da Justi\u00e7a explicou ao Cada Minuto que o cadastro ainda n\u00e3o \u00e9 conhecido nacionalmente e funciona por ades\u00e3o volunt\u00e1ria: \u201cQualquer pessoa pode inserir dados sobre crian\u00e7as ou adolescentes desaparecidos e o instrumento que criou o cadastro (Lei n\u00ba 12.127\/2009) n\u00e3o prev\u00ea obrigatoriedade de nenhum \u00f3rg\u00e3o em aliment\u00e1-lo, fato que impede uma maior celeridade em sua implanta\u00e7\u00e3o nos estados e munic\u00edpios brasileiros\u201d.<\/span><\/p>\n<h5 style=\"text-align: justify;\"><span style=\"font-size: 14pt;\"><strong>Outros exemplos positivos<\/strong><\/span><\/h5>\n<p style=\"text-align: justify;\"><span style=\"font-size: 14pt;\">Mas, se o cadastro no sistema fosse obrigat\u00f3rio para as delegacias brasileiras, o cen\u00e1rio seria outro? Ao integrar dados do pa\u00eds inteiro, aplicativos poderiam ser criados e haveria aperfei\u00e7oamento no monitoramento dos dados enviados pelas pessoas com informa\u00e7\u00f5es sobre os casos.<\/span><\/p>\n<p style=\"text-align: justify;\"><span style=\"font-size: 14pt;\">O\u00a0<strong>Portal dos Desaparecidos<\/strong>, do Rio de Janeiro, j\u00e1 entendeu a import\u00e2ncia da interatividade e\u00a0<strong>coopera\u00e7\u00e3o proporcionada pela internet<\/strong>. Assim, criou a Web Den\u00fancia, que tamb\u00e9m utiliza o WhatsApp para agregar informa\u00e7\u00f5es. Atrav\u00e9s do n\u00famero (021) 99626-4393, voc\u00ea pode enviar fotos, v\u00eddeos, \u00e1udios e outros documentos digitais que auxiliem os \u00f3rg\u00e3os respons\u00e1veis durante as investiga\u00e7\u00f5es.<\/span><\/p>\n<p style=\"text-align: justify;\"><span style=\"font-size: 14pt;\">Para tornar a a\u00e7\u00e3o ainda mais eficiente, foi feita uma parceria com o Minist\u00e9rio P\u00fablico do Estado do Rio de Janeiro, onde ocorrem os tr\u00e2mites para cadastrar uma pessoa desaparecida. \u201cToda informa\u00e7\u00e3o vinda por esse aplicativo ter\u00e1 o cuidado j\u00e1 existente na Central de Atendimento do Disque-Den\u00fancia\u201d, explica o texto de divulga\u00e7\u00e3o da a\u00e7\u00e3o.<\/span><\/p>\n<p style=\"text-align: justify;\"><span style=\"font-size: 14pt;\">Em Curitiba, a Magic Web Design n\u00e3o identificou a\u00e7\u00f5es semelhantes para encontrar pessoas perdidas. Existe apenas uma fan page no Facebook, chamada\u00a0<strong>Desaparecidos \u2013 Delegacia Eletr\u00f4nica do Paran\u00e1<\/strong>, com a \u00faltima atualiza\u00e7\u00e3o feita no dia 7 de mar\u00e7o. Por\u00e9m, o \u00f3rg\u00e3o n\u00e3o disponibiliza contato de WhatsApp para envio de dados.<\/span><\/p>\n<p><sub><strong>Fonte:<\/strong> <a href=\"https:\/\/www.redemagic.com\/blog\/tecnologia\/desaparecidos-as-midias-sociais-na-busca-por-pessoas-perdidas\/\" target=\"_blank\" rel=\"noopener\">redemagic.com<\/a><\/sub><\/p>\n<\/div><div class=\"fusion-clearfix\"><\/div>\n\n\t\t\t\t\t<\/div>\n\t\t\t\t<\/div><\/div><\/div>\n","protected":false},"excerpt":{"rendered":"","protected":false},"author":2,"featured_media":2230,"comment_status":"open","ping_status":"open","sticky":false,"template":"","format":"standard","meta":{"om_disable_all_campaigns":false,"_monsterinsights_skip_tracking":false,"_monsterinsights_sitenote_active":false,"_monsterinsights_sitenote_note":"","_monsterinsights_sitenote_category":0,"_uf_show_specific_survey":0,"_uf_disable_surveys":false,"footnotes":""},"categories":[20],"tags":[],"class_list":["post-2229","post","type-post","status-publish","format-standard","has-post-thumbnail","hentry","category-not_sinalid"],"aioseo_notices":[],"_links":{"self":[{"href":"https:\/\/www.mpal.mp.br\/index.php?rest_route=\/wp\/v2\/posts\/2229","targetHints":{"allow":["GET"]}}],"collection":[{"href":"https:\/\/www.mpal.mp.br\/index.php?rest_route=\/wp\/v2\/posts"}],"about":[{"href":"https:\/\/www.mpal.mp.br\/index.php?rest_route=\/wp\/v2\/types\/post"}],"author":[{"embeddable":true,"href":"https:\/\/www.mpal.mp.br\/index.php?rest_route=\/wp\/v2\/users\/2"}],"replies":[{"embeddable":true,"href":"https:\/\/www.mpal.mp.br\/index.php?rest_route=%2Fwp%2Fv2%2Fcomments&post=2229"}],"version-history":[{"count":2,"href":"https:\/\/www.mpal.mp.br\/index.php?rest_route=\/wp\/v2\/posts\/2229\/revisions"}],"predecessor-version":[{"id":2232,"href":"https:\/\/www.mpal.mp.br\/index.php?rest_route=\/wp\/v2\/posts\/2229\/revisions\/2232"}],"wp:featuredmedia":[{"embeddable":true,"href":"https:\/\/www.mpal.mp.br\/index.php?rest_route=\/wp\/v2\/media\/2230"}],"wp:attachment":[{"href":"https:\/\/www.mpal.mp.br\/index.php?rest_route=%2Fwp%2Fv2%2Fmedia&parent=2229"}],"wp:term":[{"taxonomy":"category","embeddable":true,"href":"https:\/\/www.mpal.mp.br\/index.php?rest_route=%2Fwp%2Fv2%2Fcategories&post=2229"},{"taxonomy":"post_tag","embeddable":true,"href":"https:\/\/www.mpal.mp.br\/index.php?rest_route=%2Fwp%2Fv2%2Ftags&post=2229"}],"curies":[{"name":"wp","href":"https:\/\/api.w.org\/{rel}","templated":true}]}}