{"id":2225,"date":"2016-09-28T12:03:13","date_gmt":"2016-09-28T15:03:13","guid":{"rendered":"https:\/\/www.mpal.mp.br\/?p=2225"},"modified":"2022-03-17T12:03:31","modified_gmt":"2022-03-17T15:03:31","slug":"adolescentes-somem-e-moradores-da-garca-torta-fecham-al-101-norte","status":"publish","type":"post","link":"https:\/\/www.mpal.mp.br\/?p=2225","title":{"rendered":"Adolescentes somem e moradores da Gar\u00e7a Torta fecham AL-101 norte"},"content":{"rendered":"<div class=\"fusion-fullwidth fullwidth-box fusion-builder-row-1 nonhundred-percent-fullwidth non-hundred-percent-height-scrolling\"  style='background-color: #ffffff;background-position: center center;background-repeat: no-repeat;padding-top:0px;padding-right:0px;padding-bottom:0px;padding-left:0px;'><div class=\"fusion-builder-row fusion-row \"><div  class=\"fusion-layout-column fusion_builder_column fusion_builder_column_1_1 fusion-builder-column-1 fusion-one-full fusion-column-first fusion-column-last 1_1\"  style='margin-top:0px;margin-bottom:20px;'>\n\t\t\t\t\t<div class=\"fusion-column-wrapper\" style=\"padding: 0px 0px 0px 0px;background-position:left top;background-repeat:no-repeat;-webkit-background-size:cover;-moz-background-size:cover;-o-background-size:cover;background-size:cover;\"   data-bg-url=\"\">\n\t\t\t\t\t\t<div class=\"fusion-text\"><p style=\"text-align: justify;\"><span style=\"font-size: 14pt;\">O desaparecimento de duas adolescentes no bairro de Gar\u00e7a Torta resultou, na noite desta quarta-feira (28), em um protesto que bloqueou um trecho da rodovia AL-101 norte, em\u00a0Macei\u00f3.<\/span><\/p>\n<p><span style=\"font-size: 14pt;\">A rodovia foi liberada horas ap\u00f3s as meninas serem encontradas em um loteamento no bairro de Riacho Doce.<\/span><\/p>\n<p><span style=\"font-size: 14pt;\">Segundo a tenente Eveline, do Batalh\u00e3o de Pol\u00edcia de Eventos (BPE), moradores do bairro relataram que as duas meninas de 16 e 17 anos, desapareceram ap\u00f3s serem abordadas enquanto iam para a escola por ocupantes de um carro preto.<\/span><\/p>\n<p style=\"text-align: justify;\"><span style=\"font-size: 14pt;\">O tr\u00e2nsito na regi\u00e3o ficou parado devido \u00e0 mobiliza\u00e7\u00e3o de familiares e amigos das adolescentes. A pol\u00edcia fez buscas na regi\u00e3o e localizou as meninas ap\u00f3s receberem informa\u00e7\u00f5es de um motoqueiro.<\/span><\/p>\n<p><span style=\"font-size: 14pt;\">As adolescentes foram encaminhadas com familiares para prestar depoimento sobre o desaparecimento.<\/span><\/p>\n<p><sub><strong>Fonte:<\/strong> <a href=\"https:\/\/g1.globo.com\/al\/alagoas\/noticia\/2016\/09\/adolescentes-somem-e-moradores-da-garca-torta-fecham-al-101-norte.html\" target=\"_blank\" rel=\"noopener\">www.g1.globo.com.br\/alagoas<\/a><\/sub><\/p>\n<\/div><div class=\"fusion-clearfix\"><\/div>\n\n\t\t\t\t\t<\/div>\n\t\t\t\t<\/div><\/div><\/div>\n","protected":false},"excerpt":{"rendered":"","protected":false},"author":2,"featured_media":2226,"comment_status":"open","ping_status":"open","sticky":false,"template":"","format":"standard","meta":{"om_disable_all_campaigns":false,"_monsterinsights_skip_tracking":false,"_monsterinsights_sitenote_active":false,"_monsterinsights_sitenote_note":"","_monsterinsights_sitenote_category":0,"_uf_show_specific_survey":0,"_uf_disable_surveys":false,"footnotes":""},"categories":[20],"tags":[],"class_list":["post-2225","post","type-post","status-publish","format-standard","has-post-thumbnail","hentry","category-not_sinalid"],"aioseo_notices":[],"_links":{"self":[{"href":"https:\/\/www.mpal.mp.br\/index.php?rest_route=\/wp\/v2\/posts\/2225","targetHints":{"allow":["GET"]}}],"collection":[{"href":"https:\/\/www.mpal.mp.br\/index.php?rest_route=\/wp\/v2\/posts"}],"about":[{"href":"https:\/\/www.mpal.mp.br\/index.php?rest_route=\/wp\/v2\/types\/post"}],"author":[{"embeddable":true,"href":"https:\/\/www.mpal.mp.br\/index.php?rest_route=\/wp\/v2\/users\/2"}],"replies":[{"embeddable":true,"href":"https:\/\/www.mpal.mp.br\/index.php?rest_route=%2Fwp%2Fv2%2Fcomments&post=2225"}],"version-history":[{"count":2,"href":"https:\/\/www.mpal.mp.br\/index.php?rest_route=\/wp\/v2\/posts\/2225\/revisions"}],"predecessor-version":[{"id":2228,"href":"https:\/\/www.mpal.mp.br\/index.php?rest_route=\/wp\/v2\/posts\/2225\/revisions\/2228"}],"wp:featuredmedia":[{"embeddable":true,"href":"https:\/\/www.mpal.mp.br\/index.php?rest_route=\/wp\/v2\/media\/2226"}],"wp:attachment":[{"href":"https:\/\/www.mpal.mp.br\/index.php?rest_route=%2Fwp%2Fv2%2Fmedia&parent=2225"}],"wp:term":[{"taxonomy":"category","embeddable":true,"href":"https:\/\/www.mpal.mp.br\/index.php?rest_route=%2Fwp%2Fv2%2Fcategories&post=2225"},{"taxonomy":"post_tag","embeddable":true,"href":"https:\/\/www.mpal.mp.br\/index.php?rest_route=%2Fwp%2Fv2%2Ftags&post=2225"}],"curies":[{"name":"wp","href":"https:\/\/api.w.org\/{rel}","templated":true}]}}