{"id":22188,"date":"2023-01-11T09:46:23","date_gmt":"2023-01-11T12:46:23","guid":{"rendered":"https:\/\/www.mpal.mp.br\/?p=22188"},"modified":"2024-08-06T13:49:05","modified_gmt":"2024-08-06T16:49:05","slug":"suporte-procurador-geral-empossa-o-primeiro-assistente-de-promotoria-de-justica","status":"publish","type":"post","link":"https:\/\/www.mpal.mp.br\/?p=22188","title":{"rendered":"Suporte: Procurador-geral empossa o primeiro assistente de promotoria de Justi\u00e7a"},"content":{"rendered":"<div class=\"fusion-fullwidth fullwidth-box fusion-builder-row-1 nonhundred-percent-fullwidth non-hundred-percent-height-scrolling\"  style='background-color: #ffffff;background-position: center center;background-repeat: no-repeat;padding-top:0px;padding-right:0px;padding-bottom:0px;padding-left:0px;'><div class=\"fusion-builder-row fusion-row \"><div  class=\"fusion-layout-column fusion_builder_column fusion_builder_column_1_1 fusion-builder-column-1 fusion-one-full fusion-column-first fusion-column-last 1_1\"  style='margin-top:0px;margin-bottom:0px;'>\n\t\t\t\t\t<div class=\"fusion-column-wrapper\" style=\"padding: 0px 0px 0px 0px;background-position:left top;background-repeat:no-repeat;-webkit-background-size:cover;-moz-background-size:cover;-o-background-size:cover;background-size:cover;\"   data-bg-url=\"\">\n\t\t\t\t\t\t<div class=\"fusion-text\"><p align=\"justify\"><span style=\"color: #000000;\"><span style=\"font-family: helvetica, arial, sans-serif;\"><span style=\"font-size: small;\">Na manh\u00e3 desta ter\u00e7a-feira (10), o procurador-geral de Justi\u00e7a <\/span><\/span><\/span><span style=\"color: #000000;\"><span style=\"font-family: helvetica, arial, sans-serif;\"><span style=\"font-size: small;\">(PGJ)<\/span><\/span><\/span><span style=\"color: #000000;\"><span style=\"font-family: helvetica, arial, sans-serif;\"><span style=\"font-size: small;\">, M\u00e1rcio Roberto Ten\u00f3rio de Albuquerque, empossou o primeiro dos tr\u00eas assistentes de promotorias de Justi\u00e7a<\/span><\/span><\/span> rec\u00e9m-nomeados. Everton Russel tomou posse no gabinete do chefe ministerial, acompanhado pelo promotor de Justi\u00e7a Ary Lages Filho, titular de Atalaia, onde atuar\u00e1. Presente \u00e0 solenidade tamb\u00e9m estiveram o presidente da Ampal, Roberto Salom\u00e3o, e o diretor substituto de Recursos Humanos, Victor Marinho.<\/p>\n<p align=\"justify\">\u201cO momento significa evolu\u00e7\u00e3o, atender \u00e0s reivindica\u00e7\u00f5es dos membros, tentar amenizar, paulatinamente, as car\u00eancias nas comarcas. Sabemos que j\u00e1 possui experi\u00eancia, pois desenvolveu suas atividades na Defensoria, a remunera\u00e7\u00e3o n\u00e3o estar\u00e1 \u00e0 altura, a princ\u00edpio, do que ir\u00e1, com seus outros colegas, desempenhar em nossa casa, mas tenho certeza de que veio pelo compromisso que tem com o nosso Minist\u00e9rio P\u00fablico. S\u00f3 posso desejar que logre \u00eaxito e pode contar conosco. Posso garantir \u00e9 que n\u00e3o medirei esfor\u00e7os para trazer benef\u00edcios e valorizar quem faz parte desse time qualificado\u201d, ressalta o PGJ.<\/p>\n<p align=\"justify\">O promotor de Justi\u00e7a Ary Lages Filho agradeceu por ser o primeiro contemplado com aux\u00edlio t\u00e3o importante.<\/p>\n<p align=\"justify\">\u201c\u00c9 uma satisfa\u00e7\u00e3o \u00edmpar, algo hist\u00f3rico para a institui\u00e7\u00e3o Todos os membros aguardam ansiosos e, gra\u00e7as a Deus, j\u00e1 tive o privil\u00e9gio de ganhar esse refor\u00e7o t\u00e3o importante para a Promotoria. Temos certeza de que com essa articula\u00e7\u00e3o, no final das contas, quem ganha \u00e9 a sociedade. Parab\u00e9ns por cumprir mais uma promessa de gest\u00e3o, demonstrando compromisso, honrando a palavra com os membros\u201d, conclui Ary Lags.<\/p>\n<p align=\"justify\">O presidente da Ampal expressou-se rapidamente. \u201cConhecemos a din\u00e2mica do procurador-geral de Justi\u00e7a e temos convic\u00e7\u00e3o de que mais avan\u00e7os vir\u00e3o. O que tenho a fazer \u00e9 deseja boa sorte e dize seja bem-vindo ao Minist\u00e9rio P\u00fablico de Alagoas\u201d, enfatiza Salom\u00e3o.<\/p>\n<p align=\"justify\">Por sua vez, ap\u00f3s a manifesta\u00e7\u00e3o de todos, o assessor brevemente falou a respeito da nomea\u00e7\u00e3o e pose.<\/p>\n<p align=\"justify\">\u201cQuero agradecer a oportunidade e afirmar que estou pronto e disposto para dar o melhor de mim dentro do MP de Alagoas\u201d, frisa Russel.<\/p>\n<p align=\"justify\">Fotos: Anderson Macena<\/p>\n<\/div><style type=\"text\/css\">.fusion-gallery-1 .fusion-gallery-image {border:0px solid #f6f6f6;-webkit-border-radius:5px;-moz-border-radius:5px;border-radius:5px;}<\/style><div class=\"fusion-gallery fusion-gallery-container fusion-grid-3 fusion-columns-total-0 fusion-gallery-layout-grid fusion-gallery-1\" style=\"margin:-5px;\"><div style=\"padding:5px;\" class=\"fusion-grid-column fusion-gallery-column fusion-gallery-column-3 hover-type-none\"><div class=\"fusion-gallery-image\"><a href=\"https:\/\/www.mpal.mp.br\/wp-content\/uploads\/2023\/01\/20230110104244_6N6A8429.jpg\" rel=\"noreferrer\" data-rel=\"iLightbox[gallery_image_1]\" class=\"fusion-lightbox\" target=\"_self\"><img loading=\"lazy\" decoding=\"async\" src=\"https:\/\/www.mpal.mp.br\/wp-content\/uploads\/2023\/01\/20230110104244_6N6A8429.jpg\" width=\"3360\" height=\"2240\" alt=\"\" title=\"20230110104244_6N6A8429\" aria-label=\"20230110104244_6N6A8429\" class=\"img-responsive wp-image-22156\" \/><\/a><\/div><\/div><div style=\"padding:5px;\" class=\"fusion-grid-column fusion-gallery-column fusion-gallery-column-3 hover-type-none\"><div class=\"fusion-gallery-image\"><a href=\"https:\/\/www.mpal.mp.br\/wp-content\/uploads\/2023\/01\/20230110104201_6N6A8421.jpg\" rel=\"noreferrer\" data-rel=\"iLightbox[gallery_image_1]\" class=\"fusion-lightbox\" target=\"_self\"><img loading=\"lazy\" decoding=\"async\" src=\"https:\/\/www.mpal.mp.br\/wp-content\/uploads\/2023\/01\/20230110104201_6N6A8421.jpg\" width=\"3360\" height=\"2240\" alt=\"\" title=\"20230110104201_6N6A8421\" aria-label=\"20230110104201_6N6A8421\" class=\"img-responsive wp-image-22154\" \/><\/a><\/div><\/div><div style=\"padding:5px;\" class=\"fusion-grid-column fusion-gallery-column fusion-gallery-column-3 hover-type-none\"><div class=\"fusion-gallery-image\"><a href=\"https:\/\/www.mpal.mp.br\/wp-content\/uploads\/2023\/01\/20230110104136_6N6A8418.jpg\" rel=\"noreferrer\" data-rel=\"iLightbox[gallery_image_1]\" class=\"fusion-lightbox\" target=\"_self\"><img loading=\"lazy\" decoding=\"async\" src=\"https:\/\/www.mpal.mp.br\/wp-content\/uploads\/2023\/01\/20230110104136_6N6A8418.jpg\" width=\"3360\" height=\"2240\" alt=\"\" title=\"20230110104136_6N6A8418\" aria-label=\"20230110104136_6N6A8418\" class=\"img-responsive wp-image-22153\" \/><\/a><\/div><\/div><div class=\"clearfix\"><\/div><div style=\"padding:5px;\" class=\"fusion-grid-column fusion-gallery-column fusion-gallery-column-3 hover-type-none\"><div class=\"fusion-gallery-image\"><a href=\"https:\/\/www.mpal.mp.br\/wp-content\/uploads\/2023\/01\/20230110104058_6N6A8411.jpg\" rel=\"noreferrer\" data-rel=\"iLightbox[gallery_image_1]\" class=\"fusion-lightbox\" target=\"_self\"><img loading=\"lazy\" decoding=\"async\" src=\"https:\/\/www.mpal.mp.br\/wp-content\/uploads\/2023\/01\/20230110104058_6N6A8411.jpg\" width=\"3360\" height=\"2240\" alt=\"\" title=\"20230110104058_6N6A8411\" aria-label=\"20230110104058_6N6A8411\" class=\"img-responsive wp-image-22152\" \/><\/a><\/div><\/div><\/div><div class=\"fusion-clearfix\"><\/div>\n\n\t\t\t\t\t<\/div>\n\t\t\t\t<\/div><\/div><\/div>\n","protected":false},"excerpt":{"rendered":"","protected":false},"author":8,"featured_media":22152,"comment_status":"closed","ping_status":"closed","sticky":false,"template":"","format":"standard","meta":{"om_disable_all_campaigns":false,"_monsterinsights_skip_tracking":false,"_monsterinsights_sitenote_active":false,"_monsterinsights_sitenote_note":"","_monsterinsights_sitenote_category":0,"_uf_show_specific_survey":0,"_uf_disable_surveys":false,"footnotes":""},"categories":[18,2],"tags":[],"class_list":["post-22188","post","type-post","status-publish","format-standard","has-post-thumbnail","hentry","category-not_concursos","category-not_mpal"],"aioseo_notices":[],"_links":{"self":[{"href":"https:\/\/www.mpal.mp.br\/index.php?rest_route=\/wp\/v2\/posts\/22188","targetHints":{"allow":["GET"]}}],"collection":[{"href":"https:\/\/www.mpal.mp.br\/index.php?rest_route=\/wp\/v2\/posts"}],"about":[{"href":"https:\/\/www.mpal.mp.br\/index.php?rest_route=\/wp\/v2\/types\/post"}],"author":[{"embeddable":true,"href":"https:\/\/www.mpal.mp.br\/index.php?rest_route=\/wp\/v2\/users\/8"}],"replies":[{"embeddable":true,"href":"https:\/\/www.mpal.mp.br\/index.php?rest_route=%2Fwp%2Fv2%2Fcomments&post=22188"}],"version-history":[{"count":2,"href":"https:\/\/www.mpal.mp.br\/index.php?rest_route=\/wp\/v2\/posts\/22188\/revisions"}],"predecessor-version":[{"id":22191,"href":"https:\/\/www.mpal.mp.br\/index.php?rest_route=\/wp\/v2\/posts\/22188\/revisions\/22191"}],"wp:featuredmedia":[{"embeddable":true,"href":"https:\/\/www.mpal.mp.br\/index.php?rest_route=\/wp\/v2\/media\/22152"}],"wp:attachment":[{"href":"https:\/\/www.mpal.mp.br\/index.php?rest_route=%2Fwp%2Fv2%2Fmedia&parent=22188"}],"wp:term":[{"taxonomy":"category","embeddable":true,"href":"https:\/\/www.mpal.mp.br\/index.php?rest_route=%2Fwp%2Fv2%2Fcategories&post=22188"},{"taxonomy":"post_tag","embeddable":true,"href":"https:\/\/www.mpal.mp.br\/index.php?rest_route=%2Fwp%2Fv2%2Ftags&post=22188"}],"curies":[{"name":"wp","href":"https:\/\/api.w.org\/{rel}","templated":true}]}}