{"id":2212,"date":"2020-05-25T11:42:58","date_gmt":"2020-05-25T14:42:58","guid":{"rendered":"https:\/\/www.mpal.mp.br\/?p=2212"},"modified":"2022-03-17T11:44:33","modified_gmt":"2022-03-17T14:44:33","slug":"crb-realiza-parceria-com-o-mpal-para-localizar-pessoas-desaparecidas","status":"publish","type":"post","link":"https:\/\/www.mpal.mp.br\/?p=2212","title":{"rendered":"CRB realiza parceria com o MPAL para localizar pessoas desaparecidas"},"content":{"rendered":"<div class=\"fusion-fullwidth fullwidth-box fusion-builder-row-1 nonhundred-percent-fullwidth non-hundred-percent-height-scrolling\"  style='background-color: #ffffff;background-position: center center;background-repeat: no-repeat;padding-top:0px;padding-right:0px;padding-bottom:0px;padding-left:0px;'><div class=\"fusion-builder-row fusion-row \"><div  class=\"fusion-layout-column fusion_builder_column fusion_builder_column_1_1 fusion-builder-column-1 fusion-one-full fusion-column-first fusion-column-last 1_1\"  style='margin-top:0px;margin-bottom:20px;'>\n\t\t\t\t\t<div class=\"fusion-column-wrapper\" style=\"padding: 0px 0px 0px 0px;background-position:left top;background-repeat:no-repeat;-webkit-background-size:cover;-moz-background-size:cover;-o-background-size:cover;background-size:cover;\"   data-bg-url=\"\">\n\t\t\t\t\t\t<div class=\"fusion-text\"><p style=\"text-align: justify;\" data-raofz=\"14\"><span style=\"font-size: 14pt;\">Na manh\u00e3 desta segunda-feira (25), o CRB comunicou uma parceria com o Minist\u00e9rio P\u00fablico Estadual de Alagoas (MP\/AL) para trabalharem nas buscas por pessoas desaparecidas. Em nota, no site oficial do clube, o Galo informou que ir\u00e1 disponibilizar as redes sociais para colocar fotos de desaparecidos. O anuncio foi revelado justamente no \u201cDia Internacional de Crian\u00e7as Desaparecidas\u201d.<\/span><\/p>\n<p style=\"text-align: justify;\" data-raofz=\"14\"><span style=\"font-size: 14pt;\">O time praiano entra na luta para combater um n\u00famero alarmante de desaparecidos: quase mil fam\u00edlias, nos \u00faltimos dois anos, registraram sumi\u00e7os de parentes que nunca mais foram encontrados. As crian\u00e7as e adolescentes, inseridas neste n\u00famero assustador, s\u00e3o cerca de 33.63% dos casos de v\u00edtimas sumidas em Alagoas.<\/span><\/p>\n<p style=\"text-align: justify;\" data-raofz=\"14\"><span style=\"font-size: 14pt;\">Entre 2018 e maio de 2020, o N\u00facleo de Direitos Humanos do MP\/AL, atrav\u00e9s do Programa de Identifica\u00e7\u00e3o e Localiza\u00e7\u00e3o de Pessoas Desaparecidas em Alagoas (Plid\/AL), contabilizou cerca de 996 pessoas desaparecidas. Trazendo para um \u00e2mbito nacional, o n\u00famero de desaparecidos passou dos 82 mil casos nos \u00faltimos dois anos, sendo 40% de crian\u00e7as e adolescentes.<\/span><\/p>\n<p style=\"text-align: justify;\" data-raofz=\"14\"><span style=\"font-size: 14pt;\">O mandat\u00e1rio regatiano, Marcos Barbosa, disse que se sente orgulhoso em realizar esta parceria com o MPAL. \u201c\u00c9 triste saber que fam\u00edlias alagoanas sofrem uma dor t\u00e3o grande como essa. O CRB n\u00e3o poderia apenas chamar a aten\u00e7\u00e3o para este fato, temos que fazer a nossa parte e contribuir atrav\u00e9s da for\u00e7a da Na\u00e7\u00e3o Regatiana, que ajudar\u00e1 na localiza\u00e7\u00e3o das pessoas desaparecidas\u201d, disse o presidente.<\/span><\/p>\n<p style=\"text-align: justify;\" data-raofz=\"14\"><span style=\"font-size: 14pt;\">A coordenadora do N\u00facleo de Direitos Humanos do MPAL, promotora de justi\u00e7a Marluce Falc\u00e3o, v\u00ea a parceria com bons olhos devido ao alcance que o Galo tem e que poder\u00e1 ajudar a localizar as v\u00edtimas.<\/span><\/p>\n<p style=\"text-align: justify;\" data-raofz=\"14\"><span style=\"font-size: 14pt;\">E como forma de dar o pontap\u00e9 inicial na parceria do CRB com o Minist\u00e9rio P\u00fablico, os jogadores regatianos gravaram v\u00eddeos alertando sobre os n\u00fameros de pessoas que est\u00e3o desaparecidas e reafirmaram a necessidade dos familiares registrarem os desaparecimentos.<\/span><\/p>\n<p style=\"text-align: justify;\" data-raofz=\"14\"><span style=\"font-size: 14pt;\">Quem quiser denunciar o sumi\u00e7o de algum parente deve procurar o Minist\u00e9rio P\u00fablico Estadual de Alagoas, atrav\u00e9s de um dos canais de comunica\u00e7\u00e3o que podem ser encontrados no\u00a0<a role=\"link\" href=\"https:\/\/www.mpal.mp.br\/sinalid\/\" rel=\"noopener noreferrer\" data-raofz=\"14\">https:\/\/www.mpal.mp.br\/sinalid\/<\/a>.<\/span><\/p>\n<p style=\"text-align: justify;\" data-raofz=\"14\"><span style=\"font-size: 14pt;\"><strong><sub>Fonte:\u00a0<a role=\"link\" href=\"https:\/\/gazetaweb.globo.com\/portal\/noticia\/2020\/05\/crb-realiza-parceria-com-mp-para-localizar-pessoas-desaparecidas_106276.php\" rel=\"noopener noreferrer\" data-raofz=\"10\">gazetaweb.globo.com<\/a><\/sub><\/strong><\/span><\/p>\n<\/div><div class=\"fusion-clearfix\"><\/div>\n\n\t\t\t\t\t<\/div>\n\t\t\t\t<\/div><\/div><\/div>\n","protected":false},"excerpt":{"rendered":"","protected":false},"author":2,"featured_media":2213,"comment_status":"open","ping_status":"open","sticky":false,"template":"","format":"standard","meta":{"om_disable_all_campaigns":false,"_monsterinsights_skip_tracking":false,"_monsterinsights_sitenote_active":false,"_monsterinsights_sitenote_note":"","_monsterinsights_sitenote_category":0,"_uf_show_specific_survey":0,"_uf_disable_surveys":false,"footnotes":""},"categories":[20],"tags":[],"class_list":["post-2212","post","type-post","status-publish","format-standard","has-post-thumbnail","hentry","category-not_sinalid"],"aioseo_notices":[],"_links":{"self":[{"href":"https:\/\/www.mpal.mp.br\/index.php?rest_route=\/wp\/v2\/posts\/2212","targetHints":{"allow":["GET"]}}],"collection":[{"href":"https:\/\/www.mpal.mp.br\/index.php?rest_route=\/wp\/v2\/posts"}],"about":[{"href":"https:\/\/www.mpal.mp.br\/index.php?rest_route=\/wp\/v2\/types\/post"}],"author":[{"embeddable":true,"href":"https:\/\/www.mpal.mp.br\/index.php?rest_route=\/wp\/v2\/users\/2"}],"replies":[{"embeddable":true,"href":"https:\/\/www.mpal.mp.br\/index.php?rest_route=%2Fwp%2Fv2%2Fcomments&post=2212"}],"version-history":[{"count":2,"href":"https:\/\/www.mpal.mp.br\/index.php?rest_route=\/wp\/v2\/posts\/2212\/revisions"}],"predecessor-version":[{"id":2215,"href":"https:\/\/www.mpal.mp.br\/index.php?rest_route=\/wp\/v2\/posts\/2212\/revisions\/2215"}],"wp:featuredmedia":[{"embeddable":true,"href":"https:\/\/www.mpal.mp.br\/index.php?rest_route=\/wp\/v2\/media\/2213"}],"wp:attachment":[{"href":"https:\/\/www.mpal.mp.br\/index.php?rest_route=%2Fwp%2Fv2%2Fmedia&parent=2212"}],"wp:term":[{"taxonomy":"category","embeddable":true,"href":"https:\/\/www.mpal.mp.br\/index.php?rest_route=%2Fwp%2Fv2%2Fcategories&post=2212"},{"taxonomy":"post_tag","embeddable":true,"href":"https:\/\/www.mpal.mp.br\/index.php?rest_route=%2Fwp%2Fv2%2Ftags&post=2212"}],"curies":[{"name":"wp","href":"https:\/\/api.w.org\/{rel}","templated":true}]}}