{"id":20322,"date":"2022-11-04T13:00:21","date_gmt":"2022-11-04T16:00:21","guid":{"rendered":"https:\/\/www.mpal.mp.br\/?p=20322"},"modified":"2023-12-06T13:49:27","modified_gmt":"2023-12-06T16:49:27","slug":"mpal-mpf-e-dpu-assinam-termo-de-acordo-com-braskem-e-prefeitura-de-maceio-para-garantir-integracao-urbana-na-regiao-dos-flexais","status":"publish","type":"post","link":"https:\/\/www.mpal.mp.br\/?p=20322","title":{"rendered":"MPAL, MPF e DPU assinam termo de acordo com Braskem e Prefeitura de Macei\u00f3 para garantir integra\u00e7\u00e3o urbana na regi\u00e3o dos Flexais"},"content":{"rendered":"<div class=\"fusion-fullwidth fullwidth-box fusion-builder-row-1 nonhundred-percent-fullwidth non-hundred-percent-height-scrolling\"  style='background-color: #ffffff;background-position: center center;background-repeat: no-repeat;padding-top:0px;padding-right:0px;padding-bottom:0px;padding-left:0px;'><div class=\"fusion-builder-row fusion-row \"><div  class=\"fusion-layout-column fusion_builder_column fusion_builder_column_1_1 fusion-builder-column-1 fusion-one-full fusion-column-first fusion-column-last 1_1\"  style='margin-top:0px;margin-bottom:0px;'>\n\t\t\t\t\t<div class=\"fusion-column-wrapper\" style=\"padding: 0px 0px 0px 0px;background-position:left top;background-repeat:no-repeat;-webkit-background-size:cover;-moz-background-size:cover;-o-background-size:cover;background-size:cover;\"   data-bg-url=\"\">\n\t\t\t\t\t\t<div class=\"fusion-text\"><p class=\"p1\" style=\"text-align: justify;\"><span class=\"s1\" style=\"font-size: 14pt;\">Os Minist\u00e9rios P\u00fablicos Estadual e Federal e a Defensoria P\u00fablica da Uni\u00e3o firmaram com a Braskem e a Prefeitura de Macei\u00f3 termo de acordo que garante uma nova din\u00e2mica urbana para a regi\u00e3o dos Flexais de Cima e de Baixo, localizada no bairro de Bebedouro, na capital alagoana. No documento est\u00e3o previstas a\u00e7\u00f5es de melhorias nas condi\u00e7\u00f5es de vida da popula\u00e7\u00e3o que sofre com o ilhamento social provocado pela evacua\u00e7\u00e3o de cinco bairros afetados pela minera\u00e7\u00e3o em Macei\u00f3 (AL).<\/span><\/p>\n<p class=\"p1\" style=\"text-align: justify;\"><span class=\"s1\" style=\"font-size: 14pt;\">O Termo de Acordo para Implementa\u00e7\u00e3o de Medidas Socioecon\u00f4micas Destinadas \u00e0 Requalifica\u00e7\u00e3o da \u00c1rea do Flexal levou em considera\u00e7\u00e3o as demandas apresentadas pela comunidade da regi\u00e3o no que diz respeito \u00e0 defici\u00eancia de acesso a servi\u00e7os p\u00fablicos essenciais e, tamb\u00e9m, ao esvaziamento de com\u00e9rcios. Essas quest\u00f5es foram se intensificando ap\u00f3s a desocupa\u00e7\u00e3o de parte dos im\u00f3veis localizados nos bairros do Pinheiro, Mutange, Bebedouro, Bom Parto e Farol, que formam as \u00e1reas diretamente atingidas pela subsid\u00eancia, provocando mudan\u00e7as na din\u00e2mica de vida e nas rela\u00e7\u00f5es socioecon\u00f4micas da popula\u00e7\u00e3o.<\/span><\/p>\n<p class=\"p1\" style=\"text-align: justify;\"><span style=\"font-size: 14pt;\"><span class=\"s1\">As entidades que assinaram o acordo tamb\u00e9m entenderam que as informa\u00e7\u00f5es t\u00e9cnicas at\u00e9 ent\u00e3o fornecidas pelas Defesas Civis Municipal e Nacional e pelo Servi\u00e7o Geol\u00f3gico Brasileiro (SGB\/CPRM) indicam que esta regi\u00e3o n\u00e3o sofre com o risco de colapso do solo, sendo, portanto, mantida fora do mapa. Entretanto, as institui\u00e7\u00f5es reconheceram a situa\u00e7\u00e3o de ilhamento social da popula\u00e7\u00e3o, a necessidade de repara\u00e7\u00e3o dos danos pela Braskem e de reorganiza\u00e7\u00e3o dos servi\u00e7os p\u00fablicos pelo Munic\u00edpio de Macei\u00f3 e, com base em diferentes estudos produzidos pela Defesa Civil Municipal, pelo perito em Antropologia do MPF (Parecer T\u00e9cnico n\u00b0 02\/2021) e da empresa Diagonal, entenderam que as interven\u00e7\u00f5es urban\u00edsticas s\u00e3o uma possibilidade de reverter a circunst\u00e2ncia atual de ilhamento, minimizando o processo\u00a0<\/span>de deslocamento da comunidade.<\/span><\/p>\n<p class=\"p1\"><span style=\"font-size: 14pt;\"><strong><span class=\"s1\">A\u00e7\u00f5es previstas<\/span><\/strong><\/span><\/p>\n<p class=\"p1\" style=\"text-align: justify;\"><span class=\"s1\" style=\"font-size: 14pt;\">O acordo estabelece quais a\u00e7\u00f5es devem ser priorizadas \u2014 no prazo m\u00e1ximo de 24 meses \u2014 na execu\u00e7\u00e3o do projeto de integra\u00e7\u00e3o e desenvolvimento nas \u00e1reas de economia e trabalho; educa\u00e7\u00e3o, esporte, lazer e meio ambiente; sa\u00fade e assist\u00eancia social; atendimento e seguran\u00e7a da comunidade; e mobilidade.<\/span><\/p>\n<p class=\"p1\" style=\"text-align: justify;\"><span class=\"s1\" style=\"font-size: 14pt;\">Deste modo, est\u00e3o previstas a cria\u00e7\u00e3o de uma nova unidade b\u00e1sica de sa\u00fade e de uma nova escola em substitui\u00e7\u00e3o aos servi\u00e7os prestados pela antiga Escola Municipal Major Bonif\u00e1cio, e a instala\u00e7\u00e3o ou amplia\u00e7\u00e3o de servi\u00e7os b\u00e1sicos de sa\u00fade que assegurem o atendimento aos moradores da regi\u00e3o. O acordo prev\u00ea tamb\u00e9m a amplia\u00e7\u00e3o e\/ou altera\u00e7\u00e3o de rotas existentes de \u00f4nibus, de modo a suprir falhas de transporte; e a amplia\u00e7\u00e3o de rondas feitas pela guarda municipal.<\/span><\/p>\n<p class=\"p1\" style=\"text-align: justify;\"><span class=\"s1\" style=\"font-size: 14pt;\">Com rela\u00e7\u00e3o \u00e0 seguran\u00e7a, o projeto prev\u00ea o mapeamento da ilumina\u00e7\u00e3o p\u00fablica para posterior instala\u00e7\u00e3o de ilumina\u00e7\u00e3o LED; j\u00e1 com rela\u00e7\u00e3o \u00e0s a\u00e7\u00f5es de conserva\u00e7\u00e3o e zeladoria, o documento estabelece a divulga\u00e7\u00e3o da periodicidade e dos hor\u00e1rios da coleta domiciliar e da limpeza urbana. Al\u00e9m disso, as partes se obrigam a adotar medidas para evitar ocupa\u00e7\u00e3o e constru\u00e7\u00e3o irregular de im\u00f3veis naquela localidade.<\/span><\/p>\n<p class=\"p1\" style=\"text-align: justify;\"><span class=\"s1\" style=\"font-size: 14pt;\">Os comerciantes da regi\u00e3o tamb\u00e9m foram contemplados, pois o projeto de execu\u00e7\u00e3o contempla a instala\u00e7\u00e3o de centro de apoio aos pescadores, integrado a p\u00eder de acesso \u00e0 lagoa, bem como a implanta\u00e7\u00e3o de espa\u00e7o para feira visando a atender a comunidade local.<\/span><\/p>\n<p class=\"p1\"><span style=\"font-size: 14pt;\"><strong><span class=\"s1\">Compensa\u00e7\u00e3o financeira<\/span><\/strong><\/span><\/p>\n<p class=\"p1\" style=\"text-align: justify;\"><span class=\"s1\" style=\"font-size: 14pt;\">Com a celebra\u00e7\u00e3o do acordo fica garantido aos moradores e comerciantes da regi\u00e3o o pagamento de uma parcela \u00fanica no valor de R$ 25 mil por n\u00facleo familiar e com\u00e9rcio; e de R$ 30 mil, no caso de im\u00f3vel misto, a t\u00edtulo de indeniza\u00e7\u00e3o por danos patrimoniais e extrapatrimoniais. Vale destacar que, segundo a cl\u00e1usula quinta, o acordo n\u00e3o vincula e nem gera quaisquer obriga\u00e7\u00f5es para os cidad\u00e3os que n\u00e3o concordarem com as medidas propostas, deixando de aderir ao acordo, ficando livres para adotar as medidas que entenderem cab\u00edveis.<\/span><\/p>\n<p class=\"p1\" style=\"text-align: justify;\"><span class=\"s1\" style=\"font-size: 14pt;\">Tamb\u00e9m \u00e9 importante esclarecer que os recursos necess\u00e1rios ao cumprimento das obriga\u00e7\u00f5es previstas no presente termo n\u00e3o se confundem com os previstos no \u00e2mbito do Termo para Apoio na Desocupa\u00e7\u00e3o das \u00c1reas de Risco, firmado em dezembro de 2019, nem do Acordo Socioambiental, firmado em dezembro de 2020. Assim, a empresa Braskem se responsabiliza por disponibilizar os valores adicionais necess\u00e1rios, inclusive em caso de eventual modifica\u00e7\u00e3o da situa\u00e7\u00e3o geol\u00f3gica na regi\u00e3o do Flexal em raz\u00e3o da atualiza\u00e7\u00e3o do Mapa de Linhas Priorit\u00e1rias \u2013 Vers\u00e3o 4.<\/span><\/p>\n<p class=\"p1\" style=\"text-align: justify;\"><span class=\"s1\" style=\"font-size: 14pt;\">O Termo de Acordo para Implementa\u00e7\u00e3o de Medidas Socioecon\u00f4micas Destinadas \u00e0 Requalifica\u00e7\u00e3o da \u00c1rea do Flexal foi homologado, na \u00faltima quarta-feira (26), pela Justi\u00e7a Federal, nos autos da a\u00e7\u00e3o civil p\u00fablica no 0806577-74.2019.4.05.8000 e ter\u00e1 toda a sua execu\u00e7\u00e3o acompanhada pelas institui\u00e7\u00f5es signat\u00e1rias por meio de documentos emitidos semestralmente tanto pela Braskem, quanto pela Prefeitura de Macei\u00f3.<br \/>\n<\/span><\/p>\n<p class=\"p1\" style=\"text-align: justify;\"><span class=\"s1\" style=\"font-size: 14pt;\">Com informa\u00e7\u00f5es da Ascom do MPF.\u00a0<\/span><\/p>\n<\/div><style type=\"text\/css\">.fusion-gallery-1 .fusion-gallery-image {border:0px solid #f6f6f6;-webkit-border-radius:5px;-moz-border-radius:5px;border-radius:5px;}<\/style><div class=\"fusion-gallery fusion-gallery-container fusion-grid-3 fusion-columns-total-0 fusion-gallery-layout-grid fusion-gallery-1\" style=\"margin:-5px;\"><div style=\"padding:5px;\" class=\"fusion-grid-column fusion-gallery-column fusion-gallery-column-3 hover-type-none\"><div class=\"fusion-gallery-image\"><a href=\"https:\/\/www.mpal.mp.br\/wp-content\/uploads\/2022\/11\/20221104122653_6N6A5041.jpg\" rel=\"noreferrer\" data-rel=\"iLightbox[gallery_image_1]\" class=\"fusion-lightbox\" target=\"_self\"><img loading=\"lazy\" decoding=\"async\" src=\"https:\/\/www.mpal.mp.br\/wp-content\/uploads\/2022\/11\/20221104122653_6N6A5041.jpg\" width=\"2400\" height=\"1600\" alt=\"\" title=\"20221104122653_6N6A5041\" aria-label=\"20221104122653_6N6A5041\" class=\"img-responsive wp-image-20336\" \/><\/a><\/div><\/div><div style=\"padding:5px;\" class=\"fusion-grid-column fusion-gallery-column fusion-gallery-column-3 hover-type-none\"><div class=\"fusion-gallery-image\"><a href=\"https:\/\/www.mpal.mp.br\/wp-content\/uploads\/2022\/11\/20221104122632_6N6A5034.jpg\" rel=\"noreferrer\" data-rel=\"iLightbox[gallery_image_1]\" class=\"fusion-lightbox\" target=\"_self\"><img loading=\"lazy\" decoding=\"async\" src=\"https:\/\/www.mpal.mp.br\/wp-content\/uploads\/2022\/11\/20221104122632_6N6A5034.jpg\" width=\"2400\" height=\"1600\" alt=\"\" title=\"20221104122632_6N6A5034\" aria-label=\"20221104122632_6N6A5034\" class=\"img-responsive wp-image-20335\" \/><\/a><\/div><\/div><div style=\"padding:5px;\" class=\"fusion-grid-column fusion-gallery-column fusion-gallery-column-3 hover-type-none\"><div class=\"fusion-gallery-image\"><a href=\"https:\/\/www.mpal.mp.br\/wp-content\/uploads\/2022\/11\/20221104114013_6N6A5019.jpg\" rel=\"noreferrer\" data-rel=\"iLightbox[gallery_image_1]\" class=\"fusion-lightbox\" target=\"_self\"><img loading=\"lazy\" decoding=\"async\" src=\"https:\/\/www.mpal.mp.br\/wp-content\/uploads\/2022\/11\/20221104114013_6N6A5019.jpg\" width=\"2400\" height=\"1600\" alt=\"\" title=\"20221104114013_6N6A5019\" aria-label=\"20221104114013_6N6A5019\" class=\"img-responsive wp-image-20334\" \/><\/a><\/div><\/div><div class=\"clearfix\"><\/div><div style=\"padding:5px;\" class=\"fusion-grid-column fusion-gallery-column fusion-gallery-column-3 hover-type-none\"><div class=\"fusion-gallery-image\"><a href=\"https:\/\/www.mpal.mp.br\/wp-content\/uploads\/2022\/11\/20221104113936_6N6A5010.jpg\" rel=\"noreferrer\" data-rel=\"iLightbox[gallery_image_1]\" class=\"fusion-lightbox\" target=\"_self\"><img loading=\"lazy\" decoding=\"async\" src=\"https:\/\/www.mpal.mp.br\/wp-content\/uploads\/2022\/11\/20221104113936_6N6A5010.jpg\" width=\"2400\" height=\"1600\" alt=\"\" title=\"20221104113936_6N6A5010\" aria-label=\"20221104113936_6N6A5010\" class=\"img-responsive wp-image-20333\" \/><\/a><\/div><\/div><div style=\"padding:5px;\" class=\"fusion-grid-column fusion-gallery-column fusion-gallery-column-3 hover-type-none\"><div class=\"fusion-gallery-image\"><a href=\"https:\/\/www.mpal.mp.br\/wp-content\/uploads\/2022\/11\/20221104113524_6N6A4998.jpg\" rel=\"noreferrer\" data-rel=\"iLightbox[gallery_image_1]\" class=\"fusion-lightbox\" target=\"_self\"><img loading=\"lazy\" decoding=\"async\" src=\"https:\/\/www.mpal.mp.br\/wp-content\/uploads\/2022\/11\/20221104113524_6N6A4998.jpg\" width=\"2400\" height=\"1600\" alt=\"\" title=\"20221104113524_6N6A4998\" aria-label=\"20221104113524_6N6A4998\" class=\"img-responsive wp-image-20332\" \/><\/a><\/div><\/div><div style=\"padding:5px;\" class=\"fusion-grid-column fusion-gallery-column fusion-gallery-column-3 hover-type-none\"><div class=\"fusion-gallery-image\"><a href=\"https:\/\/www.mpal.mp.br\/wp-content\/uploads\/2022\/11\/20221104113927_6N6A5002.jpg\" rel=\"noreferrer\" data-rel=\"iLightbox[gallery_image_1]\" class=\"fusion-lightbox\" target=\"_self\"><img loading=\"lazy\" decoding=\"async\" src=\"https:\/\/www.mpal.mp.br\/wp-content\/uploads\/2022\/11\/20221104113927_6N6A5002.jpg\" width=\"2400\" height=\"1600\" alt=\"\" title=\"20221104113927_6N6A5002\" aria-label=\"20221104113927_6N6A5002\" class=\"img-responsive wp-image-20331\" \/><\/a><\/div><\/div><div class=\"clearfix\"><\/div><div style=\"padding:5px;\" class=\"fusion-grid-column fusion-gallery-column fusion-gallery-column-3 hover-type-none\"><div class=\"fusion-gallery-image\"><a href=\"https:\/\/www.mpal.mp.br\/wp-content\/uploads\/2022\/11\/20221104113430_6N6A4992.jpg\" rel=\"noreferrer\" data-rel=\"iLightbox[gallery_image_1]\" class=\"fusion-lightbox\" target=\"_self\"><img loading=\"lazy\" decoding=\"async\" src=\"https:\/\/www.mpal.mp.br\/wp-content\/uploads\/2022\/11\/20221104113430_6N6A4992.jpg\" width=\"2400\" height=\"1600\" alt=\"\" title=\"20221104113430_6N6A4992\" aria-label=\"20221104113430_6N6A4992\" class=\"img-responsive wp-image-20330\" \/><\/a><\/div><\/div><div style=\"padding:5px;\" class=\"fusion-grid-column fusion-gallery-column fusion-gallery-column-3 hover-type-none\"><div class=\"fusion-gallery-image\"><a href=\"https:\/\/www.mpal.mp.br\/wp-content\/uploads\/2022\/11\/20221104113425_6N6A4986.jpg\" rel=\"noreferrer\" data-rel=\"iLightbox[gallery_image_1]\" class=\"fusion-lightbox\" target=\"_self\"><img loading=\"lazy\" decoding=\"async\" src=\"https:\/\/www.mpal.mp.br\/wp-content\/uploads\/2022\/11\/20221104113425_6N6A4986.jpg\" width=\"2400\" height=\"1600\" alt=\"\" title=\"20221104113425_6N6A4986\" aria-label=\"20221104113425_6N6A4986\" class=\"img-responsive wp-image-20329\" \/><\/a><\/div><\/div><div style=\"padding:5px;\" class=\"fusion-grid-column fusion-gallery-column fusion-gallery-column-3 hover-type-none\"><div class=\"fusion-gallery-image\"><a href=\"https:\/\/www.mpal.mp.br\/wp-content\/uploads\/2022\/11\/20221104113158_6N6A4976.jpg\" rel=\"noreferrer\" data-rel=\"iLightbox[gallery_image_1]\" class=\"fusion-lightbox\" target=\"_self\"><img loading=\"lazy\" decoding=\"async\" src=\"https:\/\/www.mpal.mp.br\/wp-content\/uploads\/2022\/11\/20221104113158_6N6A4976.jpg\" width=\"2400\" height=\"1600\" alt=\"\" title=\"20221104113158_6N6A4976\" aria-label=\"20221104113158_6N6A4976\" class=\"img-responsive wp-image-20328\" \/><\/a><\/div><\/div><div class=\"clearfix\"><\/div><div style=\"padding:5px;\" class=\"fusion-grid-column fusion-gallery-column fusion-gallery-column-3 hover-type-none\"><div class=\"fusion-gallery-image\"><a href=\"https:\/\/www.mpal.mp.br\/wp-content\/uploads\/2022\/11\/20221104113059_6N6A4970.jpg\" rel=\"noreferrer\" data-rel=\"iLightbox[gallery_image_1]\" class=\"fusion-lightbox\" target=\"_self\"><img loading=\"lazy\" decoding=\"async\" src=\"https:\/\/www.mpal.mp.br\/wp-content\/uploads\/2022\/11\/20221104113059_6N6A4970.jpg\" width=\"2400\" height=\"1600\" alt=\"\" title=\"20221104113059_6N6A4970\" aria-label=\"20221104113059_6N6A4970\" class=\"img-responsive wp-image-20327\" \/><\/a><\/div><\/div><div style=\"padding:5px;\" class=\"fusion-grid-column fusion-gallery-column fusion-gallery-column-3 hover-type-none\"><div class=\"fusion-gallery-image\"><a href=\"https:\/\/www.mpal.mp.br\/wp-content\/uploads\/2022\/11\/20221104112818_6N6A4953.jpg\" rel=\"noreferrer\" data-rel=\"iLightbox[gallery_image_1]\" class=\"fusion-lightbox\" target=\"_self\"><img loading=\"lazy\" decoding=\"async\" src=\"https:\/\/www.mpal.mp.br\/wp-content\/uploads\/2022\/11\/20221104112818_6N6A4953.jpg\" width=\"2400\" height=\"1600\" alt=\"\" title=\"20221104112818_6N6A4953\" aria-label=\"20221104112818_6N6A4953\" class=\"img-responsive wp-image-20326\" \/><\/a><\/div><\/div><div style=\"padding:5px;\" class=\"fusion-grid-column fusion-gallery-column fusion-gallery-column-3 hover-type-none\"><div class=\"fusion-gallery-image\"><a href=\"https:\/\/www.mpal.mp.br\/wp-content\/uploads\/2022\/11\/20221104112732_6N6A4946.jpg\" rel=\"noreferrer\" data-rel=\"iLightbox[gallery_image_1]\" class=\"fusion-lightbox\" target=\"_self\"><img loading=\"lazy\" decoding=\"async\" src=\"https:\/\/www.mpal.mp.br\/wp-content\/uploads\/2022\/11\/20221104112732_6N6A4946.jpg\" width=\"2400\" height=\"1600\" alt=\"\" title=\"20221104112732_6N6A4946\" aria-label=\"20221104112732_6N6A4946\" class=\"img-responsive wp-image-20325\" \/><\/a><\/div><\/div><div class=\"clearfix\"><\/div><\/div><div class=\"fusion-clearfix\"><\/div>\n\n\t\t\t\t\t<\/div>\n\t\t\t\t<\/div><\/div><\/div>\n","protected":false},"excerpt":{"rendered":"","protected":false},"author":17,"featured_media":20367,"comment_status":"closed","ping_status":"closed","sticky":false,"template":"","format":"standard","meta":{"om_disable_all_campaigns":false,"_monsterinsights_skip_tracking":false,"_monsterinsights_sitenote_active":false,"_monsterinsights_sitenote_note":"","_monsterinsights_sitenote_category":0,"_uf_show_specific_survey":0,"_uf_disable_surveys":false,"footnotes":""},"categories":[56,2],"tags":[],"class_list":["post-20322","post","type-post","status-publish","format-standard","has-post-thumbnail","hentry","category-not_braskem","category-not_mpal"],"aioseo_notices":[],"_links":{"self":[{"href":"https:\/\/www.mpal.mp.br\/index.php?rest_route=\/wp\/v2\/posts\/20322","targetHints":{"allow":["GET"]}}],"collection":[{"href":"https:\/\/www.mpal.mp.br\/index.php?rest_route=\/wp\/v2\/posts"}],"about":[{"href":"https:\/\/www.mpal.mp.br\/index.php?rest_route=\/wp\/v2\/types\/post"}],"author":[{"embeddable":true,"href":"https:\/\/www.mpal.mp.br\/index.php?rest_route=\/wp\/v2\/users\/17"}],"replies":[{"embeddable":true,"href":"https:\/\/www.mpal.mp.br\/index.php?rest_route=%2Fwp%2Fv2%2Fcomments&post=20322"}],"version-history":[{"count":4,"href":"https:\/\/www.mpal.mp.br\/index.php?rest_route=\/wp\/v2\/posts\/20322\/revisions"}],"predecessor-version":[{"id":20368,"href":"https:\/\/www.mpal.mp.br\/index.php?rest_route=\/wp\/v2\/posts\/20322\/revisions\/20368"}],"wp:featuredmedia":[{"embeddable":true,"href":"https:\/\/www.mpal.mp.br\/index.php?rest_route=\/wp\/v2\/media\/20367"}],"wp:attachment":[{"href":"https:\/\/www.mpal.mp.br\/index.php?rest_route=%2Fwp%2Fv2%2Fmedia&parent=20322"}],"wp:term":[{"taxonomy":"category","embeddable":true,"href":"https:\/\/www.mpal.mp.br\/index.php?rest_route=%2Fwp%2Fv2%2Fcategories&post=20322"},{"taxonomy":"post_tag","embeddable":true,"href":"https:\/\/www.mpal.mp.br\/index.php?rest_route=%2Fwp%2Fv2%2Ftags&post=20322"}],"curies":[{"name":"wp","href":"https:\/\/api.w.org\/{rel}","templated":true}]}}