{"id":18413,"date":"2022-09-15T08:25:53","date_gmt":"2022-09-15T11:25:53","guid":{"rendered":"https:\/\/www.mpal.mp.br\/?p=18413"},"modified":"2022-09-26T08:29:47","modified_gmt":"2022-09-26T11:29:47","slug":"sede-de-aprender-mais-tres-escolas-sao-inspecionadas-pelo-mpal-no-municipio-de-traipu","status":"publish","type":"post","link":"https:\/\/www.mpal.mp.br\/?p=18413","title":{"rendered":"\u201cSede de Aprender\u201d: Mais tr\u00eas escolas s\u00e3o inspecionadas pelo MPAL no munic\u00edpio de Traipu"},"content":{"rendered":"<p style=\"text-align: justify;\" align=\"justify\" data-raofz=\"14\"><span style=\"font-size: 14pt;\">O projeto \u2018Sede de Aprender\u2019 continua percorrendo escolas no estado de Alagoas com sede de dignidade, sede de prote\u00e7\u00e3o, sede de proteger crian\u00e7as e adolescentes que devem ter na unidade de ensino seus direitos fundamentais garantidos. \u00c1gua pot\u00e1vel e outras garantias precisam ser constatadas para que os locais visitados passem pelo aval do Minist\u00e9rio P\u00fablico de Alagoas (MPAL) , via N\u00facleo de Defesa da Educa\u00e7\u00e3o. A mais recente inspe\u00e7\u00e3o ocorreu no munic\u00edpio de Traipu com a participa\u00e7\u00e3o dos promotores de Justi\u00e7a Lucas Sachsida, Kleber Valadares e Lucas Mascarenhas, equipes t\u00e9cnicas do Instituto do Meio Ambiente (IMA), bem como do Tribunal de Contas de Alagoas (TCE\/AL).<\/span><\/p>\n<p style=\"text-align: justify;\" align=\"justify\" data-raofz=\"14\"><span style=\"font-size: 14pt;\">A primeira escola visitada foi a Professor Jos\u00e9 Medeiros que atende a 185 alunos. Nesse estabelecimento de ensino, conforme relat\u00f3rio, a estrutura est\u00e1 adequada, o local passou por reforma e apenas algumas orienta\u00e7\u00f5es foram repassadas a exemplo do reaproveitamento da \u00e1gua da chuva, por meio de calhas, e tamb\u00e9m a necessidade de se adquirir estantes para acomoda\u00e7\u00e3o e conserva\u00e7\u00e3o dos livros.<\/span><\/p>\n<p style=\"text-align: justify;\" align=\"justify\" data-raofz=\"14\"><span style=\"font-size: 14pt;\">J\u00e1 no S\u00edtio Batingas, a comitiva esteve na escola Aderbal Olimpo onde foi verificado que a mesma passa por reforma. No entanto, o que chamou a aten\u00e7\u00e3o foi o fato da mesma ser instalada bem pr\u00f3xima de um curral, raz\u00e3o que levar\u00e1 os promotores de Justi\u00e7a a solicitar do Munic\u00edpio informa\u00e7\u00f5es sobre a situa\u00e7\u00e3o.<\/span><\/p>\n<p style=\"text-align: justify;\" align=\"justify\" data-raofz=\"14\"><span style=\"font-size: 14pt;\">Por \u00faltimo, a inspe\u00e7\u00e3o ocorreu na aldeia ind\u00edgena Acon\u00e3 onde todos foram recepcionados pelo cacique e pelo paj\u00e9 respons\u00e1veis por todas as informa\u00e7\u00f5es repassadas. As equipes foram apresentadas a uma sala onde funcionaria a escola, por\u00e9m os promotores de Justi\u00e7a, para robustecerem o relat\u00f3rio, solicitar\u00e3o ao Estado documenta\u00e7\u00e3o relacionada \u00e0 unidade de ensino bem como o total de recursos que s\u00e3o repassados para garantir seu funcionamento.<\/span><\/p>\n<p style=\"text-align: justify;\" align=\"justify\" data-raofz=\"14\"><span style=\"font-size: 14pt;\" data-raofz=\"14\"><b>Expans\u00e3o<\/b><\/span><\/p>\n<p style=\"text-align: justify;\" align=\"justify\" data-raofz=\"14\"><span style=\"font-size: 14pt;\">Pelos bons resultados alcan\u00e7ados, o\u00a0\u201cProjeto Sede de Aprender: \u00c1gua pot\u00e1vel nas escolas\u201d\u00a0despertou interesse de outras institui\u00e7\u00f5es. Assim, o\u00a0Minist\u00e9rio P\u00fablico do Estado de Alagoas assinou\u00a0conv\u00eanio, no dia 18 de\u00a0maio deste ano\u00a0com a Associa\u00e7\u00e3o dos Membros dos Tribunais de Contas do Brasil (Atricon), o Instituto Rui Barbosa (IRB) e o Instituto do Meio Ambiente do Estado de Alagoas (IMA-AL) para que possa\u00a0ser\u00a0executado em todo o Brasil. Com isso ser\u00e1 possibilitado\u00a0o compartilhamento e o interc\u00e2mbio de conhecimentos e bases de dados entre os participantes que decidirem aderir a iniciativa.<\/span><\/p>\n<p style=\"text-align: justify;\" align=\"justify\" data-raofz=\"14\"><span style=\"font-size: 14pt;\">A partir de ent\u00e3o, o projeto foi transformado no \u2018Sede de Aprender Brasil\u2019, permitindo\u00a0que outras unidades da federa\u00e7\u00e3o possam lutar da mesma forma pela garantia dos direitos da crian\u00e7a e do adolescente,\u00a0principalmente fazendo com escolas ofertem \u00e1gua de qualidade.<\/span><\/p>\n<p style=\"text-align: justify;\" align=\"justify\" data-raofz=\"14\"><span style=\"font-size: 14pt;\">O projeto \u00e9 coordenado pelos N\u00facleos de Defesa da Educa\u00e7\u00e3o e do Patrim\u00f4nio P\u00fablico do MPAL\u00a0tendo \u00e0 frente os promotores de Justi\u00e7a Lucas Sachsida e Kleber Valadares (coordenador e integrante do N\u00facleo da Educa\u00e7\u00e3o, respectivamente) e Jos\u00e9 Carlos Castro (coordenador do Nudepat).<\/span><\/p>\n<p style=\"text-align: justify;\" align=\"justify\" data-raofz=\"14\"><span style=\"font-size: 14pt;\">Fotos: Anderson Macena<\/span><\/p>\n","protected":false},"excerpt":{"rendered":"<p> [&hellip;]<\/p>\n","protected":false},"author":1,"featured_media":18414,"comment_status":"open","ping_status":"open","sticky":false,"template":"","format":"standard","meta":{"om_disable_all_campaigns":false,"_monsterinsights_skip_tracking":false,"_monsterinsights_sitenote_active":false,"_monsterinsights_sitenote_note":"","_monsterinsights_sitenote_category":0,"_uf_show_specific_survey":0,"_uf_disable_surveys":false,"footnotes":""},"categories":[23],"tags":[],"class_list":["post-18413","post","type-post","status-publish","format-standard","has-post-thumbnail","hentry","category-not_gaeco"],"aioseo_notices":[],"_links":{"self":[{"href":"https:\/\/www.mpal.mp.br\/index.php?rest_route=\/wp\/v2\/posts\/18413","targetHints":{"allow":["GET"]}}],"collection":[{"href":"https:\/\/www.mpal.mp.br\/index.php?rest_route=\/wp\/v2\/posts"}],"about":[{"href":"https:\/\/www.mpal.mp.br\/index.php?rest_route=\/wp\/v2\/types\/post"}],"author":[{"embeddable":true,"href":"https:\/\/www.mpal.mp.br\/index.php?rest_route=\/wp\/v2\/users\/1"}],"replies":[{"embeddable":true,"href":"https:\/\/www.mpal.mp.br\/index.php?rest_route=%2Fwp%2Fv2%2Fcomments&post=18413"}],"version-history":[{"count":1,"href":"https:\/\/www.mpal.mp.br\/index.php?rest_route=\/wp\/v2\/posts\/18413\/revisions"}],"predecessor-version":[{"id":18415,"href":"https:\/\/www.mpal.mp.br\/index.php?rest_route=\/wp\/v2\/posts\/18413\/revisions\/18415"}],"wp:featuredmedia":[{"embeddable":true,"href":"https:\/\/www.mpal.mp.br\/index.php?rest_route=\/wp\/v2\/media\/18414"}],"wp:attachment":[{"href":"https:\/\/www.mpal.mp.br\/index.php?rest_route=%2Fwp%2Fv2%2Fmedia&parent=18413"}],"wp:term":[{"taxonomy":"category","embeddable":true,"href":"https:\/\/www.mpal.mp.br\/index.php?rest_route=%2Fwp%2Fv2%2Fcategories&post=18413"},{"taxonomy":"post_tag","embeddable":true,"href":"https:\/\/www.mpal.mp.br\/index.php?rest_route=%2Fwp%2Fv2%2Ftags&post=18413"}],"curies":[{"name":"wp","href":"https:\/\/api.w.org\/{rel}","templated":true}]}}