{"id":18340,"date":"2022-09-23T11:32:16","date_gmt":"2022-09-23T14:32:16","guid":{"rendered":"https:\/\/www.mpal.mp.br\/?p=18340"},"modified":"2022-09-23T11:32:25","modified_gmt":"2022-09-23T14:32:25","slug":"ministerio-publico-empossa-tres-novos-servidores-publicos-aprovados-no-ultimo-concurso","status":"publish","type":"post","link":"https:\/\/www.mpal.mp.br\/?p=18340","title":{"rendered":"Minist\u00e9rio P\u00fablico empossa tr\u00eas novos servidores p\u00fablicos aprovados no \u00faltimo concurso"},"content":{"rendered":"<p style=\"text-align: justify;\" data-raofz=\"14\"><span style=\"font-size: 14pt;\" data-raofz=\"14\">O Minist\u00e9rio P\u00fablico do Estado de Alagoas empossou, nessa quinta-feira (22), tr\u00eas novos servidores, ambos aprovados no concurso p\u00fablico realizado no segundo semestre de 2018. Eles ocupar\u00e3o fun\u00e7\u00f5es ligadas as \u00e1reas jur\u00eddica, administrativa e de engenharia e j\u00e1 come\u00e7ar\u00e3o a trabalhar a partir da pr\u00f3xima semana.<\/span><\/p>\n<p style=\"text-align: justify;\" align=\"justify\" data-raofz=\"14\"><span style=\"font-size: 14pt;\" data-raofz=\"14\">O ato de posse foi assinado pelo procurador-geral de Justi\u00e7a em exerc\u00edcio, Valter Acioly. A partir de agora, integram os quadros de servidores do MPAL Mariana Falc\u00e3o Bastos Costa, Walter Nogueira Marques da Silva e Bruno Henrique Silva Lima, todos analistas.<\/span><\/p>\n<p style=\"text-align: justify;\" align=\"justify\" data-raofz=\"14\"><span style=\"font-size: 14pt;\" data-raofz=\"14\">Ap\u00f3s a cerim\u00f4nia, que aconteceu no pr\u00e9dio-sede do Minist\u00e9rio P\u00fablico, Valter Acioly agradeceu por eles terem escolhido o MPAL: \u201cNossa institui\u00e7\u00e3o \u00e9 uma grande fam\u00edlia e est\u00e1 pronta para acolh\u00ea-los da melhor forma. Sejam todos muito bem-vindos e que o trabalho de voc\u00eas fortale\u00e7a a nossa atua\u00e7\u00e3o, a nossa presta\u00e7\u00e3o de servi\u00e7os \u00e0 sociedade alagoana\u201d, declarou ele.<\/span><\/p>\n<p style=\"text-align: justify;\" align=\"justify\" data-raofz=\"14\"><span style=\"font-size: 14pt;\" data-raofz=\"14\">Mariana Falc\u00e3o Bastos Costa \u00e9 analista jur\u00eddica e trabalhar\u00e1 nas 1\u00b0 e 2\u00b0 Promotorias de Justi\u00e7a de Marechal Deodoro. Bruno Henrique Silva Lima, analista da \u00e1rea de Engenharia Civil, j\u00e1 est\u00e1 lotado na se\u00e7\u00e3o respectiva \u00e0 sua forma\u00e7\u00e3o acad\u00eamica. J\u00e1 Walter Nogueira Marques da Silva, que \u00e9 t\u00e9cnico administrativo, atuar\u00e1 na 1\u00b0 Promotoria de Justi\u00e7a de Rio Largo.<\/span><\/p>\n<p style=\"text-align: justify;\" align=\"justify\" data-raofz=\"14\"><span style=\"font-size: 14pt;\" data-raofz=\"14\">De Bras\u00edlia, de onde acompanhou a posse dos novos servidores, enquanto participava da reuni\u00e3o do Conselho Nacional de Procuradores-Gerais do Minist\u00e9rio P\u00fablico dos Estados e da Uni\u00e3o (CNPG), o procurador-geral de Justi\u00e7a, M\u00e1rcio Roberto Ten\u00f3rio de Albuquerque, tamb\u00e9m falou da satisfa\u00e7\u00e3o em receber os novos servidores. \u201cSabemos que n\u00e3o \u00e9 f\u00e1cil a aprova\u00e7\u00e3o em concurso p\u00fablico, ent\u00e3o, recebam as nossas congratula\u00e7\u00f5es e o desejo para que tenham uma carreira de sucesso, cada um dentro da sua \u00e1rea, no prop\u00f3sito de nos ajudarem a construir um Minist\u00e9rio P\u00fablico cada vez mais forte\u201d, declarou o chefe do MPAL.<\/span><\/p>\n","protected":false},"excerpt":{"rendered":"<p> [&hellip;]<\/p>\n","protected":false},"author":1,"featured_media":18341,"comment_status":"open","ping_status":"open","sticky":false,"template":"","format":"standard","meta":{"om_disable_all_campaigns":false,"_monsterinsights_skip_tracking":false,"_monsterinsights_sitenote_active":false,"_monsterinsights_sitenote_note":"","_monsterinsights_sitenote_category":0,"_uf_show_specific_survey":0,"_uf_disable_surveys":false,"footnotes":""},"categories":[18],"tags":[],"class_list":["post-18340","post","type-post","status-publish","format-standard","has-post-thumbnail","hentry","category-not_concursos"],"aioseo_notices":[],"_links":{"self":[{"href":"https:\/\/www.mpal.mp.br\/index.php?rest_route=\/wp\/v2\/posts\/18340","targetHints":{"allow":["GET"]}}],"collection":[{"href":"https:\/\/www.mpal.mp.br\/index.php?rest_route=\/wp\/v2\/posts"}],"about":[{"href":"https:\/\/www.mpal.mp.br\/index.php?rest_route=\/wp\/v2\/types\/post"}],"author":[{"embeddable":true,"href":"https:\/\/www.mpal.mp.br\/index.php?rest_route=\/wp\/v2\/users\/1"}],"replies":[{"embeddable":true,"href":"https:\/\/www.mpal.mp.br\/index.php?rest_route=%2Fwp%2Fv2%2Fcomments&post=18340"}],"version-history":[{"count":1,"href":"https:\/\/www.mpal.mp.br\/index.php?rest_route=\/wp\/v2\/posts\/18340\/revisions"}],"predecessor-version":[{"id":18342,"href":"https:\/\/www.mpal.mp.br\/index.php?rest_route=\/wp\/v2\/posts\/18340\/revisions\/18342"}],"wp:featuredmedia":[{"embeddable":true,"href":"https:\/\/www.mpal.mp.br\/index.php?rest_route=\/wp\/v2\/media\/18341"}],"wp:attachment":[{"href":"https:\/\/www.mpal.mp.br\/index.php?rest_route=%2Fwp%2Fv2%2Fmedia&parent=18340"}],"wp:term":[{"taxonomy":"category","embeddable":true,"href":"https:\/\/www.mpal.mp.br\/index.php?rest_route=%2Fwp%2Fv2%2Fcategories&post=18340"},{"taxonomy":"post_tag","embeddable":true,"href":"https:\/\/www.mpal.mp.br\/index.php?rest_route=%2Fwp%2Fv2%2Ftags&post=18340"}],"curies":[{"name":"wp","href":"https:\/\/api.w.org\/{rel}","templated":true}]}}