{"id":18276,"date":"2016-09-06T11:21:05","date_gmt":"2016-09-06T14:21:05","guid":{"rendered":"https:\/\/www.mpal.mp.br\/?p=18276"},"modified":"2022-09-09T11:30:30","modified_gmt":"2022-09-09T14:30:30","slug":"promotoria-eleitoral-recomenda-medidas-para-gestores-de-piranhas-e-olho-dagua-do-casado","status":"publish","type":"post","link":"https:\/\/www.mpal.mp.br\/?p=18276","title":{"rendered":"Promotoria Eleitoral recomenda medidas para gestores de Piranhas e Olho D&#8217;\u00e1gua do Casado"},"content":{"rendered":"<p style=\"text-align: justify;\"><span style=\"font-size: 14pt;\">A Promotoria da 32\u00aa Zona Eleitoral, que abrange os munic\u00edpios de Piranhas e Olho D&#8217;\u00e1gua do Casado, recomendou, no in\u00edcio de agosto, uma s\u00e9rie de medidas preventivas\u00a0ao Poder P\u00fablico\u00a0para as elei\u00e7\u00f5es deste ano, a maior parte delas relacionada ao comportamento do funcionalismo p\u00fablico, publicidade e controle de gastos. Tanto os respons\u00e1veis pelas condutas vedadas quanto aqueles que delas se beneficiaram, sujeitam-se \u00e0s san\u00e7\u00f5es legais.<\/span><\/p>\n<p style=\"text-align: justify;\"><span style=\"font-size: 14pt;\">No procedimento, a promotora de Justi\u00e7a Adriana Accioly de Lima Vilela orienta os agentes p\u00fablicos a se absterem de ceder ou usar, em benef\u00edcio de candidato, partido pol\u00edtico ou coliga\u00e7\u00e3o, bens m\u00f3veis ou im\u00f3veis pertencentes \u00e0 administra\u00e7\u00e3o direta ou indireta da Uni\u00e3o, dos Estados, dos Distrito Federal, dos Territ\u00f3rios e dos Munic\u00edpios, ressalvada a realiza\u00e7\u00e3o de conven\u00e7\u00e3o partid\u00e1ria.<\/span><\/p>\n<p style=\"text-align: justify;\"><span style=\"font-size: 14pt;\">Eles tamb\u00e9m devem evitar o uso de materiais ou servi\u00e7os, custeados pelos governos ou casas legislativas, que excedam as prerrogativas consignadas nos regimentos e normas dos \u00f3rg\u00e3os que integram. A recomenda\u00e7\u00e3o veda ainda a cess\u00e3o de servidor p\u00fablico ou empregado do Poder Executivo ou o uso dos servi\u00e7os deles para comit\u00eas de campanha eleitoral de candidato, partido pol\u00edtico ou coliga\u00e7\u00e3o, durante o hor\u00e1rio de expediente normal.<\/span><\/p>\n<p style=\"text-align: justify;\"><span style=\"font-size: 14pt;\">Segundo Adriana Accioly, para os efeitos das condutas vedadas em per\u00edodo eleitoral, considera-se agente p\u00fablico quem exerce, ainda que transitoriamente ou sem remunera\u00e7\u00e3o, por elei\u00e7\u00e3o, nomea\u00e7\u00e3o, designa\u00e7\u00e3o, contrata\u00e7\u00e3o ou qualquer outra forma de investidura ou v\u00ednculo, mandato, cargo, emprego ou fun\u00e7\u00e3o nos \u00f3rg\u00e3os ou entidades da Administra\u00e7\u00e3o P\u00fablica direta, indireta ou fundacional.<\/span><\/p>\n<p style=\"text-align: justify;\"><span style=\"font-size: 14pt;\">A recomenda\u00e7\u00e3o foi expedida para as Prefeituras Municipais, C\u00e2maras de Vereadores, diret\u00f3rios municipais dos partidos pol\u00edticos e\/ou coliga\u00e7\u00f5es, emissoras de r\u00e1dio, delegacias de Pol\u00edcia Civil, Comando da Pol\u00edcia Militar, Procuradoria Regional Eleitoral e Ju\u00edzo das 32\u00aa Zona Eleitoral com atua\u00e7\u00e3o nas cidades de Piranhas e Olho D&#8217;\u00e1gua do Casado.<\/span><\/p>\n<p style=\"text-align: justify;\"><span style=\"font-size: 14pt;\">Para a elabora\u00e7\u00e3o do procedimento, o \u00f3rg\u00e3o de fiscaliza\u00e7\u00e3o da lei usou a Lei Complementar n\u00ba 12\/92 e a Lei n\u00ba 8.625\/93 como refer\u00eancia.<\/span><\/p>\n<p style=\"text-align: justify;\"><span style=\"font-size: 14pt;\"><strong>Publicidade<\/strong><\/span><\/p>\n<p style=\"text-align: justify;\"><span style=\"font-size: 14pt;\">Segunda a recomenda\u00e7\u00e3o, fica vedado o uso promocional de distribui\u00e7\u00e3o de bens e servi\u00e7os de car\u00e1ter social, custeados ou subvencionado pelo Poder P\u00fablico. Com exce\u00e7\u00e3o de propaganda de produtos e servi\u00e7os que tenham concorr\u00eancia no mercado, os agentes p\u00fablicos das esferas administrativas, cujos cargos estejam em disputa na elei\u00e7\u00e3o, devem evitar a publicidade institucional.<\/span><\/p>\n<p style=\"text-align: justify;\"><span style=\"font-size: 14pt;\">\u201cA publicidade dos atos, programas, obras, servi\u00e7os e campanhas dos \u00f3rg\u00e3os p\u00fablicos dever\u00e1 ter car\u00e1ter educativo, informativo ou de orienta\u00e7\u00e3o social, n\u00e3o fazendo constar nomes, s\u00edmbolos ou imagens que caracterizem promo\u00e7\u00e3o pessoal de autoridades ou servidores p\u00fablicos\u201d, destacou a promotora de Justi\u00e7a Adriana Accioly na recomenda\u00e7\u00e3o, antes de lembrar que \u00e9 proibido a qualquer candidato comparecer a inaugura\u00e7\u00f5es de obras p\u00fablicas.<\/span><\/p>\n<p style=\"text-align: justify;\"><span style=\"font-size: 14pt;\">No mesmo sentido, ficam proibidos os pronunciamentos em cadeia de r\u00e1dio e televis\u00e3o fora do hor\u00e1rio eleitoral gratuito, salvo quando, a crit\u00e9rio da Justi\u00e7a Eleitoral, tratar-se de mat\u00e9ria urgente, relevante e caracter\u00edstica das fun\u00e7\u00f5es de governo.<\/span><\/p>\n<p style=\"text-align: justify;\"><span style=\"font-size: 14pt;\"><strong>Controle de gastos<\/strong><\/span><\/p>\n<p style=\"text-align: justify;\"><span style=\"font-size: 14pt;\">A Promotoria Eleitoral recomendou que os gestores se abstivessem de fazer, durante as elei\u00e7\u00f5es, revis\u00e3o geral da remunera\u00e7\u00e3o dos servidores p\u00fablicos que exceda a recomposi\u00e7\u00e3o da perda de seu poder aquisitivo.<\/span><\/p>\n<p style=\"text-align: justify;\"><span style=\"font-size: 14pt;\">Os gestores p\u00fablicos tamb\u00e9m devem ainda evitar nomear, contratar ou de qualquer forma admitir, demitir sem justa causa, suprimir ou readaptar vantagens ou, por outros meios, dificultar ou impedir o exerc\u00edcio funcional dos agentes. A gest\u00e3o deve ainda evitar a remo\u00e7\u00e3o, transfer\u00eancia ou exonera\u00e7\u00e3o a of\u00edcio de servidor p\u00fablico, na circunscri\u00e7\u00e3o do pleito, nos tr\u00eas meses que o antecedem at\u00e9 a posse dos eleitos, sob pena de nulidade de pleno direito.<\/span><\/p>\n<p style=\"text-align: justify;\"><span style=\"font-size: 14pt;\">At\u00e9 a realiza\u00e7\u00e3o do pleito, deve cessar a transfer\u00eancia volunt\u00e1ria de recursos da Uni\u00e3o aos Estados e Munic\u00edpios, e dos Estados aos Munic\u00edpios, ressalvados os recursos destinados a cumprir obriga\u00e7\u00e3o formal preexistente para a execu\u00e7\u00e3o de obra e servi\u00e7o em andamento e com cronograma prefixado, bem como os destinados a atender situa\u00e7\u00f5es de emerg\u00eancia e de calamidade p\u00fablica. Tamb\u00e9m est\u00e1 vedada a contrata\u00e7\u00e3o de shows art\u00edsticos pagos com recursos p\u00fablicos.<\/span><\/p>\n<p style=\"text-align: justify;\"><span style=\"font-size: 14pt;\"><strong>Improbidade Administrativa<\/strong><\/span><\/p>\n<p style=\"text-align: justify;\"><span style=\"font-size: 14pt;\">Na condi\u00e7\u00e3o de titular da Promotoria de Justi\u00e7a de Piranhas, Adriana Accioly instaurou em julho deste ano procedimento preparat\u00f3rio para instaura\u00e7\u00e3o de inqu\u00e9rito civil em desfavor do prefeito do Munic\u00edpio, Manoel Brasiliano de Santana, em virtude de supostas irregularidades administrativas durante sua gest\u00e3o.<\/span><\/p>\n<p style=\"text-align: justify;\"><span style=\"font-size: 14pt;\">Como alvos da investiga\u00e7\u00e3o, est\u00e3o o repasse mensal das contribui\u00e7\u00f5es previdenci\u00e1rias dos servidores ao Fundo de Previd\u00eancia Social (Piranhas PREV) e o contrato de loca\u00e7\u00e3o de ve\u00edculos firmados pelo munic\u00edpio com as empresas JB Loca\u00e7\u00e3o de Ve\u00edculos Eirelli e Transloc Transporte e Loca\u00e7\u00e3o de Ve\u00edculos Ltda.<\/span><\/p>\n<p style=\"text-align: justify;\"><span style=\"font-size: 14pt;\">Adriana Accioly j\u00e1 requisitou a entidades p\u00fablicas e privadas documentos, informa\u00e7\u00f5es ou per\u00edcias que possam esclarecer os fatos relatados em den\u00fancia an\u00f4nima \u00e0 Procuradoria Geral de Justi\u00e7a do Minist\u00e9rio P\u00fablico do Estado de Alagoas e, posteriormente, encaminhada \u00e0 Promotoria de Justi\u00e7a de Piranhas.<\/span><\/p>\n<p style=\"text-align: justify;\"><span style=\"font-size: 14pt;\">\u00c0 Prefeitura Municipal, por exemplo, a promotora de Justi\u00e7a pediu informa\u00e7\u00f5es acompanhadas da documenta\u00e7\u00e3o comprobat\u00f3ria de que os valores correspondentes \u00e0s contribui\u00e7\u00f5es previdenci\u00e1rias est\u00e3o sendo devidamente repassados ao Piranhas PREV. Ela tamb\u00e9m quer a documenta\u00e7\u00e3o oficial relacionada \u00e0 contra\u00e7\u00e3o das empresas para loca\u00e7\u00e3o de ve\u00edculos.<\/span><\/p>\n","protected":false},"excerpt":{"rendered":"<p> [&hellip;]<\/p>\n","protected":false},"author":5,"featured_media":18295,"comment_status":"open","ping_status":"open","sticky":false,"template":"","format":"standard","meta":{"om_disable_all_campaigns":false,"_monsterinsights_skip_tracking":false,"_monsterinsights_sitenote_active":false,"_monsterinsights_sitenote_note":"","_monsterinsights_sitenote_category":0,"_uf_show_specific_survey":0,"_uf_disable_surveys":false,"footnotes":""},"categories":[2],"tags":[],"class_list":["post-18276","post","type-post","status-publish","format-standard","has-post-thumbnail","hentry","category-not_mpal"],"aioseo_notices":[],"_links":{"self":[{"href":"https:\/\/www.mpal.mp.br\/index.php?rest_route=\/wp\/v2\/posts\/18276","targetHints":{"allow":["GET"]}}],"collection":[{"href":"https:\/\/www.mpal.mp.br\/index.php?rest_route=\/wp\/v2\/posts"}],"about":[{"href":"https:\/\/www.mpal.mp.br\/index.php?rest_route=\/wp\/v2\/types\/post"}],"author":[{"embeddable":true,"href":"https:\/\/www.mpal.mp.br\/index.php?rest_route=\/wp\/v2\/users\/5"}],"replies":[{"embeddable":true,"href":"https:\/\/www.mpal.mp.br\/index.php?rest_route=%2Fwp%2Fv2%2Fcomments&post=18276"}],"version-history":[{"count":1,"href":"https:\/\/www.mpal.mp.br\/index.php?rest_route=\/wp\/v2\/posts\/18276\/revisions"}],"predecessor-version":[{"id":18296,"href":"https:\/\/www.mpal.mp.br\/index.php?rest_route=\/wp\/v2\/posts\/18276\/revisions\/18296"}],"wp:featuredmedia":[{"embeddable":true,"href":"https:\/\/www.mpal.mp.br\/index.php?rest_route=\/wp\/v2\/media\/18295"}],"wp:attachment":[{"href":"https:\/\/www.mpal.mp.br\/index.php?rest_route=%2Fwp%2Fv2%2Fmedia&parent=18276"}],"wp:term":[{"taxonomy":"category","embeddable":true,"href":"https:\/\/www.mpal.mp.br\/index.php?rest_route=%2Fwp%2Fv2%2Fcategories&post=18276"},{"taxonomy":"post_tag","embeddable":true,"href":"https:\/\/www.mpal.mp.br\/index.php?rest_route=%2Fwp%2Fv2%2Ftags&post=18276"}],"curies":[{"name":"wp","href":"https:\/\/api.w.org\/{rel}","templated":true}]}}