{"id":18274,"date":"2016-09-08T11:21:02","date_gmt":"2016-09-08T14:21:02","guid":{"rendered":"https:\/\/www.mpal.mp.br\/?p=18274"},"modified":"2022-09-09T11:29:44","modified_gmt":"2022-09-09T14:29:44","slug":"promotoria-eleitoral-de-mata-grande-pede-a-cassacao-do-registro-de-candidatura-de-luiz-pedro-filho-do-prefeito-celso-luiz-acusacao-e-de-abuso-de-poder-economico-e-politico","status":"publish","type":"post","link":"https:\/\/www.mpal.mp.br\/?p=18274","title":{"rendered":"Promotoria Eleitoral de Mata Grande pede a cassa\u00e7\u00e3o do registro de candidatura de Luiz Pedro, filho do prefeito Celso Luiz; acusa\u00e7\u00e3o \u00e9 de abuso de poder econ\u00f4mico e pol\u00edtico"},"content":{"rendered":"<p style=\"text-align: justify;\"><span style=\"font-size: 14pt;\">A Promotoria Eleitoral da 27\u00aa Zona Eleitoral de Alagoas ingressou com uma a\u00e7\u00e3o de investiga\u00e7\u00e3o judicial eleitoral (AIJE) pedindo a cassa\u00e7\u00e3o do registro de candidatura de Luiz Pedro Bezerra Brand\u00e3o (PMDB) e do vice dele, Jean Gomes (DEM), e da inelegibilidade de ambos. Os dois disputam a Prefeitura de Mata Grande pela coliga\u00e7\u00e3o \u201cO Povo Quer! Mata Grande Precisa!\u201d, composta pelos partidos PMDB, DEM, PSD, PT, PSDC, PSDB e PRP. A acusa\u00e7\u00e3o do Minist\u00e9rio P\u00fablico Eleitoral \u00e9 que o prefeito de Canapi, Celso Luiz, est\u00e1 praticando abuso de poder pol\u00edtico e econ\u00f4mico naquela cidade e, por consequ\u00eancia, beneficiando a candidatura do seu filho, Luiz Pedro.<\/span><\/p>\n<p style=\"text-align: justify;\"><span style=\"font-size: 14pt;\">A AIJE foi ajuizada na semana passada pelo promotor de Justi\u00e7a Cl\u00e1udio Jos\u00e9 Moreira Teles e teve como lastro as investiga\u00e7\u00f5es do N\u00facleo de Defesa do Patrim\u00f4nio P\u00fablico do Minist\u00e9rio P\u00fablico Estadual de Alagoas (MPE\/AL) que descobriram um desvio de quase R$ 10 milh\u00f5es dos cofres da Prefeitura de Canapi. Segundo tal apura\u00e7\u00e3o, ficou constatado que contratos foram forjados para justificar pagamentos a 10 pessoas que teriam, supostamente, alugado tratores e caminh\u00f5es ao Munic\u00edpio. Elas funcionaram como laranjas de Celso Luiz e n\u00e3o sabiam sequer que seus nomes estavam envolvidos em atos ilegais. Grande parte desse dinheiro desviado, segundo as investiga\u00e7\u00f5es, estava sendo destinada \u00e0 campanha de Luiz Pedro.<\/span><\/p>\n<p style=\"text-align: justify;\"><span style=\"font-size: 14pt;\"><strong>Os crimes praticados<\/strong><\/span><\/p>\n<p style=\"text-align: justify;\"><span style=\"font-size: 14pt;\">Na a\u00e7\u00e3o de investiga\u00e7\u00e3o judicial eleitoral, o promotor Cl\u00e1udio Jos\u00e9 Moreira Teles argumentou que Luiz Pedro n\u00e3o era uma pessoa conhecida na cidade e que ele come\u00e7ou a se tornar popular, coincidentemente, no mesmo per\u00edodo em que ficou comprovado o desvio de recursos na prefeitura em que seu pai, Celso Luiz, \u00e9 o gestor.<\/span><\/p>\n<p style=\"text-align: justify;\"><span style=\"font-size: 14pt;\">Inclusive, segundo a Promotoria Eleitoral da 27\u00aa Zona, consta nos documentos enviados pelo N\u00facleo\u00a0de Defesa do Patrim\u00f4nio P\u00fablico que\u00a0dois dos laranjas que aparecem nos falsos contratos firmados com a Prefeitura de Canapi, C\u00edcero In\u00e1cio de Lima e Pedro Alves da Silva, podem ser vistos nos com\u00edcios, caminhadas e carreatas de Luiz Pedro, o que aumenta os ind\u00edcios de que o dinheiro desviado e depositado na conta dessas duas pessoas pode mesmo est\u00e1 servindo para abastecer a campanha do filho de Celso Luiz.<\/span><\/p>\n<p style=\"text-align: justify;\"><span style=\"font-size: 14pt;\">Nas investiga\u00e7\u00f5es, constatou-se, por exemplo, que C\u00edcero In\u00e1cio de Lima teria sido benefici\u00e1rio de mais de R$ 1,1 milh\u00e3o. Para receber esse valor, ele teria que ter locado ao Poder Executivo um trator de esteira, um caminh\u00e3o Mercedes Benz 710 e outro caminh\u00e3o Mercedes Benz l1620. No entanto, C\u00edcero, conhecido como \u201cMoqueca\u201d e morador da cidade de Mata Grande, tem como atividade principal somente o trabalho como vigilante noturno do Posto O\u00e1sis, localizado naquele munic\u00edpio. Ele jamais foi identificado como propriet\u00e1rio de ve\u00edculos automotores, e \u00e9, manifestamente, um cidad\u00e3o pobre e morador de uma casa humilde.<\/span><\/p>\n<p style=\"text-align: justify;\"><span style=\"font-size: 14pt;\">J\u00e1 Pedro Alves da Silva teria recebido a quantia de R$ 1.723.427,06 somente no per\u00edodo compreendido entre de janeiro de 2015 e fevereiro de 2016. E para ter sido agraciado com esse pagamento, precisaria ser dono de dois tratores de esteira 7D, dois caminh\u00f5es Volvo FG440 e um caminh\u00e3o Mercedes Benz 1418, ve\u00edculos que constam nos contratos. Por\u00e9m, o Minist\u00e9rio P\u00fablico descobriu que Pedro Alves, apelidado de \u201cPedro Galv\u00e3o\u201d, em verdade, possui como atividade profissional a singela comercializa\u00e7\u00e3o de picol\u00e9s caseiros, levada a efeito com o uso de um carrinho, por ele pessoalmente conduzido ao longo das ruas de Mata Grande.<\/span><\/p>\n<p style=\"text-align: justify;\"><span style=\"font-size: 14pt;\">\u201cA a\u00e7\u00e3o de investiga\u00e7\u00e3o judicial eleitoral tem por objetivo impedir e apurar a pr\u00e1tica de atos que possam afetar a igualdade dos candidatos em uma elei\u00e7\u00e3o nos casos de abuso do poder econ\u00f4mico, abuso do poder pol\u00edtico ou de autoridade e utiliza\u00e7\u00e3o indevida dos meios de comunica\u00e7\u00e3o social. Estamos convencidos que os recursos desviados da Prefeitura de Canapi est\u00e3o servindo para municiar a candidatura de Luiz Pedro e, exatamente por isso, pedimos a cassa\u00e7\u00e3o do registro dele e do seu vice, al\u00e9m da inelegibilidade dos dois e tamb\u00e9m do prefeito Celso Luiz. Agora estamos esperando o despacho do Poder Judici\u00e1rio, que vai notificar os investigados, respeitando, assim, o princ\u00edpio da ampla defesa\u201d, explicou Cl\u00e1udio Jos\u00e9 Moreira Teles.<\/span><\/p>\n<p style=\"text-align: justify;\"><span style=\"font-size: 14pt;\"><strong>Atropelamento coletivo<\/strong><\/span><\/p>\n<p style=\"text-align: justify;\"><span style=\"font-size: 14pt;\">A Promotoria de Justi\u00e7a de Mata Grande tamb\u00e9m est\u00e1 acompanhando de perto o caso do atropelamento coletivo ocorrido nessa quarta-feira (7), durante uma atividade pol\u00edtica na cidade. Pl\u00ednio Barbosa passava pela carreata do candidato que faz oposi\u00e7\u00e3o ao grupo ao qual ele \u00e9 ligado, quando teria se envolvido numa discuss\u00e3o. Ap\u00f3s a confus\u00e3o, o condutor saiu do cortejo, deu r\u00e9 em seu ve\u00edculo e acabou atropelando seis pessoas que participavam do ato pol\u00edtico.<\/span><\/p>\n<p style=\"text-align: justify;\"><span style=\"font-size: 14pt;\">\u201cOntem mesmo conversamos com o delegado regional Rodrigo Cavalcante, que deu in\u00edcio a apura\u00e7\u00e3o do fato. Mas o inqu\u00e9rito ser\u00e1 presidido pela delegada titular de Mata Grande, Graciele Marques. Posso garantir que o Minist\u00e9rio P\u00fablico vai monitorar essa situa\u00e7\u00e3o e aguardar que as investiga\u00e7\u00f5es possam ser conclu\u00eddas no menor espa\u00e7o de tempo. E, ap\u00f3s recebermos as pe\u00e7as de investiga\u00e7\u00e3o, vamos adotar as medidas cab\u00edveis com a rapidez que o caso requer\u201d, informou Cl\u00e1udio Jos\u00e9 Moreira Teles.<\/span><\/p>\n<p style=\"text-align: justify;\"><span style=\"font-size: 14pt;\">Ainda segundo o promotor de Justi\u00e7a, uma portaria assinada nesta quinta-feira (08) pelo juiz da cidade, Jo\u00e3o Dirceu Soares Moraes, suspendendo caminhadas, carreatas \u00a0e atos de campanha similares na cidade, conta com o aval do Minist\u00e9rio P\u00fablico. \u201cQuando fomos consultados pelo Ju\u00edzo local, n\u00f3s nos manifestamos pela suspens\u00e3o dessas atividades. Os \u00e2nimos aqui em Mata Grande est\u00e3o bastante acirrados e precisamos encontrar alternativas para fazer com que as elei\u00e7\u00f5es possam transcorrer com o m\u00ednimo de incidentes poss\u00edveis\u201d, declarou.<\/span><\/p>\n","protected":false},"excerpt":{"rendered":"<p> [&hellip;]<\/p>\n","protected":false},"author":5,"featured_media":18291,"comment_status":"open","ping_status":"open","sticky":false,"template":"","format":"standard","meta":{"om_disable_all_campaigns":false,"_monsterinsights_skip_tracking":false,"_monsterinsights_sitenote_active":false,"_monsterinsights_sitenote_note":"","_monsterinsights_sitenote_category":0,"_uf_show_specific_survey":0,"_uf_disable_surveys":false,"footnotes":""},"categories":[2],"tags":[],"class_list":["post-18274","post","type-post","status-publish","format-standard","has-post-thumbnail","hentry","category-not_mpal"],"aioseo_notices":[],"_links":{"self":[{"href":"https:\/\/www.mpal.mp.br\/index.php?rest_route=\/wp\/v2\/posts\/18274","targetHints":{"allow":["GET"]}}],"collection":[{"href":"https:\/\/www.mpal.mp.br\/index.php?rest_route=\/wp\/v2\/posts"}],"about":[{"href":"https:\/\/www.mpal.mp.br\/index.php?rest_route=\/wp\/v2\/types\/post"}],"author":[{"embeddable":true,"href":"https:\/\/www.mpal.mp.br\/index.php?rest_route=\/wp\/v2\/users\/5"}],"replies":[{"embeddable":true,"href":"https:\/\/www.mpal.mp.br\/index.php?rest_route=%2Fwp%2Fv2%2Fcomments&post=18274"}],"version-history":[{"count":1,"href":"https:\/\/www.mpal.mp.br\/index.php?rest_route=\/wp\/v2\/posts\/18274\/revisions"}],"predecessor-version":[{"id":18292,"href":"https:\/\/www.mpal.mp.br\/index.php?rest_route=\/wp\/v2\/posts\/18274\/revisions\/18292"}],"wp:featuredmedia":[{"embeddable":true,"href":"https:\/\/www.mpal.mp.br\/index.php?rest_route=\/wp\/v2\/media\/18291"}],"wp:attachment":[{"href":"https:\/\/www.mpal.mp.br\/index.php?rest_route=%2Fwp%2Fv2%2Fmedia&parent=18274"}],"wp:term":[{"taxonomy":"category","embeddable":true,"href":"https:\/\/www.mpal.mp.br\/index.php?rest_route=%2Fwp%2Fv2%2Fcategories&post=18274"},{"taxonomy":"post_tag","embeddable":true,"href":"https:\/\/www.mpal.mp.br\/index.php?rest_route=%2Fwp%2Fv2%2Ftags&post=18274"}],"curies":[{"name":"wp","href":"https:\/\/api.w.org\/{rel}","templated":true}]}}