{"id":18271,"date":"2016-09-14T11:20:59","date_gmt":"2016-09-14T14:20:59","guid":{"rendered":"https:\/\/www.mpal.mp.br\/?p=18271"},"modified":"2022-09-09T11:27:52","modified_gmt":"2022-09-09T14:27:52","slug":"mp-digital-implantacao-do-saj-mp-avanca-em-centros-de-apoio-operacional-e-nucleos-do-ministerio-publico-estadual","status":"publish","type":"post","link":"https:\/\/www.mpal.mp.br\/?p=18271","title":{"rendered":"MP Digital: implanta\u00e7\u00e3o do SAJ\/MP avan\u00e7a em Centros de Apoio Operacional e N\u00facleos do Minist\u00e9rio P\u00fablico Estadual"},"content":{"rendered":"<p style=\"text-align: justify;\"><span style=\"font-size: 14pt;\">Na pen\u00faltima fase de implanta\u00e7\u00e3o do Sistema de Automa\u00e7\u00e3o da Justi\u00e7a do Minist\u00e9rio P\u00fablico do Estado de Alagoas (SAJ\/MP), o Comit\u00ea Estrat\u00e9gico de Tecnologia e Informa\u00e7\u00e3o (CETI), por meio da empresa Softplan, concluiu, nesta quarta-feira (14), a capacita\u00e7\u00e3o de membros e servidores que operar\u00e3o o software nos Centros de Apoio Operacional (CAO), tal como nos seus N\u00facleos. Eles aprenderam a usar o sistema para administrar pedidos de aux\u00edlio provenientes dos \u00f3rg\u00e3os de execu\u00e7\u00e3o.<\/span><\/p>\n<p style=\"text-align: justify;\"><span style=\"font-size: 14pt;\">O subprocurador-geral Judicial e coordenador do Comit\u00ea Estrat\u00e9gico de Tecnologia e Informa\u00e7\u00e3o do Minist\u00e9rio P\u00fablico (Ceti), Anti\u00f3genes Marques de Lira, comemorou mais um avan\u00e7o na consolida\u00e7\u00e3o do Projeto MP Digital.<\/span><\/p>\n<p style=\"text-align: justify;\"><span style=\"font-size: 14pt;\">\u201cO Minist\u00e9rio P\u00fablico do Estado de Alagoas tem recebido elogios do pa\u00eds inteiro pela evolu\u00e7\u00e3o e efici\u00eancia da implanta\u00e7\u00e3o do seu sistema digital. N\u00f3s \u00e9ramos os \u00faltimos, agora somos os primeiros na digitaliza\u00e7\u00e3o dos \u00f3rg\u00e3os de execu\u00e7\u00e3o, colegiado e apoio. Restam apenas 10% do cronograma definido para concluir a moderniza\u00e7\u00e3o da nossa \u00e1rea-fim, ainda dentro da gest\u00e3o do procurador-geral de Justi\u00e7a, S\u00e9rgio Juc\u00e1\u201d, disse.<\/span><\/p>\n<p style=\"text-align: justify;\"><span style=\"font-size: 14pt;\">O pr\u00f3ximo passo do Projeto MP Digital ser\u00e1 a capacita\u00e7\u00e3o dos membros do Conselho Superior do MPE\/AL, tal como dos servidores que os assessoram. \u201cAo final, ficar\u00e3o como miss\u00f5es para o pr\u00f3ximo gestor a digitaliza\u00e7\u00e3o da \u00e1rea-meio e a governan\u00e7a de tecnologias da informa\u00e7\u00e3o\u201d, completou o subprocurador-geral Judicial.<\/span><\/p>\n<p style=\"text-align: justify;\"><span style=\"font-size: 14pt;\"><strong>Guia de uso<\/strong><\/span><\/p>\n<p style=\"text-align: justify;\"><span style=\"font-size: 14pt;\">Para facilitar o manuseio do SAJ\/MP, a Softplan disponibilizar\u00e1 na pr\u00f3xima semana um manual explicativo aos usu\u00e1rios. No guia, os membros e servidores aprender\u00e3o como solicitar apoio aos CAOs e N\u00facleos, visto que o pedido passar\u00e1 a ocorrer exclusivamente por meio do sistema j\u00e1 a partir da pr\u00f3xima segunda-feira.<\/span><\/p>\n<p style=\"text-align: justify;\"><span style=\"font-size: 14pt;\">\u201cS\u00e3o orienta\u00e7\u00f5es simples para que os usu\u00e1rios saibam como eles devem proceder para enviar solicita\u00e7\u00f5es \u00e0s unidades, at\u00e9 porque o pr\u00f3prio sistema \u00e9 de f\u00e1cil funcionalidade\u201d, disse a coordenadora da equipe residente da Softplan, Mariana Leite, que ajuda a garantir o suporte do SAJ\/MP.<\/span><\/p>\n<p style=\"text-align: justify;\"><span style=\"font-size: 14pt;\">O Sistema de Automa\u00e7\u00e3o da Justi\u00e7a \u00e9 o principal colaborador para a implanta\u00e7\u00e3o do processo digital na Justi\u00e7a brasileira. \u00c9 adotado por mais de 30 institui\u00e7\u00f5es, entre Minist\u00e9rios P\u00fablicos, Tribunais e Procuradorias estaduais e municipais que, em conjunto, representam mais de 60% dos processos que tramitam na esfera estadual da primeira inst\u00e2ncia.<\/span><\/p>\n<p style=\"text-align: justify;\"><span style=\"font-size: 14pt;\">Adequado tanto para processos f\u00edsicos como digitais e desenvolvido em parceria pela Softplan, o SAJ \u00e9 feito sob medida para as necessidades espec\u00edficas de cada um dos operadores de Direito.<\/span><\/p>\n","protected":false},"excerpt":{"rendered":"<p> [&hellip;]<\/p>\n","protected":false},"author":5,"featured_media":18285,"comment_status":"open","ping_status":"open","sticky":false,"template":"","format":"standard","meta":{"om_disable_all_campaigns":false,"_monsterinsights_skip_tracking":false,"_monsterinsights_sitenote_active":false,"_monsterinsights_sitenote_note":"","_monsterinsights_sitenote_category":0,"_uf_show_specific_survey":0,"_uf_disable_surveys":false,"footnotes":""},"categories":[2],"tags":[],"class_list":["post-18271","post","type-post","status-publish","format-standard","has-post-thumbnail","hentry","category-not_mpal"],"aioseo_notices":[],"_links":{"self":[{"href":"https:\/\/www.mpal.mp.br\/index.php?rest_route=\/wp\/v2\/posts\/18271","targetHints":{"allow":["GET"]}}],"collection":[{"href":"https:\/\/www.mpal.mp.br\/index.php?rest_route=\/wp\/v2\/posts"}],"about":[{"href":"https:\/\/www.mpal.mp.br\/index.php?rest_route=\/wp\/v2\/types\/post"}],"author":[{"embeddable":true,"href":"https:\/\/www.mpal.mp.br\/index.php?rest_route=\/wp\/v2\/users\/5"}],"replies":[{"embeddable":true,"href":"https:\/\/www.mpal.mp.br\/index.php?rest_route=%2Fwp%2Fv2%2Fcomments&post=18271"}],"version-history":[{"count":1,"href":"https:\/\/www.mpal.mp.br\/index.php?rest_route=\/wp\/v2\/posts\/18271\/revisions"}],"predecessor-version":[{"id":18286,"href":"https:\/\/www.mpal.mp.br\/index.php?rest_route=\/wp\/v2\/posts\/18271\/revisions\/18286"}],"wp:featuredmedia":[{"embeddable":true,"href":"https:\/\/www.mpal.mp.br\/index.php?rest_route=\/wp\/v2\/media\/18285"}],"wp:attachment":[{"href":"https:\/\/www.mpal.mp.br\/index.php?rest_route=%2Fwp%2Fv2%2Fmedia&parent=18271"}],"wp:term":[{"taxonomy":"category","embeddable":true,"href":"https:\/\/www.mpal.mp.br\/index.php?rest_route=%2Fwp%2Fv2%2Fcategories&post=18271"},{"taxonomy":"post_tag","embeddable":true,"href":"https:\/\/www.mpal.mp.br\/index.php?rest_route=%2Fwp%2Fv2%2Ftags&post=18271"}],"curies":[{"name":"wp","href":"https:\/\/api.w.org\/{rel}","templated":true}]}}