{"id":18269,"date":"2016-09-21T11:20:56","date_gmt":"2016-09-21T14:20:56","guid":{"rendered":"https:\/\/www.mpal.mp.br\/?p=18269"},"modified":"2022-09-09T11:26:43","modified_gmt":"2022-09-09T14:26:43","slug":"ministerio-publico-conscientiza-estudantes-do-ifal-sobre-eleicoes-em-marechal-deodoro","status":"publish","type":"post","link":"https:\/\/www.mpal.mp.br\/?p=18269","title":{"rendered":"Minist\u00e9rio P\u00fablico conscientiza estudantes do Ifal sobre elei\u00e7\u00f5es em Marechal Deodoro"},"content":{"rendered":"<p style=\"text-align: justify;\"><span style=\"font-size: 14pt;\">Muitos jovens com mais de 16 anos ter\u00e3o em 2016 a primeira oportunidade de exercer a cidadania por meio do voto no Brasil. Em Marechal Deodoro, o promotor eleitoral S\u00edlvio Azevedo faz um trabalho de conscientiza\u00e7\u00e3o desses adolescentes, para prevenir crimes como compra e venda de votos. Nesta ter\u00e7a-feira (20), ele esteve no Campus do Instituto Federal de Alagoas (Ifal) conversando com alunos sobre as elei\u00e7\u00f5es municipais e a import\u00e2ncia do voto consciente.<\/span><\/p>\n<p style=\"text-align: justify;\"><span style=\"font-size: 14pt;\">\u201cNosso foco s\u00e3o principalmente os jovens que est\u00e3o votando pela primeira vez esse ano. \u00c9 importante conscientiz\u00e1-los sobre a responsabilidade do voto e preveni-los sobre a pr\u00e1tica de crimes eleitorais. Muitos n\u00e3o sabem que quem vende o voto est\u00e1 praticando crime tanto quanto quem compra. Outros n\u00e3o t\u00eam a real no\u00e7\u00e3o do poder que possuem como eleitores\u201d, explica S\u00edlvio Azevedo, que atua h\u00e1 18 anos como promotor eleitoral em Alagoas.<\/span><\/p>\n<p style=\"text-align: justify;\"><span style=\"font-size: 14pt;\">O estudante Mateus Neri, do curso t\u00e9cnico de Meio Ambiente do Campus Marechal Deodoro, participou da discuss\u00e3o e destacou o papel que deve ser desempenhado por vereadores e prefeitos. \u201cOs prefeitos executam as pol\u00edticas p\u00fablicas e cabe aos vereadores fiscalizarem os trabalhos dos prefeitos\u201d, disse o estudante, respondendo ao questionamento do promotor.<\/span><\/p>\n<p style=\"text-align: justify;\"><span style=\"font-size: 14pt;\">A diretora-geral do Campus Marechal Deodoro, Mar\u00edlia Gois, tamb\u00e9m participou do debate, que classificou como fundamental na forma\u00e7\u00e3o pol\u00edtica dos estudantes: \u201cFicamos muito felizes pela iniciativa do Minist\u00e9rio P\u00fablico de vir at\u00e9 a escola fazer esse trabalho de conscientiza\u00e7\u00e3o. \u00c9 essencial que os estudantes, assim como toda a sociedade, escolham seus representantes com absoluta consci\u00eancia\u201d.<\/span><\/p>\n<p style=\"text-align: justify;\"><span style=\"font-size: 14pt;\"><em>Fonte: Ifal\/Marechal<\/em><\/span><\/p>\n","protected":false},"excerpt":{"rendered":"<p> [&hellip;]<\/p>\n","protected":false},"author":5,"featured_media":18281,"comment_status":"open","ping_status":"open","sticky":false,"template":"","format":"standard","meta":{"om_disable_all_campaigns":false,"_monsterinsights_skip_tracking":false,"_monsterinsights_sitenote_active":false,"_monsterinsights_sitenote_note":"","_monsterinsights_sitenote_category":0,"_uf_show_specific_survey":0,"_uf_disable_surveys":false,"footnotes":""},"categories":[2],"tags":[],"class_list":["post-18269","post","type-post","status-publish","format-standard","has-post-thumbnail","hentry","category-not_mpal"],"aioseo_notices":[],"_links":{"self":[{"href":"https:\/\/www.mpal.mp.br\/index.php?rest_route=\/wp\/v2\/posts\/18269","targetHints":{"allow":["GET"]}}],"collection":[{"href":"https:\/\/www.mpal.mp.br\/index.php?rest_route=\/wp\/v2\/posts"}],"about":[{"href":"https:\/\/www.mpal.mp.br\/index.php?rest_route=\/wp\/v2\/types\/post"}],"author":[{"embeddable":true,"href":"https:\/\/www.mpal.mp.br\/index.php?rest_route=\/wp\/v2\/users\/5"}],"replies":[{"embeddable":true,"href":"https:\/\/www.mpal.mp.br\/index.php?rest_route=%2Fwp%2Fv2%2Fcomments&post=18269"}],"version-history":[{"count":1,"href":"https:\/\/www.mpal.mp.br\/index.php?rest_route=\/wp\/v2\/posts\/18269\/revisions"}],"predecessor-version":[{"id":18282,"href":"https:\/\/www.mpal.mp.br\/index.php?rest_route=\/wp\/v2\/posts\/18269\/revisions\/18282"}],"wp:featuredmedia":[{"embeddable":true,"href":"https:\/\/www.mpal.mp.br\/index.php?rest_route=\/wp\/v2\/media\/18281"}],"wp:attachment":[{"href":"https:\/\/www.mpal.mp.br\/index.php?rest_route=%2Fwp%2Fv2%2Fmedia&parent=18269"}],"wp:term":[{"taxonomy":"category","embeddable":true,"href":"https:\/\/www.mpal.mp.br\/index.php?rest_route=%2Fwp%2Fv2%2Fcategories&post=18269"},{"taxonomy":"post_tag","embeddable":true,"href":"https:\/\/www.mpal.mp.br\/index.php?rest_route=%2Fwp%2Fv2%2Ftags&post=18269"}],"curies":[{"name":"wp","href":"https:\/\/api.w.org\/{rel}","templated":true}]}}