{"id":18251,"date":"2016-09-22T11:10:36","date_gmt":"2016-09-22T14:10:36","guid":{"rendered":"https:\/\/www.mpal.mp.br\/?p=18251"},"modified":"2022-09-09T11:15:24","modified_gmt":"2022-09-09T14:15:24","slug":"promotoria-de-justica-eleitoral-aciona-pf-para-combater-abuso-de-poder-economico-nas-eleicoes-de-porto-de-pedras","status":"publish","type":"post","link":"https:\/\/www.mpal.mp.br\/?p=18251","title":{"rendered":"Promotoria de Justi\u00e7a Eleitoral aciona PF para combater abuso de poder econ\u00f4mico nas elei\u00e7\u00f5es de Porto de Pedras"},"content":{"rendered":"<p style=\"text-align: justify;\"><span style=\"font-size: 14pt;\">A pedido da Promotoria de Justi\u00e7a Eleitoral de Porto de Pedras, a Pol\u00edcia Federal desencadeou, nesta quinta-feira (22), uma opera\u00e7\u00e3o de combate a crimes eleitorais no Munic\u00edpio. Foram expedidos mandados de busca e apreens\u00e3o, al\u00e9m de mandados de condu\u00e7\u00e3o coercitiva, que resultou na pris\u00e3o de dois suspeitos.<\/span><\/p>\n<p style=\"text-align: justify;\"><span style=\"font-size: 14pt;\">Segundo o promotor da 12\u00aa Zona Eleitoral (Passo do Camaragibe, Porto de Pedras e S\u00e3o Miguel dos Milagres), Thiago Chacon, o Minist\u00e9rio P\u00fablico Eleitoral em Alagoas foi acionado por moradores locais, que denunciaram abuso de poder econ\u00f4mico no processo eleitoral, a exemplo de doa\u00e7\u00f5es de materiais de constru\u00e7\u00e3o em troca de voto pelo candidato a prefeito Henrique Vilela, da coliga\u00e7\u00e3o &#8220;Unidos para um Futuro Melhor\u201d.<\/span><\/p>\n<p style=\"text-align: justify;\"><span style=\"font-size: 14pt;\">\u201cNosso trabalho de combate \u00e0 corrup\u00e7\u00e3o nas elei\u00e7\u00f5es municipais segue em andamento, com dilig\u00eancia at\u00e9 o total desfecho do caso e tomada de provid\u00eancias judiciais en\u00e9rgicas\u201d, disse o representante do Minist\u00e9rio P\u00fablico Eleitoral em Porto de Pedras.<\/span><\/p>\n<p style=\"text-align: justify;\"><span style=\"font-size: 14pt;\">O procedimento preparat\u00f3rio da Promotoria de Justi\u00e7a corre em sigilo para garantir a apura\u00e7\u00e3o dos fatos sem interfer\u00eancia dos investigados.<\/span><\/p>\n","protected":false},"excerpt":{"rendered":"<p> [&hellip;]<\/p>\n","protected":false},"author":5,"featured_media":2857,"comment_status":"open","ping_status":"open","sticky":false,"template":"","format":"standard","meta":{"om_disable_all_campaigns":false,"_monsterinsights_skip_tracking":false,"_monsterinsights_sitenote_active":false,"_monsterinsights_sitenote_note":"","_monsterinsights_sitenote_category":0,"_uf_show_specific_survey":0,"_uf_disable_surveys":false,"footnotes":""},"categories":[2],"tags":[],"class_list":["post-18251","post","type-post","status-publish","format-standard","has-post-thumbnail","hentry","category-not_mpal"],"aioseo_notices":[],"_links":{"self":[{"href":"https:\/\/www.mpal.mp.br\/index.php?rest_route=\/wp\/v2\/posts\/18251","targetHints":{"allow":["GET"]}}],"collection":[{"href":"https:\/\/www.mpal.mp.br\/index.php?rest_route=\/wp\/v2\/posts"}],"about":[{"href":"https:\/\/www.mpal.mp.br\/index.php?rest_route=\/wp\/v2\/types\/post"}],"author":[{"embeddable":true,"href":"https:\/\/www.mpal.mp.br\/index.php?rest_route=\/wp\/v2\/users\/5"}],"replies":[{"embeddable":true,"href":"https:\/\/www.mpal.mp.br\/index.php?rest_route=%2Fwp%2Fv2%2Fcomments&post=18251"}],"version-history":[{"count":1,"href":"https:\/\/www.mpal.mp.br\/index.php?rest_route=\/wp\/v2\/posts\/18251\/revisions"}],"predecessor-version":[{"id":18252,"href":"https:\/\/www.mpal.mp.br\/index.php?rest_route=\/wp\/v2\/posts\/18251\/revisions\/18252"}],"wp:featuredmedia":[{"embeddable":true,"href":"https:\/\/www.mpal.mp.br\/index.php?rest_route=\/wp\/v2\/media\/2857"}],"wp:attachment":[{"href":"https:\/\/www.mpal.mp.br\/index.php?rest_route=%2Fwp%2Fv2%2Fmedia&parent=18251"}],"wp:term":[{"taxonomy":"category","embeddable":true,"href":"https:\/\/www.mpal.mp.br\/index.php?rest_route=%2Fwp%2Fv2%2Fcategories&post=18251"},{"taxonomy":"post_tag","embeddable":true,"href":"https:\/\/www.mpal.mp.br\/index.php?rest_route=%2Fwp%2Fv2%2Ftags&post=18251"}],"curies":[{"name":"wp","href":"https:\/\/api.w.org\/{rel}","templated":true}]}}