{"id":18249,"date":"2016-09-27T11:10:34","date_gmt":"2016-09-27T14:10:34","guid":{"rendered":"https:\/\/www.mpal.mp.br\/?p=18249"},"modified":"2022-09-09T11:19:44","modified_gmt":"2022-09-09T14:19:44","slug":"nota-de-esclarecimento-da-promotoria-de-justica-eleitoral-de-junqueiro","status":"publish","type":"post","link":"https:\/\/www.mpal.mp.br\/?p=18249","title":{"rendered":"Nota de Esclarecimento da Promotoria de Justi\u00e7a Eleitoral de Junqueiro"},"content":{"rendered":"<p style=\"text-align: justify;\"><span style=\"font-size: 14pt;\">A Promotoria de Justi\u00e7a Eleitoral, com atua\u00e7\u00e3o na 35\u00aa Zona Eleitoral, que abrange o Munic\u00edpio de Junqueiro, vem a p\u00fablico esclarecer que, nesta segunda-feira (26), n\u00e3o houve flagrante de compra de votos pelo candidato \u00e0 Prefeitura Municipal, Carlos Augusto Lima de Almeida, da coliga\u00e7\u00e3o \u201cSempre unidos, trabalhando por Junqueiro\u201d, conforme noticiado por alguns ve\u00edculos de comunica\u00e7\u00e3o e redes sociais.<\/span><\/p>\n<p style=\"text-align: justify;\"><span style=\"font-size: 14pt;\">O Minist\u00e9rio P\u00fablico Eleitoral e a Pol\u00edcia Militar do Estado de Alagoas tamb\u00e9m n\u00e3o realizaram nenhum procedimento que levasse \u00e0 deten\u00e7\u00e3o de Carlos Augusto Almeida, do atual prefeito do Munic\u00edpio, Fernando Pereira, e do ex-gestor Raimundo Tavares para esclarecimento quanto \u00e0 divulga\u00e7\u00e3o de pesquisa eleitoral irregular.<\/span><\/p>\n<p style=\"text-align: justify;\"><span style=\"font-size: 14pt;\">Tampouco ocorrera em Junqueiro, por parte do Minist\u00e9rio P\u00fablico Eleitoral, apreens\u00e3o de \u201cm\u00e1quina\u201d de cadastro de eleitores para \u201ccompra de votos\u201d. Da mesma forma, o \u00f3rg\u00e3o de fiscaliza\u00e7\u00e3o da lei nas elei\u00e7\u00f5es n\u00e3o realizou anteriormente opera\u00e7\u00f5es similares nos Munic\u00edpios de Teot\u00f4nio Vilela e Campo Alegre.<\/span><\/p>\n<p style=\"text-align: justify;\"><span style=\"font-size: 14pt;\">Mencionada erroneamente em um dos conte\u00fados noticiosos, a promotora de Justi\u00e7a Eleitoral da 35\u00aa Zona Eleitoral, Elo\u00e1 de Carvalho Melo, explica que, ontem, foi realizada uma simples inspe\u00e7\u00e3o nos ve\u00edculos dos correligion\u00e1rios dos candidatos \u00e0 Prefeitura pelas coliga\u00e7\u00f5es \u201cSempre unidos, trabalhando por Junqueiro\u201d e \u201cMuda Junqueiro\u201d. Eles chamaram a aten\u00e7\u00e3o dos \u00f3rg\u00e3os competentes pela quantidade de carros e pela velocidade com que transitavam pela cidade, uns atr\u00e1s dos outros.<\/span><\/p>\n<p style=\"text-align: justify;\"><span style=\"font-size: 14pt;\">Ap\u00f3s revista nos ve\u00edculos por policias militares, constatou-se que n\u00e3o havia nenhuma irregularidade nos carros, salvo as pel\u00edculas fum\u00ea dos vidros deles, que inviabilizam a identifica\u00e7\u00e3o do condutor. A Promotoria de Justi\u00e7a e a Pol\u00edcia Militar determinaram a imediata retirada das pel\u00edculas.<\/span><\/p>\n<p style=\"text-align: justify;\"><span style=\"font-size: 14pt;\">Na sequ\u00eancia, j\u00e1 no F\u00f3rum do Munic\u00edpio, os correligion\u00e1rios da candidatura das duas delega\u00e7\u00f5es, espontaneamente, falaram sobre uma pesquisa eleitoral que estaria sendo realizada por uma empresa de Pernambuco na cidade, a qual n\u00e3o apresentou qualquer irregularidade.<\/span><\/p>\n<p style=\"text-align: justify;\"><span style=\"font-size: 14pt;\">A Promotoria de Justi\u00e7a Eleitoral esclarece que \u00e9 permitida a realiza\u00e7\u00e3o de pesquisas de inten\u00e7\u00e3o de voto, desde que atenda os requisitos da Resolu\u00e7\u00e3o TSE n\u00ba 23.453\/2015.<\/span><\/p>\n<p style=\"text-align: justify;\"><span style=\"font-size: 14pt;\">O \u00f3rg\u00e3o do Minist\u00e9rio P\u00fablico Eleitoral lamenta ainda o uso indevido do nome da promotora de Justi\u00e7a Elo\u00e1 de Carvalho Melo, tal como do nome da institui\u00e7\u00e3o, como fontes de informa\u00e7\u00e3o, quando em nenhum momento foram consultados diretamente ou por meio da Diretoria de Comunica\u00e7\u00e3o Social do Minist\u00e9rio P\u00fablico do Estado de Alagoas.<\/span><\/p>\n<p style=\"text-align: justify;\"><span style=\"font-size: 14pt;\">A Promotoria de Justi\u00e7a Eleitoral em destaque refor\u00e7a o compromisso do Minist\u00e9rio P\u00fablico e da Justi\u00e7a Eleitoral com a garantia da lisura no pleito, sob a rigorosa fiscaliza\u00e7\u00e3o da legisla\u00e7\u00e3o vigente, de modo a permitir que a popula\u00e7\u00e3o de Junqueiro exer\u00e7a com tranquilidade o direito de escolher os representantes do Munic\u00edpio para os pr\u00f3ximos quatro anos.<\/span><\/p>\n<p style=\"text-align: justify;\"><span style=\"font-size: 14pt;\"><strong>Campo Alegre<\/strong><\/span><\/p>\n<p style=\"text-align: justify;\"><span style=\"font-size: 14pt;\">A Promotoria de Justi\u00e7a Eleitoral com atua\u00e7\u00e3o na 47\u00aa Zona Eleitoral, que abrange Campo Alegre, tamb\u00e9m informa a inexist\u00eancia de qualquer a\u00e7\u00e3o do \u00f3rg\u00e3o no Munic\u00edpio referente \u00e0s elei\u00e7\u00f5es de 2016.<\/span><\/p>\n","protected":false},"excerpt":{"rendered":"<p> [&hellip;]<\/p>\n","protected":false},"author":5,"featured_media":2857,"comment_status":"open","ping_status":"open","sticky":false,"template":"","format":"standard","meta":{"om_disable_all_campaigns":false,"_monsterinsights_skip_tracking":false,"_monsterinsights_sitenote_active":false,"_monsterinsights_sitenote_note":"","_monsterinsights_sitenote_category":0,"_uf_show_specific_survey":0,"_uf_disable_surveys":false,"footnotes":""},"categories":[2],"tags":[],"class_list":["post-18249","post","type-post","status-publish","format-standard","has-post-thumbnail","hentry","category-not_mpal"],"aioseo_notices":[],"_links":{"self":[{"href":"https:\/\/www.mpal.mp.br\/index.php?rest_route=\/wp\/v2\/posts\/18249","targetHints":{"allow":["GET"]}}],"collection":[{"href":"https:\/\/www.mpal.mp.br\/index.php?rest_route=\/wp\/v2\/posts"}],"about":[{"href":"https:\/\/www.mpal.mp.br\/index.php?rest_route=\/wp\/v2\/types\/post"}],"author":[{"embeddable":true,"href":"https:\/\/www.mpal.mp.br\/index.php?rest_route=\/wp\/v2\/users\/5"}],"replies":[{"embeddable":true,"href":"https:\/\/www.mpal.mp.br\/index.php?rest_route=%2Fwp%2Fv2%2Fcomments&post=18249"}],"version-history":[{"count":1,"href":"https:\/\/www.mpal.mp.br\/index.php?rest_route=\/wp\/v2\/posts\/18249\/revisions"}],"predecessor-version":[{"id":18266,"href":"https:\/\/www.mpal.mp.br\/index.php?rest_route=\/wp\/v2\/posts\/18249\/revisions\/18266"}],"wp:featuredmedia":[{"embeddable":true,"href":"https:\/\/www.mpal.mp.br\/index.php?rest_route=\/wp\/v2\/media\/2857"}],"wp:attachment":[{"href":"https:\/\/www.mpal.mp.br\/index.php?rest_route=%2Fwp%2Fv2%2Fmedia&parent=18249"}],"wp:term":[{"taxonomy":"category","embeddable":true,"href":"https:\/\/www.mpal.mp.br\/index.php?rest_route=%2Fwp%2Fv2%2Fcategories&post=18249"},{"taxonomy":"post_tag","embeddable":true,"href":"https:\/\/www.mpal.mp.br\/index.php?rest_route=%2Fwp%2Fv2%2Ftags&post=18249"}],"curies":[{"name":"wp","href":"https:\/\/api.w.org\/{rel}","templated":true}]}}