{"id":18248,"date":"2016-09-27T11:10:33","date_gmt":"2016-09-27T14:10:33","guid":{"rendered":"https:\/\/www.mpal.mp.br\/?p=18248"},"modified":"2022-09-09T11:19:28","modified_gmt":"2022-09-09T14:19:28","slug":"a-pedido-do-mpe-al-juiz-decreta-a-prisao-de-vereador-de-palestina-parlamentar-pode-ser-preso-apos-eleicao","status":"publish","type":"post","link":"https:\/\/www.mpal.mp.br\/?p=18248","title":{"rendered":"A pedido do MPE\/AL, juiz decreta a pris\u00e3o de vereador de Palestina; parlamentar pode ser preso ap\u00f3s elei\u00e7\u00e3o"},"content":{"rendered":"<p style=\"text-align: justify;\"><span style=\"font-size: 14pt;\">A 8\u00aa Vara Criminal da Capital atendeu ao pedido do Minist\u00e9rio P\u00fablico do Estado de Alagoas (MPE\/AL) e decretou a pris\u00e3o preventiva contra o vereador por Palestina Luciano Lucena de Farias, acusado de homic\u00eddio qualificado, ap\u00f3s o r\u00e9u e o advogado dele, S\u00edlvio Arruda, deixarem de comparecer ao F\u00f3rum do Barro Duro, em Macei\u00f3, onde haveria o julgamento do parlamentar.<\/span><\/p>\n<p style=\"text-align: justify;\"><span style=\"font-size: 14pt;\">Por conta da aus\u00eancia, o Tribunal do J\u00fari foi adiado pela quarta vez, sob a justificativa de que o advogado da parte estava sob licen\u00e7a m\u00e9dica. No entanto, o defensor se encontrava em outra Vara, no mesmo F\u00f3rum, trabalhando normalmente.<\/span><\/p>\n<p style=\"text-align: justify;\"><span style=\"font-size: 14pt;\">Segundo o MPE\/AL, o parlamentar chegou a ser considerado foragido da Justi\u00e7a, depois de n\u00e3o ser localizado pela Pol\u00edcia Militar, na sexta-feira passada, durante tentativa de cumprimento do mandado de pris\u00e3o.<\/span><\/p>\n<p style=\"text-align: justify;\"><span style=\"font-size: 14pt;\">No entanto, no domingo, o r\u00e9u obteve um salvo-conduto concedido pelo Tribunal de Justi\u00e7a do Estado de Alagoas, ap\u00f3s pedido de habeas corpus pela parte. A decis\u00e3o de segunda inst\u00e2ncia n\u00e3o revoga o pedido de pris\u00e3o preventiva do vereador.<\/span><\/p>\n<p style=\"text-align: justify;\"><span style=\"font-size: 14pt;\">&#8220;Requeri a pris\u00e3o preventiva por entender que a legisla\u00e7\u00e3o eleitoral, que \u00e9 uma legisla\u00e7\u00e3o infraconstitucional n\u00e3o foi contemplada pela Constitui\u00e7\u00e3o, pois esta admite qualquer pris\u00e3o em flagrante ou por decis\u00e3o escrita e fundamentada da autoridade judici\u00e1ria, salvo os crimes militares&#8221;, disse o promotor de Justi\u00e7a Ant\u00f4nio Vilas Boas, autor do pedido.<\/span><\/p>\n<p style=\"text-align: justify;\"><span style=\"font-size: 14pt;\">Com o salvo-conduto, o parlamentar s\u00f3 poder\u00e1 ser preso a partir do dia 5 de outubro. A decis\u00e3o judicial teve como base o C\u00f3digo Eleitoral Brasileiro, que impede a pris\u00e3o ou deten\u00e7\u00e3o de candidatos a prefeito, vice-prefeito ou vereador no per\u00edodo que vai do dia 17 de setembro at\u00e9 48 horas depois do pleito. Para eleitor, o impedimento vale a partir desta ter\u00e7a-feira.<\/span><\/p>\n<p style=\"text-align: justify;\"><span style=\"font-size: 14pt;\"><strong>O caso<\/strong><\/span><\/p>\n<p style=\"text-align: justify;\"><span style=\"font-size: 14pt;\">Candidato \u00e0 reelei\u00e7\u00e3o, o vereador Luciano Lucena de Farias \u00e9 acusado de assassinar um homem identificado como Manoel Messias Sim\u00f5es, no povoado Lagoa de Pedra, em 2009.<\/span><\/p>\n<p style=\"text-align: justify;\"><span style=\"font-size: 14pt;\">Segundo o MPE\/AL, o pr\u00f3prio parlamentar cometeu o homic\u00eddio com v\u00e1rios disparos de arma de fogo desferidos na cabe\u00e7a e peito da v\u00edtima, que se encontrava desarmada.<\/span><\/p>\n<p style=\"text-align: justify;\"><span style=\"font-size: 14pt;\">De acordo com a inqu\u00e9rito policial, o assassinato ocorreu porque Manoel Messias teria chamado o vereador de ladr\u00e3o, durante uma partida de baralho.<\/span><\/p>\n<p style=\"text-align: justify;\"><span style=\"font-size: 14pt;\">O r\u00e9u tamb\u00e9m responde a outros processos criminais na Comarca de P\u00e3o de A\u00e7\u00facar e na 17\u00aa Vara Criminal da Capital.<\/span><\/p>\n","protected":false},"excerpt":{"rendered":"<p> [&hellip;]<\/p>\n","protected":false},"author":5,"featured_media":8970,"comment_status":"open","ping_status":"open","sticky":false,"template":"","format":"standard","meta":{"om_disable_all_campaigns":false,"_monsterinsights_skip_tracking":false,"_monsterinsights_sitenote_active":false,"_monsterinsights_sitenote_note":"","_monsterinsights_sitenote_category":0,"_uf_show_specific_survey":0,"_uf_disable_surveys":false,"footnotes":""},"categories":[2],"tags":[],"class_list":["post-18248","post","type-post","status-publish","format-standard","has-post-thumbnail","hentry","category-not_mpal"],"aioseo_notices":[],"_links":{"self":[{"href":"https:\/\/www.mpal.mp.br\/index.php?rest_route=\/wp\/v2\/posts\/18248","targetHints":{"allow":["GET"]}}],"collection":[{"href":"https:\/\/www.mpal.mp.br\/index.php?rest_route=\/wp\/v2\/posts"}],"about":[{"href":"https:\/\/www.mpal.mp.br\/index.php?rest_route=\/wp\/v2\/types\/post"}],"author":[{"embeddable":true,"href":"https:\/\/www.mpal.mp.br\/index.php?rest_route=\/wp\/v2\/users\/5"}],"replies":[{"embeddable":true,"href":"https:\/\/www.mpal.mp.br\/index.php?rest_route=%2Fwp%2Fv2%2Fcomments&post=18248"}],"version-history":[{"count":1,"href":"https:\/\/www.mpal.mp.br\/index.php?rest_route=\/wp\/v2\/posts\/18248\/revisions"}],"predecessor-version":[{"id":18265,"href":"https:\/\/www.mpal.mp.br\/index.php?rest_route=\/wp\/v2\/posts\/18248\/revisions\/18265"}],"wp:featuredmedia":[{"embeddable":true,"href":"https:\/\/www.mpal.mp.br\/index.php?rest_route=\/wp\/v2\/media\/8970"}],"wp:attachment":[{"href":"https:\/\/www.mpal.mp.br\/index.php?rest_route=%2Fwp%2Fv2%2Fmedia&parent=18248"}],"wp:term":[{"taxonomy":"category","embeddable":true,"href":"https:\/\/www.mpal.mp.br\/index.php?rest_route=%2Fwp%2Fv2%2Fcategories&post=18248"},{"taxonomy":"post_tag","embeddable":true,"href":"https:\/\/www.mpal.mp.br\/index.php?rest_route=%2Fwp%2Fv2%2Ftags&post=18248"}],"curies":[{"name":"wp","href":"https:\/\/api.w.org\/{rel}","templated":true}]}}