{"id":18247,"date":"2016-09-29T11:10:32","date_gmt":"2016-09-29T14:10:32","guid":{"rendered":"https:\/\/www.mpal.mp.br\/?p=18247"},"modified":"2022-09-09T11:19:12","modified_gmt":"2022-09-09T14:19:12","slug":"a-pedido-do-ministerio-publico-juizo-da-8a-zona-eleitoral-impede-reabertura-de-hospital-em-pilar-durante-eleicoes","status":"publish","type":"post","link":"https:\/\/www.mpal.mp.br\/?p=18247","title":{"rendered":"A pedido do Minist\u00e9rio P\u00fablico, Ju\u00edzo da 8\u00aa Zona Eleitoral impede reabertura de hospital em Pilar durante elei\u00e7\u00f5es"},"content":{"rendered":"<div class=\"content-wrapper-1\">\n<div class=\"content-wrapper-2\">\n<div id=\"mainmiddle\">\n<div id=\"mainmiddle-expand\">\n<div id=\"content\">\n<div id=\"content-shift\">\n<div class=\"floatbox\">\n<div class=\"joomla \">\n<div class=\"article\">\n<div id=\"articlepxfontsize1\">\n<p style=\"text-align: justify;\"><span style=\"font-size: 14pt;\">Para coibir o abuso de poder nas elei\u00e7\u00f5es do Munic\u00edpio de Pilar, o Ju\u00edzo da 8\u00aa Zona Eleitoral atendeu o pedido do promotor eleitoral Jorge D\u00f3ria e deferiu, nesta quarta-feira (29), liminar que impede o atual prefeito e candidato a reelei\u00e7\u00e3o, Carlos Alberto Moreira Canuto, de reabrir o Hospital Nossa Senhora de Lurdes antes do dia 3 de outubro. A decis\u00e3o judicial tamb\u00e9m determina que o gestor se abstenha de realizar propaganda prometendo a abertura da unidade de sa\u00fade.<\/span><\/p>\n<p style=\"text-align: justify;\"><span style=\"font-size: 14pt;\">O Minist\u00e9rio P\u00fablico Eleitoral reuniu material probat\u00f3rio que demonstra a propaganda abusiva por parte do candidato \u00e0 reelei\u00e7\u00e3o. Em com\u00edcios e mensagens publicit\u00e1rias, Carlos Alberto Canuto afirma que reabrir\u00e1 o hospital beneficente da cidade, atualmente fechado por falta de condi\u00e7\u00f5es de funcionamento.<\/span><\/p>\n<p style=\"text-align: justify;\"><span style=\"font-size: 14pt;\">Segundo a Promotoria da 8\u00aa Zona Eleitoral, o Hospital Nossa Senhora de Lourdes \u00e9 uma entidade filantr\u00f3pica, gerida por uma irmandade, que passa por uma crise financeira e estrutural. O pr\u00e9dio se encontra interditado a pedido do Minist\u00e9rio P\u00fablico do Trabalho e da Vigil\u00e2ncia Sanit\u00e1ria.<\/span><\/p>\n<p style=\"text-align: justify;\"><span style=\"font-size: 14pt;\">\u201cPor conta da crise, ele est\u00e1 com mais de 20 folhas de pagamentos atrasadas, sem m\u00e9dicos e com as contas bloqueadas pela Justi\u00e7a do Trabalho. Esse caos levou a administra\u00e7\u00e3o do hospital a comunicar, recentemente, ao Minist\u00e9rio P\u00fablico que n\u00e3o h\u00e1 a menor condi\u00e7\u00e3o do pr\u00e9dio ser reaberto e entrar em funcionamento, ao menos neste momento\u201d, explica o promotor eleitoral Jorge D\u00f3ria.<\/span><\/p>\n<p style=\"text-align: justify;\"><span style=\"font-size: 14pt;\">O representante do Minist\u00e9rio P\u00fablico Eleitoral afirma que, para ampliar o uso promocional da imagem de \u201cbom candidato\u201d, Carlos Alberto Canuto chegou a mandar fazer reparos no pr\u00e9dio do hospital, \u00e0s custas do er\u00e1rio do Munic\u00edpio de Pilar.<\/span><\/p>\n<p style=\"text-align: justify;\"><span style=\"font-size: 14pt;\">\u201cN\u00e3o \u00e9 preciso dizer, que diante da car\u00eancia e da inoc\u00eancia do pacato eleitor do interior, o gesto do referido candidato, de anunciar a reabertura de um hospital, pr\u00f3ximo ao dia das elei\u00e7\u00f5es, mesmo que de forma simb\u00f3lica, angariaria, por certo, a simpatia e talvez o voto de muitos, desequilibrando, de modo injusto, o processo eleitoral, frente aos demais candidatos, j\u00e1 que estes n\u00e3o teriam essa mesma oportunidade\u201d, destaca.<\/span><\/p>\n<p style=\"text-align: justify;\"><span style=\"font-size: 14pt;\">Caso o candidato descumpra a determina\u00e7\u00e3o do Ju\u00edzo da 8\u00aa Zona Eleitoral, ele ter\u00e1 de pagar uma multa de R$ 25 mil, sem preju\u00edzo de responsabiliza\u00e7\u00e3o penal por crimes de desobedi\u00eancia.<\/span><\/p>\n<\/div>\n<\/div>\n<\/div>\n<\/div>\n<\/div>\n<\/div>\n<\/div>\n<\/div>\n<\/div>\n<\/div>\n<div class=\"content-wrapper-b1\">\n<div class=\"content-wrapper-b2\" style=\"text-align: justify;\"><\/div>\n<\/div>\n","protected":false},"excerpt":{"rendered":"<p> [&hellip;]<\/p>\n","protected":false},"author":5,"featured_media":18263,"comment_status":"open","ping_status":"open","sticky":false,"template":"","format":"standard","meta":{"om_disable_all_campaigns":false,"_monsterinsights_skip_tracking":false,"_monsterinsights_sitenote_active":false,"_monsterinsights_sitenote_note":"","_monsterinsights_sitenote_category":0,"_uf_show_specific_survey":0,"_uf_disable_surveys":false,"footnotes":""},"categories":[2],"tags":[],"class_list":["post-18247","post","type-post","status-publish","format-standard","has-post-thumbnail","hentry","category-not_mpal"],"aioseo_notices":[],"_links":{"self":[{"href":"https:\/\/www.mpal.mp.br\/index.php?rest_route=\/wp\/v2\/posts\/18247","targetHints":{"allow":["GET"]}}],"collection":[{"href":"https:\/\/www.mpal.mp.br\/index.php?rest_route=\/wp\/v2\/posts"}],"about":[{"href":"https:\/\/www.mpal.mp.br\/index.php?rest_route=\/wp\/v2\/types\/post"}],"author":[{"embeddable":true,"href":"https:\/\/www.mpal.mp.br\/index.php?rest_route=\/wp\/v2\/users\/5"}],"replies":[{"embeddable":true,"href":"https:\/\/www.mpal.mp.br\/index.php?rest_route=%2Fwp%2Fv2%2Fcomments&post=18247"}],"version-history":[{"count":1,"href":"https:\/\/www.mpal.mp.br\/index.php?rest_route=\/wp\/v2\/posts\/18247\/revisions"}],"predecessor-version":[{"id":18264,"href":"https:\/\/www.mpal.mp.br\/index.php?rest_route=\/wp\/v2\/posts\/18247\/revisions\/18264"}],"wp:featuredmedia":[{"embeddable":true,"href":"https:\/\/www.mpal.mp.br\/index.php?rest_route=\/wp\/v2\/media\/18263"}],"wp:attachment":[{"href":"https:\/\/www.mpal.mp.br\/index.php?rest_route=%2Fwp%2Fv2%2Fmedia&parent=18247"}],"wp:term":[{"taxonomy":"category","embeddable":true,"href":"https:\/\/www.mpal.mp.br\/index.php?rest_route=%2Fwp%2Fv2%2Fcategories&post=18247"},{"taxonomy":"post_tag","embeddable":true,"href":"https:\/\/www.mpal.mp.br\/index.php?rest_route=%2Fwp%2Fv2%2Ftags&post=18247"}],"curies":[{"name":"wp","href":"https:\/\/api.w.org\/{rel}","templated":true}]}}