{"id":18246,"date":"2016-09-29T11:10:31","date_gmt":"2016-09-29T14:10:31","guid":{"rendered":"https:\/\/www.mpal.mp.br\/?p=18246"},"modified":"2022-09-09T11:18:46","modified_gmt":"2022-09-09T14:18:46","slug":"promotor-eleitoral-da-26a-zona-cria-forca-tarefa-para-coibir-irregularidades-nas-eleicoes-de-marechal-deodoro-e-barra-de-sao-miguel","status":"publish","type":"post","link":"https:\/\/www.mpal.mp.br\/?p=18246","title":{"rendered":"Promotor eleitoral da 26\u00aa Zona cria for\u00e7a-tarefa para coibir irregularidades nas elei\u00e7\u00f5es de Marechal Deodoro e Barra de S\u00e3o Miguel"},"content":{"rendered":"<p style=\"text-align: justify;\"><span style=\"font-size: 14pt;\">O promotor da 26\u00aa Zona Eleitoral, S\u00edlvio Azevedo, refor\u00e7ar\u00e1 a fiscaliza\u00e7\u00e3o neste domingo, durante as elei\u00e7\u00f5es em Marechal Deodoro e na Barra de S\u00e3o Miguel com o objetivo de prevenir e reprimir poss\u00edveis ilegalidades, tais como transporte irregular de eleitores, propaganda eleitoral irregular, compra de votos, entre outros.<\/span><\/p>\n<p style=\"text-align: justify;\"><span style=\"font-size: 14pt;\">Segundo o promotor eleitoral, durante todo o dia, inclusive na apura\u00e7\u00e3o, haver\u00e1 cerca de cem volunt\u00e1rios engajados com objetivo de coibir a\u00e7\u00f5es ilegais, em contato direito com o Minist\u00e9rio P\u00fablico Eleitoral, Pol\u00edcias Civil e Militar, Guarda Municipal e Pol\u00edcia Federal. Esses colaboradores do Minist\u00e9rio P\u00fablico estar\u00e3o em todos os locais de vota\u00e7\u00e3o.<\/span><\/p>\n<p style=\"text-align: justify;\"><span style=\"font-size: 14pt;\">S\u00edlvio Azevedo esclarece que, \u201ccom o objetivo de coibir eventuais tumultos nas se\u00e7\u00f5es eleitorais, ter\u00e3o acesso aos locais de vota\u00e7\u00e3o somente os eleitores da respectiva se\u00e7\u00e3o eleitoral e, estritamente, o tempo necess\u00e1rio para depositar seu voto, devendo o eleitor retirar-se logo em seguida\u201d. Ele ressalta que os fiscais e advogados das coliga\u00e7\u00f5es, bem como aqueles eleitores que est\u00e3o a servi\u00e7o da Justi\u00e7a Eleitoral, ter\u00e3o acesso livre aos respectivos locais de vota\u00e7\u00e3o.<\/span><\/p>\n<p style=\"text-align: justify;\"><span style=\"font-size: 14pt;\">O promotor destacou ainda que, ap\u00f3s reuni\u00e3o realizada na ter\u00e7a-feira passada, com a presen\u00e7a do juiz H\u00e9lio Pinheiro, candidatos \u00e0 elei\u00e7\u00e3o majorit\u00e1ria, bem como dos representantes das coliga\u00e7\u00f5es, ficou definido o &#8216;toque de recolher&#8217; a partir de 0h at\u00e9 5h do dia 1\u00ba de outubro (s\u00e1bado) e das 23h do mesmo dia at\u00e9 5h do dia seguinte (domingo).<\/span><\/p>\n<p style=\"text-align: justify;\"><span style=\"font-size: 14pt;\">A medida visa evitar o fluxo de ve\u00edculos e pessoas nas madrugadas que antecedem o pleito eleitoral para coibir poss\u00edveis compra de votos, enfatizando que cada coliga\u00e7\u00e3o indicar\u00e1 at\u00e9 quatro carros em Marechal Deodoro e dois na Barra de S\u00e3o Miguel para ajudar na fiscaliza\u00e7\u00e3o dos respectivos advers\u00e1rios.<\/span><\/p>\n<p style=\"text-align: justify;\"><span style=\"font-size: 14pt;\">Todas as a\u00e7\u00f5es t\u00eam como principal objetivo garantir a lisura do pleito e evitar poss\u00edveis representa\u00e7\u00f5es.<\/span><\/p>\n<p style=\"text-align: justify;\"><span style=\"font-size: 14pt;\"><strong>Transporte de eleitores<\/strong><\/span><\/p>\n<p style=\"text-align: justify;\"><span style=\"font-size: 14pt;\">A Justi\u00e7a Eleitoral da 26\u00aa Zona definiu rotas de circula\u00e7\u00e3o de ve\u00edculos que transportar\u00e3o os eleitores nos dois munic\u00edpios. Em Marechal Deodoro, ser\u00e3o 17 \u00f4nibus, e, na Barra de S\u00e3o Miguel, ser\u00e3o seis. Todos gratuitos.<\/span><\/p>\n<p style=\"text-align: justify;\"><span style=\"font-size: 14pt;\">Apenas esses ve\u00edculos credenciados pela Justi\u00e7a Eleitoral poder\u00e3o fazer o transporte de eleitores no dia do pleito. Qualquer ve\u00edculo flagrado circulando sem a respectiva credencial ser\u00e1 imediatamente recolhido ao p\u00e1tio da Prefeitura, sendo liberado somente ap\u00f3s decis\u00e3o da Justi\u00e7a Eleitoral.<\/span><\/p>\n<p style=\"text-align: justify;\"><span style=\"font-size: 14pt;\">No dia do pleito, \u00e9 permitido apenas a manifesta\u00e7\u00e3o individual e silenciosa, sendo proibida qualquer aglomera\u00e7\u00e3o de pessoas usando vestu\u00e1rio padronizado (cores) e\/ou qualquer tipo de acess\u00f3rio (adesivo, broche, etc).<\/span><\/p>\n<p style=\"text-align: justify;\"><span style=\"font-size: 14pt;\"><em>Com informa\u00e7\u00f5es do site Real Deodorense.<\/em><\/span><\/p>\n","protected":false},"excerpt":{"rendered":"<p> [&hellip;]<\/p>\n","protected":false},"author":5,"featured_media":18261,"comment_status":"open","ping_status":"open","sticky":false,"template":"","format":"standard","meta":{"om_disable_all_campaigns":false,"_monsterinsights_skip_tracking":false,"_monsterinsights_sitenote_active":false,"_monsterinsights_sitenote_note":"","_monsterinsights_sitenote_category":0,"_uf_show_specific_survey":0,"_uf_disable_surveys":false,"footnotes":""},"categories":[2],"tags":[],"class_list":["post-18246","post","type-post","status-publish","format-standard","has-post-thumbnail","hentry","category-not_mpal"],"aioseo_notices":[],"_links":{"self":[{"href":"https:\/\/www.mpal.mp.br\/index.php?rest_route=\/wp\/v2\/posts\/18246","targetHints":{"allow":["GET"]}}],"collection":[{"href":"https:\/\/www.mpal.mp.br\/index.php?rest_route=\/wp\/v2\/posts"}],"about":[{"href":"https:\/\/www.mpal.mp.br\/index.php?rest_route=\/wp\/v2\/types\/post"}],"author":[{"embeddable":true,"href":"https:\/\/www.mpal.mp.br\/index.php?rest_route=\/wp\/v2\/users\/5"}],"replies":[{"embeddable":true,"href":"https:\/\/www.mpal.mp.br\/index.php?rest_route=%2Fwp%2Fv2%2Fcomments&post=18246"}],"version-history":[{"count":1,"href":"https:\/\/www.mpal.mp.br\/index.php?rest_route=\/wp\/v2\/posts\/18246\/revisions"}],"predecessor-version":[{"id":18262,"href":"https:\/\/www.mpal.mp.br\/index.php?rest_route=\/wp\/v2\/posts\/18246\/revisions\/18262"}],"wp:featuredmedia":[{"embeddable":true,"href":"https:\/\/www.mpal.mp.br\/index.php?rest_route=\/wp\/v2\/media\/18261"}],"wp:attachment":[{"href":"https:\/\/www.mpal.mp.br\/index.php?rest_route=%2Fwp%2Fv2%2Fmedia&parent=18246"}],"wp:term":[{"taxonomy":"category","embeddable":true,"href":"https:\/\/www.mpal.mp.br\/index.php?rest_route=%2Fwp%2Fv2%2Fcategories&post=18246"},{"taxonomy":"post_tag","embeddable":true,"href":"https:\/\/www.mpal.mp.br\/index.php?rest_route=%2Fwp%2Fv2%2Ftags&post=18246"}],"curies":[{"name":"wp","href":"https:\/\/api.w.org\/{rel}","templated":true}]}}