{"id":18243,"date":"2016-10-03T11:10:27","date_gmt":"2016-10-03T14:10:27","guid":{"rendered":"https:\/\/www.mpal.mp.br\/?p=18243"},"modified":"2022-09-09T11:16:54","modified_gmt":"2022-09-09T14:16:54","slug":"presentes-nos-102-municipios-promotores-eleitorais-garantem-legalidade-nas-eleicoes-em-alagoas-2","status":"publish","type":"post","link":"https:\/\/www.mpal.mp.br\/?p=18243","title":{"rendered":"Presentes nos 102 munic\u00edpios, promotores eleitorais garantem legalidade nas elei\u00e7\u00f5es em Alagoas"},"content":{"rendered":"<p style=\"text-align: justify;\"><span style=\"font-size: 14pt;\">Com todos os promotores eleitorais em campo, o Minist\u00e9rio P\u00fablico foi um dos atores sociais que ajudaram a garantir a ordem nas elei\u00e7\u00f5es municipais de 2016. Da capital ao interior, o trabalho de fiscaliza\u00e7\u00e3o do cumprimento da lei realizado pelo \u00f3rg\u00e3o ministerial, em conjunto com os \u00f3rg\u00e3os de seguran\u00e7a p\u00fablica, permitiu que os eleitores dos 102 munic\u00edpios do Estado de Alagoas tivessem a seguran\u00e7a necess\u00e1ria para escolher os representantes que comandar\u00e3o os Poderes Executivo e Legislativo nos pr\u00f3ximos quatro anos.<\/span><\/p>\n<p style=\"text-align: justify;\"><span style=\"font-size: 14pt;\">Segundo o coordenador das Promotorias Eleitorais, Edelzito Andrade, as elei\u00e7\u00f5es transcorreram dentro da normalidade. \u201cO Minist\u00e9rio P\u00fablico Eleitoral atuou de forma en\u00e9rgica contra os crimes eleitorais, resguardando o consequente livre exerc\u00edcio do voto. \u00c9 importante frisar o acompanhamento constante e de perto do procurador-geral de Justi\u00e7a, S\u00e9rgio Juc\u00e1, que durante todo o dia manteve contato com todos os promotores presentes no pleito\u201d, destacou.<\/span><\/p>\n<p style=\"text-align: justify;\"><span style=\"font-size: 14pt;\">A promotora eleitoral Maria Jos\u00e9 Alves se surpreendeu positivamente com a tranquilidade das elei\u00e7\u00f5es em Macei\u00f3. Diferente das edi\u00e7\u00f5es anteriores, os casos de conflitos entre populares por motivos eleitorais ou mesmo por outras raz\u00f5es foram raros.<\/span><\/p>\n<p style=\"text-align: justify;\"><span style=\"font-size: 14pt;\">\u201cHouve apenas um eleitor que apareceu para votar sob efeito de bebida alco\u00f3lica nas 141 se\u00e7\u00f5es eleitorais onde fiscalizei. Nem mesmo aglomera\u00e7\u00f5es de eleitores tivemos esse ano, comuns em determinados hor\u00e1rios do dia, at\u00e9 porque, dessa vez, s\u00f3 votamos para prefeito e vereador\u201d, disse.<\/span><\/p>\n<p style=\"text-align: justify;\"><span style=\"font-size: 14pt;\">Uma dos tr\u00eas respons\u00e1veis por acompanhar o pleito na 2\u00aa Zona Eleitoral de Macei\u00f3, Maria Jos\u00e9 Alves lamentou a grande absten\u00e7\u00e3o dos eleitores. \u201cUma m\u00e9dia de 20% dos eleitores n\u00e3o compareceu \u00e0s se\u00e7\u00f5es do Col\u00e9gio Eleitoral da Capital\u201d, destacou a promotora eleitoral, que elogiou a Justi\u00e7a Eleitoral pela celeridade na troca de urnas eletr\u00f4nicas com defeito.<\/span><\/p>\n<p style=\"text-align: justify;\"><span style=\"font-size: 14pt;\"><strong>P\u00e3o de A\u00e7\u00facar e Col\u00f4nia<\/strong><\/span><\/p>\n<p style=\"text-align: justify;\"><span style=\"font-size: 14pt;\">Em P\u00e3o de A\u00e7\u00facar, a promotora da 11\u00aa Zonal Eleitoral, Martha Bueno, formalizou representa\u00e7\u00e3o contra tr\u00eas policiais militares e um civil junto \u00e0s Corregedoria da Pol\u00edcia Militar do Estado de Alagoas e da Pol\u00edcia Civil. Eles teriam feito uso dos seus cargos p\u00fablicos para intimidar a popula\u00e7\u00e3o.<\/span><\/p>\n<p style=\"text-align: justify;\"><span style=\"font-size: 14pt;\">Martha Bueno solicitou ainda a instaura\u00e7\u00e3o de inqu\u00e9rito policial em desfavor de um quarto policial militar por tentativa de homic\u00eddio. Ele teria atirado contra um popular, na sexta-feira passada, supostamente, a servi\u00e7o de uma das coliga\u00e7\u00f5es no Munic\u00edpio. Segundo a promotora eleitoral, a v\u00edtima recolheu o estojo do disparo, que j\u00e1 est\u00e1 com per\u00edcia para exame bal\u00edstico comparador. \u201cO que n\u00e3o houve desta vez foi incidente de flagrante por compra de voto\u201d, disse.<\/span><\/p>\n<p style=\"text-align: justify;\"><span style=\"font-size: 14pt;\">No Munic\u00edpio de Col\u00f4nia Leopoldina, um cabo eleitoral se desfez de dois mil reais, jogando o dinheiro para o alto, quando a Pol\u00edcia Militar se aproximou dele. O suspeito conseguiu fugir, mas deixou cair tamb\u00e9m material de propaganda pol\u00edtica de um dos candidatos a prefeito e de dois candidatos a vereador. \u201cAs provas do crime j\u00e1 est\u00e3o no F\u00f3rum da cidade. Farei a representa\u00e7\u00e3o penal\u201d, afirmou o promotor eleitoral Delfino Costa Neto. A pedido dele, outro cabo eleitoral foi preso por policiais militares com R$ 9 mil em esp\u00e9cie.<\/span><\/p>\n<p style=\"text-align: justify;\"><span style=\"font-size: 14pt;\"><strong>Novo Lino<\/strong><\/span><\/p>\n<p style=\"text-align: justify;\"><span style=\"font-size: 14pt;\">Ap\u00f3s receber den\u00fancias de fiscais de coliga\u00e7\u00f5es que disputam as elei\u00e7\u00f5es na cidade de Novo Lino, interior de Alagoas, o Minist\u00e9rio P\u00fablico Eleitoral da 24\u00aa Zona solicitou um mandado de busca e apreens\u00e3o ao Poder Judici\u00e1rio, nesse s\u00e1bado, pedido que foi deferido na manh\u00e3 do domingo. Na casa de um candidato a vereador foram apreendidos R$ 1.380 em esp\u00e9cie, centenas de santinhos, cadastro de eleitores e duas armas. Uma pessoa foi presa em flagrante delito.<\/span><\/p>\n<p style=\"text-align: justify;\"><span style=\"font-size: 14pt;\">O mandado de busca e apreens\u00e3o foi requerido pelo promotor eleitoral Max Martins, da 43\u00aa Junta Eleitoral. \u201cOs fiscais procuraram o Minist\u00e9rio P\u00fablico e nos mostraram filmagens que mostram uma grande movimenta\u00e7\u00e3o de pessoas na casa do candidato. Era um entra e sai muito anormal. Segundo os denunciantes, Ronaldo de H estaria comprando votos. Ent\u00e3o, diante da suspeita, solicitamos a medida cautelar ao magistrado Helestron Silva da Costa, o qual deferiu a medida. A pol\u00edcia deu cumprimento ao mandado e logrou \u00eaxito no trabalho realizado\u201d, explicou o promotor.<\/span><\/p>\n<p style=\"text-align: justify;\"><span style=\"font-size: 14pt;\">Ao todo, foram apreendidos R$ 1.380 em dinheiro, uma grande quantidade de santinhos, cadastros que continham, supostamente, nome de eleitores e quanto teria que ser dado para cada um deles e, ainda, duas espingardas e muni\u00e7\u00f5es.<\/span><\/p>\n<p style=\"text-align: justify;\"><span style=\"font-size: 14pt;\">Como Ronaldo de H n\u00e3o estava no interior da resid\u00eancia no momento do cumprimento do mandado, o pai dele foi detido, tendo sido lavrada em seu desfavor a pris\u00e3o em fragrante em fun\u00e7\u00e3o das duas armas.<\/span><\/p>\n<p style=\"text-align: justify;\"><span style=\"font-size: 14pt;\">A c\u00f3pia do flagrante foi enviada ao Poder Judici\u00e1rio, que dever\u00e1 encaminhar \u00e0 Pol\u00edcia Federal o material relativo a suspeita de compra de votos e, \u00e0 Pol\u00edcia Civil, o documento relativo as espingardas.<\/span><\/p>\n","protected":false},"excerpt":{"rendered":"<p> [&hellip;]<\/p>\n","protected":false},"author":5,"featured_media":18255,"comment_status":"open","ping_status":"open","sticky":false,"template":"","format":"standard","meta":{"om_disable_all_campaigns":false,"_monsterinsights_skip_tracking":false,"_monsterinsights_sitenote_active":false,"_monsterinsights_sitenote_note":"","_monsterinsights_sitenote_category":0,"_uf_show_specific_survey":0,"_uf_disable_surveys":false,"footnotes":""},"categories":[2],"tags":[],"class_list":["post-18243","post","type-post","status-publish","format-standard","has-post-thumbnail","hentry","category-not_mpal"],"aioseo_notices":[],"_links":{"self":[{"href":"https:\/\/www.mpal.mp.br\/index.php?rest_route=\/wp\/v2\/posts\/18243","targetHints":{"allow":["GET"]}}],"collection":[{"href":"https:\/\/www.mpal.mp.br\/index.php?rest_route=\/wp\/v2\/posts"}],"about":[{"href":"https:\/\/www.mpal.mp.br\/index.php?rest_route=\/wp\/v2\/types\/post"}],"author":[{"embeddable":true,"href":"https:\/\/www.mpal.mp.br\/index.php?rest_route=\/wp\/v2\/users\/5"}],"replies":[{"embeddable":true,"href":"https:\/\/www.mpal.mp.br\/index.php?rest_route=%2Fwp%2Fv2%2Fcomments&post=18243"}],"version-history":[{"count":1,"href":"https:\/\/www.mpal.mp.br\/index.php?rest_route=\/wp\/v2\/posts\/18243\/revisions"}],"predecessor-version":[{"id":18256,"href":"https:\/\/www.mpal.mp.br\/index.php?rest_route=\/wp\/v2\/posts\/18243\/revisions\/18256"}],"wp:featuredmedia":[{"embeddable":true,"href":"https:\/\/www.mpal.mp.br\/index.php?rest_route=\/wp\/v2\/media\/18255"}],"wp:attachment":[{"href":"https:\/\/www.mpal.mp.br\/index.php?rest_route=%2Fwp%2Fv2%2Fmedia&parent=18243"}],"wp:term":[{"taxonomy":"category","embeddable":true,"href":"https:\/\/www.mpal.mp.br\/index.php?rest_route=%2Fwp%2Fv2%2Fcategories&post=18243"},{"taxonomy":"post_tag","embeddable":true,"href":"https:\/\/www.mpal.mp.br\/index.php?rest_route=%2Fwp%2Fv2%2Ftags&post=18243"}],"curies":[{"name":"wp","href":"https:\/\/api.w.org\/{rel}","templated":true}]}}