{"id":18242,"date":"2016-10-09T11:10:26","date_gmt":"2016-10-09T14:10:26","guid":{"rendered":"https:\/\/www.mpal.mp.br\/?p=18242"},"modified":"2022-09-09T11:15:57","modified_gmt":"2022-09-09T14:15:57","slug":"mp-comunitario-questiona-municipio-por-descarte-de-residuos-solidos-e-servicos-de-unidade-de-saude-no-vergel","status":"publish","type":"post","link":"https:\/\/www.mpal.mp.br\/?p=18242","title":{"rendered":"MP Comunit\u00e1rio questiona Munic\u00edpio por descarte de res\u00edduos s\u00f3lidos e servi\u00e7os de unidade de sa\u00fade no Vergel"},"content":{"rendered":"<p style=\"text-align: justify;\"><span style=\"font-size: 14pt;\">O Minist\u00e9rio P\u00fablico Comunit\u00e1rio recebeu moradores de bairros da zona sul, que reclamam dos problemas de coleta de res\u00edduos s\u00f3lidos e das dificuldades de servi\u00e7os na unidade b\u00e1sica de sa\u00fade do bairro. A popula\u00e7\u00e3o reclamou ao programa do Minist\u00e9rio P\u00fablico do Estado de Alagoas que caminh\u00f5es oriundos de outras regi\u00f5es despejam lixo no bairro, sem qualquer fiscaliza\u00e7\u00e3o ou resposta do Munic\u00edpio.<\/span><\/p>\n<p style=\"text-align: justify;\"><span style=\"font-size: 14pt;\">No que se refere aos servi\u00e7os da unidade de sa\u00fade, os moradores questionam o servi\u00e7o do Complexo Regulador Assistencial (Cora) da Unidade de Sa\u00fade Roland Simon, que n\u00e3o consegue atender a demanda da popula\u00e7\u00e3o para atendimento m\u00e9dico e exames, nem mesmo para agendamento.<\/span><\/p>\n<p style=\"text-align: justify;\"><span style=\"font-size: 14pt;\">\u201cS\u00f3 neste ano fizemos 612 encaminhamentos ao Cora e vamos fazer mais para que garantir o servi\u00e7o prestado \u00e0 popula\u00e7\u00e3o. H\u00e1, no m\u00ednimo, um fluxo equivocado de trabalho. Tamb\u00e9m identificamos que um problema crucial das unidades de sa\u00fade em Macei\u00f3 \u00e9 o apoderamento delas por pol\u00edticos, que deve ser t\u00e9cnica\u201d, disse a promotora de Justi\u00e7a Maria Jos\u00e9 Alves, coordenadora-adjunta do MP Comunit\u00e1rio.<\/span><\/p>\n<p style=\"text-align: justify;\"><span style=\"font-size: 14pt;\">Al\u00e9m da representante do MPE\/AL, participaram da reuni\u00e3o realizada no dia 5 de outubro sete mediadores volunt\u00e1rios e a equipe multidisciplinar do programa, que discutiram as demandas das comunidades dos bairros do Vergel, Levada, Ponta Grossa, Joaquim Le\u00e3o, Trapiche e Virgem dos Pobres I, II e III.<\/span><\/p>\n","protected":false},"excerpt":{"rendered":"<p> [&hellip;]<\/p>\n","protected":false},"author":5,"featured_media":18253,"comment_status":"open","ping_status":"open","sticky":false,"template":"","format":"standard","meta":{"om_disable_all_campaigns":false,"_monsterinsights_skip_tracking":false,"_monsterinsights_sitenote_active":false,"_monsterinsights_sitenote_note":"","_monsterinsights_sitenote_category":0,"_uf_show_specific_survey":0,"_uf_disable_surveys":false,"footnotes":""},"categories":[2],"tags":[],"class_list":["post-18242","post","type-post","status-publish","format-standard","has-post-thumbnail","hentry","category-not_mpal"],"aioseo_notices":[],"_links":{"self":[{"href":"https:\/\/www.mpal.mp.br\/index.php?rest_route=\/wp\/v2\/posts\/18242","targetHints":{"allow":["GET"]}}],"collection":[{"href":"https:\/\/www.mpal.mp.br\/index.php?rest_route=\/wp\/v2\/posts"}],"about":[{"href":"https:\/\/www.mpal.mp.br\/index.php?rest_route=\/wp\/v2\/types\/post"}],"author":[{"embeddable":true,"href":"https:\/\/www.mpal.mp.br\/index.php?rest_route=\/wp\/v2\/users\/5"}],"replies":[{"embeddable":true,"href":"https:\/\/www.mpal.mp.br\/index.php?rest_route=%2Fwp%2Fv2%2Fcomments&post=18242"}],"version-history":[{"count":1,"href":"https:\/\/www.mpal.mp.br\/index.php?rest_route=\/wp\/v2\/posts\/18242\/revisions"}],"predecessor-version":[{"id":18254,"href":"https:\/\/www.mpal.mp.br\/index.php?rest_route=\/wp\/v2\/posts\/18242\/revisions\/18254"}],"wp:featuredmedia":[{"embeddable":true,"href":"https:\/\/www.mpal.mp.br\/index.php?rest_route=\/wp\/v2\/media\/18253"}],"wp:attachment":[{"href":"https:\/\/www.mpal.mp.br\/index.php?rest_route=%2Fwp%2Fv2%2Fmedia&parent=18242"}],"wp:term":[{"taxonomy":"category","embeddable":true,"href":"https:\/\/www.mpal.mp.br\/index.php?rest_route=%2Fwp%2Fv2%2Fcategories&post=18242"},{"taxonomy":"post_tag","embeddable":true,"href":"https:\/\/www.mpal.mp.br\/index.php?rest_route=%2Fwp%2Fv2%2Ftags&post=18242"}],"curies":[{"name":"wp","href":"https:\/\/api.w.org\/{rel}","templated":true}]}}