{"id":18232,"date":"2016-10-10T11:06:00","date_gmt":"2016-10-10T14:06:00","guid":{"rendered":"https:\/\/www.mpal.mp.br\/?p=18232"},"modified":"2022-09-09T11:08:22","modified_gmt":"2022-09-09T14:08:22","slug":"promotor-de-justica-alfredo-gaspar-sera-candidato-unico-na-eleicao-para-procurador-geral-de-justica-votacao-sera-no-dia-30-de-novembro","status":"publish","type":"post","link":"https:\/\/www.mpal.mp.br\/?p=18232","title":{"rendered":"Promotor de Justi\u00e7a Alfredo Gaspar ser\u00e1 candidato \u00fanico na elei\u00e7\u00e3o para procurador-geral de Justi\u00e7a; vota\u00e7\u00e3o ser\u00e1 no dia 30 de novembro"},"content":{"rendered":"<p style=\"text-align: justify;\"><span style=\"font-size: 14pt;\">O promotor de Justi\u00e7a Alfredo Gaspar de Mendon\u00e7a Neto ser\u00e1 candidato \u00fanico na elei\u00e7\u00e3o para procurador-geral de Justi\u00e7a (PGJ) do Minist\u00e9rio P\u00fablico do Estado de Alagoas (MPE\/AL), que ocorrer\u00e1 no dia 30 de novembro, das 9h \u00e0s 17h, no Audit\u00f3rio Edgar Valente de Lima Filho, no pr\u00e9dio-sede da Procuradoria Geral de Justi\u00e7a.<\/span><\/p>\n<p style=\"text-align: justify;\"><span style=\"font-size: 14pt;\">O prazo para inscri\u00e7\u00e3o de candidaturas se esgotou \u00e0s 13h30 desta segunda-feira (10) com apenas um postulante ao cargo de chefe do \u00f3rg\u00e3o ministerial. O per\u00edodo de cinco dias para formaliza\u00e7\u00e3o da candidatura come\u00e7ou a contar a partir da publica\u00e7\u00e3o do edital de convoca\u00e7\u00e3o da elei\u00e7\u00e3o para forma\u00e7\u00e3o da lista tr\u00edplice destinada \u00e0 nomea\u00e7\u00e3o do novo procurador-geral de Justi\u00e7a, que ocorreu no dia 3 de outubro no Di\u00e1rio Oficial do Estado.<\/span><\/p>\n<p style=\"text-align: justify;\"><span style=\"font-size: 14pt;\">\u201cO Minist\u00e9rio P\u00fablico se prepara para a escolha daquele que dirigir\u00e1 o destino da institui\u00e7\u00e3o pelos pr\u00f3ximos dois anos, demonstrando um momento de unidade e transpar\u00eancia, caracter\u00edsticas que fazem parte da ess\u00eancia do MP\u201d, declarou o procurador-geral de Justi\u00e7a em exerc\u00edcio, Walber Jos\u00e9 Valente de Lima.<\/span><\/p>\n<p style=\"text-align: justify;\"><span style=\"font-size: 14pt;\">Na elei\u00e7\u00e3o, os membros do MPE\/AL poder\u00e3o ou n\u00e3o votar no \u00fanico nome para compor a lista tr\u00edplice que ser\u00e1 encaminhada ao governador do Estado. O mandato de PGJ \u00e9 de dois anos e ter\u00e1 in\u00edcio em 1\u00ba de janeiro de 2017. Ao final do bi\u00eanio, o procurador-geral de Justi\u00e7a poder\u00e1 ser reconduzido ao cargo por igual per\u00edodo, ap\u00f3s nova processo eleitoral.<\/span><\/p>\n<p style=\"text-align: justify;\"><span style=\"font-size: 14pt;\">O atual procurador-geral de Justi\u00e7a, S\u00e9rgio Juc\u00e1, preside a comiss\u00e3o eleitoral, que conta ainda com os promotores de Justi\u00e7a Almir Cresc\u00eancio, Isaac Sandes e Luciano Romero. Puderam concorrer \u00e0 elei\u00e7\u00e3o os integrantes do Minist\u00e9rio P\u00fablico em atividade com mais de 35 anos de idade e um m\u00ednimo de cinco anos na carreira.<\/span><\/p>\n<p style=\"text-align: justify;\"><span style=\"font-size: 14pt;\"><strong>Hist\u00f3rico<\/strong><\/span><\/p>\n<p style=\"text-align: justify;\"><span style=\"font-size: 14pt;\">Promotor de Justi\u00e7a de 3\u00aa entr\u00e2ncia, Alfredo Mendon\u00e7a iniciou a carreira no Minist\u00e9rio P\u00fablico Estadual de Alagoas em 8 de abril de 1996 na Promotoria de Justi\u00e7a de Maravilha. Atuou como promotor em Palmeira dos \u00cdndios, Satuba, Paulo Jacinto, Quebrangulo, al\u00e9m de ter exercido seu of\u00edcio em v\u00e1rias Promotorias Especializadas da Capital e nos gabinetes da Procuradoria Geral de Justi\u00e7a e da Corregedoria Geral.<\/span><\/p>\n<p style=\"text-align: justify;\"><span style=\"font-size: 14pt;\">Na condi\u00e7\u00e3o de representante do MPE\/AL, participou tamb\u00e9m das investiga\u00e7\u00f5es de casos de grande repercuss\u00e3o no Estado, a exemplo do assassinato da ex-deputada federal Ceci Cunha (1998) e do exterm\u00ednio de moradores de rua em Macei\u00f3 (2010).<\/span><\/p>\n<p style=\"text-align: justify;\"><span style=\"font-size: 14pt;\">Alfredo Gaspar de Mendon\u00e7a tamb\u00e9m j\u00e1 comp\u00f4s o Conselho Estadual de Seguran\u00e7a P\u00fablica (Conseg) e o Conselho Estadual de Defesa dos Direitos Humanos. Recentemente, comandou a Secretaria de Estado de Seguran\u00e7a P\u00fablica.<\/span><\/p>\n<p style=\"text-align: justify;\"><span style=\"font-size: 14pt;\">Por duas vezes, o promotor de Justi\u00e7a coordenou o Grupo Estadual de Combate \u00e0s Organiza\u00e7\u00f5es Criminosas (Gecoc) do MPE\/AL, cuja miss\u00e3o principal \u00e9 investigar organiza\u00e7\u00f5es criminosas ligadas a assassinatos, tr\u00e1fico de drogas e armas e quadrilhas especializadas em desviar recursos p\u00fablicos.<\/span><\/p>\n<p style=\"text-align: justify;\"><span style=\"font-size: 14pt;\">O Grupo ganhou reconhecimento ap\u00f3s deflagrar sucessivas opera\u00e7\u00f5es, em parceria com a 17\u00aa Vara Criminal da Capital e as Pol\u00edcias Militar e Civil, que costumam ser finalizadas com pris\u00f5es e farto material apreendido ap\u00f3s os cumprimentos de mandados de busca e apreens\u00e3o e pris\u00e3o. Pelos trabalhos \u00e0 frente do Gecoc, o promotor recebeu em 2012 a Medalha M\u00e9rito do Minist\u00e9rio P\u00fablico.<\/span><\/p>\n<p style=\"text-align: justify;\"><span style=\"font-size: 14pt;\">Alfredo Gaspar de Mendon\u00e7a, al\u00e9m da forma\u00e7\u00e3o acad\u00eamica no curso de Direito, \u00e9 p\u00f3s-graduado em Direito P\u00fablico.<\/span><\/p>\n","protected":false},"excerpt":{"rendered":"<p> [&hellip;]<\/p>\n","protected":false},"author":5,"featured_media":18236,"comment_status":"open","ping_status":"open","sticky":false,"template":"","format":"standard","meta":{"om_disable_all_campaigns":false,"_monsterinsights_skip_tracking":false,"_monsterinsights_sitenote_active":false,"_monsterinsights_sitenote_note":"","_monsterinsights_sitenote_category":0,"_uf_show_specific_survey":0,"_uf_disable_surveys":false,"footnotes":""},"categories":[2],"tags":[],"class_list":["post-18232","post","type-post","status-publish","format-standard","has-post-thumbnail","hentry","category-not_mpal"],"aioseo_notices":[],"_links":{"self":[{"href":"https:\/\/www.mpal.mp.br\/index.php?rest_route=\/wp\/v2\/posts\/18232","targetHints":{"allow":["GET"]}}],"collection":[{"href":"https:\/\/www.mpal.mp.br\/index.php?rest_route=\/wp\/v2\/posts"}],"about":[{"href":"https:\/\/www.mpal.mp.br\/index.php?rest_route=\/wp\/v2\/types\/post"}],"author":[{"embeddable":true,"href":"https:\/\/www.mpal.mp.br\/index.php?rest_route=\/wp\/v2\/users\/5"}],"replies":[{"embeddable":true,"href":"https:\/\/www.mpal.mp.br\/index.php?rest_route=%2Fwp%2Fv2%2Fcomments&post=18232"}],"version-history":[{"count":1,"href":"https:\/\/www.mpal.mp.br\/index.php?rest_route=\/wp\/v2\/posts\/18232\/revisions"}],"predecessor-version":[{"id":18237,"href":"https:\/\/www.mpal.mp.br\/index.php?rest_route=\/wp\/v2\/posts\/18232\/revisions\/18237"}],"wp:featuredmedia":[{"embeddable":true,"href":"https:\/\/www.mpal.mp.br\/index.php?rest_route=\/wp\/v2\/media\/18236"}],"wp:attachment":[{"href":"https:\/\/www.mpal.mp.br\/index.php?rest_route=%2Fwp%2Fv2%2Fmedia&parent=18232"}],"wp:term":[{"taxonomy":"category","embeddable":true,"href":"https:\/\/www.mpal.mp.br\/index.php?rest_route=%2Fwp%2Fv2%2Fcategories&post=18232"},{"taxonomy":"post_tag","embeddable":true,"href":"https:\/\/www.mpal.mp.br\/index.php?rest_route=%2Fwp%2Fv2%2Ftags&post=18232"}],"curies":[{"name":"wp","href":"https:\/\/api.w.org\/{rel}","templated":true}]}}