{"id":18231,"date":"2016-10-14T11:05:56","date_gmt":"2016-10-14T14:05:56","guid":{"rendered":"https:\/\/www.mpal.mp.br\/?p=18231"},"modified":"2022-09-09T11:09:14","modified_gmt":"2022-09-09T14:09:14","slug":"procurador-de-justica-representa-mpe-al-na-30a-reuniao-ordinario-do-conselho-nacional-dos-ouvidores-do-ministerio-publico","status":"publish","type":"post","link":"https:\/\/www.mpal.mp.br\/?p=18231","title":{"rendered":"Procurador de Justi\u00e7a representa MPE\/AL na 30\u00aa Reuni\u00e3o Ordin\u00e1rio do Conselho Nacional dos Ouvidores do Minist\u00e9rio P\u00fablico"},"content":{"rendered":"<p style=\"text-align: justify;\"><span style=\"font-size: 14pt;\">O ouvidor-geral do Minist\u00e9rio P\u00fablico do Estado de Alagoas (MPE\/AL), procurador de Justi\u00e7a Afr\u00e2nio Roberto Pereira de Queiroz, representou o \u00f3rg\u00e3o ministerial na 30\u00aa Reuni\u00e3o Ordin\u00e1rio do Conselho Nacional dos Ouvidores do Minist\u00e9rio P\u00fablico (CNOMP). O evento ocorreu no per\u00edodo de 28 a 30 de setembro e teve como sede a cidade de Belo Horizonte, Minas Gerais.<\/span><\/p>\n<p style=\"text-align: justify;\"><span style=\"font-size: 14pt;\">Al\u00e9m de Afr\u00e2nio Roberto, participaram da reuni\u00e3o ouvidores de todos os estados, do Distrito Federal e da Uni\u00e3o. Eles deliberaram sobre a admissibilidade da participa\u00e7\u00e3o dos ouvidores do Minist\u00e9rio P\u00fablicos de Contas na composi\u00e7\u00e3o do CNOMP.<\/span><\/p>\n<p style=\"text-align: justify;\"><span style=\"font-size: 14pt;\">\u201cFoi uma oportunidade de discutir assuntos pertinentes ao Minist\u00e9rio P\u00fablico no \u00e2mbito nacional, como sempre ocorre nas nossas reuni\u00f5es trimestrais. Desas vez, debatemos a mudan\u00e7a no texto da Resolu\u00e7\u00e3o CNMP n\u00ba 95\/2013, que aprimorar\u00e1 as atribui\u00e7\u00f5es das Ouvidorias do Minist\u00e9rio P\u00fablico Brasileiro\u201d, disse o representante do MPE\/AL<\/span><\/p>\n<p style=\"text-align: justify;\"><span style=\"font-size: 14pt;\">Afr\u00e2nio Roberto tamb\u00e9m destacou a atua\u00e7\u00e3o da Comiss\u00e3o de Assuntos Parlamentares do CNOMP, que acompanha o andamento do projeto de lei complementar respons\u00e1vel por organizar as ouvidorias do Minist\u00e9rio P\u00fablico da Uni\u00e3o. &#8220;Essa legisla\u00e7\u00e3o refletir\u00e1, consequentemente, nas ouvidorias dos \u00f3rg\u00e3os ministeriais estaduais&#8221;, afirmou.<\/span><\/p>\n<p style=\"text-align: justify;\"><span style=\"font-size: 14pt;\">Para qualificar o debate, os ouvidores tamb\u00e9m acompanharam um painel sobre as pr\u00e1ticas exitosas das ouvidorias e a palestra \u201cO Processo de Tombamento da Pampulha&#8221;, al\u00e9m da apresenta\u00e7\u00e3o de projetos que v\u00e3o compor o &#8220;Manual de Boas Pr\u00e1ticas e Apontamentos&#8221;, em fase de elabora\u00e7\u00e3o.<\/span><\/p>\n<p style=\"text-align: justify;\"><span style=\"font-size: 14pt;\"><strong>O Conselho<\/strong><\/span><\/p>\n<p style=\"text-align: justify;\"><span style=\"font-size: 14pt;\">O Conselho Nacional dos Ouvidores do Minist\u00e9rio P\u00fablico \u00e9 uma associa\u00e7\u00e3o de \u00e2mbito nacional e sem fins lucrativos, integrada pelos Ouvidores do Minist\u00e9rio P\u00fablico dos Estados e da Uni\u00e3o, institu\u00edda dia 12 de mar\u00e7o de 2009 na cidade de Ouro Preto, Estado de Minas Gerais.<\/span><\/p>\n<p style=\"text-align: justify;\"><span style=\"font-size: 14pt;\">Seus principais objetivos s\u00e3o: contribuir para a defesa dos princ\u00edpios, prerrogativas e fun\u00e7\u00f5es institucionais do Minist\u00e9rio P\u00fablico, incentivando a integra\u00e7\u00e3o das Ouvidorias do Minist\u00e9rio P\u00fablico dos Estados e da Uni\u00e3o e promovendo o interc\u00e2mbio de experi\u00eancias funcionais e administrativas e de informa\u00e7\u00f5es sobre os m\u00e9todos de registros, tr\u00e2mites e levantamentos estat\u00edsticos das manifesta\u00e7\u00f5es recebidas pelas Ouvidorias.<\/span><\/p>\n<p style=\"text-align: justify;\"><span style=\"font-size: 14pt;\">Para isso, deve promover estudos no intuito de identificar os temas recorrentes, eleger metas e estabelecer diretrizes relacionadas ao aperfei\u00e7oamento das atividades das Ouvidorias, bem como para servir de base para a expedi\u00e7\u00e3o de sugest\u00f5es e recomenda\u00e7\u00f5es aos \u00f3rg\u00e3os de Administra\u00e7\u00e3o Superior do Minist\u00e9rio P\u00fablico.<\/span><\/p>\n<p style=\"text-align: justify;\"><span style=\"font-size: 14pt;\">Mediante a an\u00e1lise dos dados estat\u00edsticos e sociais levantados nos diversos pontos do pa\u00eds, podem-se programar pol\u00edticas e planos por uma atua\u00e7\u00e3o uniforme ou integrada, respeitando as peculiaridades locais.<\/span><\/p>\n","protected":false},"excerpt":{"rendered":"<p> [&hellip;]<\/p>\n","protected":false},"author":5,"featured_media":18238,"comment_status":"open","ping_status":"open","sticky":false,"template":"","format":"standard","meta":{"om_disable_all_campaigns":false,"_monsterinsights_skip_tracking":false,"_monsterinsights_sitenote_active":false,"_monsterinsights_sitenote_note":"","_monsterinsights_sitenote_category":0,"_uf_show_specific_survey":0,"_uf_disable_surveys":false,"footnotes":""},"categories":[2],"tags":[],"class_list":["post-18231","post","type-post","status-publish","format-standard","has-post-thumbnail","hentry","category-not_mpal"],"aioseo_notices":[],"_links":{"self":[{"href":"https:\/\/www.mpal.mp.br\/index.php?rest_route=\/wp\/v2\/posts\/18231","targetHints":{"allow":["GET"]}}],"collection":[{"href":"https:\/\/www.mpal.mp.br\/index.php?rest_route=\/wp\/v2\/posts"}],"about":[{"href":"https:\/\/www.mpal.mp.br\/index.php?rest_route=\/wp\/v2\/types\/post"}],"author":[{"embeddable":true,"href":"https:\/\/www.mpal.mp.br\/index.php?rest_route=\/wp\/v2\/users\/5"}],"replies":[{"embeddable":true,"href":"https:\/\/www.mpal.mp.br\/index.php?rest_route=%2Fwp%2Fv2%2Fcomments&post=18231"}],"version-history":[{"count":1,"href":"https:\/\/www.mpal.mp.br\/index.php?rest_route=\/wp\/v2\/posts\/18231\/revisions"}],"predecessor-version":[{"id":18239,"href":"https:\/\/www.mpal.mp.br\/index.php?rest_route=\/wp\/v2\/posts\/18231\/revisions\/18239"}],"wp:featuredmedia":[{"embeddable":true,"href":"https:\/\/www.mpal.mp.br\/index.php?rest_route=\/wp\/v2\/media\/18238"}],"wp:attachment":[{"href":"https:\/\/www.mpal.mp.br\/index.php?rest_route=%2Fwp%2Fv2%2Fmedia&parent=18231"}],"wp:term":[{"taxonomy":"category","embeddable":true,"href":"https:\/\/www.mpal.mp.br\/index.php?rest_route=%2Fwp%2Fv2%2Fcategories&post=18231"},{"taxonomy":"post_tag","embeddable":true,"href":"https:\/\/www.mpal.mp.br\/index.php?rest_route=%2Fwp%2Fv2%2Ftags&post=18231"}],"curies":[{"name":"wp","href":"https:\/\/api.w.org\/{rel}","templated":true}]}}