{"id":18230,"date":"2016-10-17T11:05:35","date_gmt":"2016-10-17T13:05:35","guid":{"rendered":"https:\/\/www.mpal.mp.br\/?p=18230"},"modified":"2022-09-09T11:09:59","modified_gmt":"2022-09-09T14:09:59","slug":"membro-aposentado-do-mpe-al-recebe-homenagem-em-forum-de-penedo-solenidade-marca-aposicao-de-placa-do-auditorio-promotor-silvio-menezes-tavares","status":"publish","type":"post","link":"https:\/\/www.mpal.mp.br\/?p=18230","title":{"rendered":"Membro aposentado do MPE\/AL recebe homenagem em F\u00f3rum de Penedo; solenidade marca aposi\u00e7\u00e3o de placa do Audit\u00f3rio Promotor Silvio Menezes Tavares"},"content":{"rendered":"<p style=\"text-align: justify;\"><span style=\"font-size: 14pt;\">O procurador-geral de Justi\u00e7a em exerc\u00edcio, Walber Jos\u00e9 Valente de Lima, acompanhou, nesta segunda-feira (17), a solenidade de aposi\u00e7\u00e3o da placa do Audit\u00f3rio Promotor Silvio Menezes Tavares, no F\u00f3rum da Comarca de Penedo, localizado na Avenida Floriano Peixoto, Centro. O membro aposentado do Minist\u00e9rio P\u00fablico do Estado de Alagoas (MPE\/AL) tem 88 anos, dos quais 34 foram dedicados \u00e0 institui\u00e7\u00e3o.<\/span><\/p>\n<p style=\"text-align: justify;\"><span style=\"font-size: 14pt;\">O promotor aposentado S\u00edlvio Menezes Tavares agradeceu, emocionado, ao Judici\u00e1rio o reconhecimento do seu trabalho em prol da Justi\u00e7a alagoana. \u201cDurante os 30 anos em que militei e residi nessa Comarca, estive preocupado em exercitar a austeridade e humana compreens\u00e3o na resolu\u00e7\u00e3o dos problemas da comunidade\u201d, destacou o ex-promotor.<\/span><\/p>\n<p style=\"text-align: justify;\"><span style=\"font-size: 14pt;\">Para o chefe do MPE\/AL, Silvio Menezes segue at\u00e9 hoje como refer\u00eancias para os membros do \u00f3rg\u00e3o ministerial em virtude da determina\u00e7\u00e3o que possu\u00eda no cumprimento de suas obriga\u00e7\u00f5es, combatendo firmemente o crime, ao mesmo tempo em que tratava o criminoso com humanidade.<\/span><\/p>\n<p style=\"text-align: justify;\"><span style=\"font-size: 14pt;\">\u201cComo colega de trabalho, costumava me chamar a aten\u00e7\u00e3o a forma como o promotor Silvio Menezes tratava igualmente os desiguais, passando a ideia de que todos somos iguais perante a lei. Al\u00e9m disso, o promotor nos passou a li\u00e7\u00e3o de que n\u00e3o basta n\u00e3o fazer o mal: \u00e9 preciso fazer o bem\u201d, disse o procurador-geral de Justi\u00e7a.<\/span><\/p>\n<p style=\"text-align: justify;\"><span style=\"font-size: 14pt;\">O desembargador Celyrio Adamastor representou o presidente do Tribunal de Justi\u00e7a de Alagoas (TJ\/AL), desembargador Jo\u00e3o Luiz Azevedo Lessa. Ap\u00f3s falar um pouco sobre a carreira do homenageado, ele enfatizou a conduta do promotor no exerc\u00edcio de sua fun\u00e7\u00e3o. \u201cDefendeu brilhantemente a ordem jur\u00eddica, o regime democr\u00e1tico, os interesses sociais e individuais, combateu condutas potencialmente inadequadas a sociedade sem se preocupar com eventuais insatisfa\u00e7\u00f5es\u201d, destacou.<\/span><\/p>\n<p style=\"text-align: justify;\"><span style=\"font-size: 14pt;\">Durante o discurso do Superintendente do F\u00f3rum de Penedo, juiz Claudemiro Avelino de Souza, surpreendeu os presentes ao ler o termo de posse do pai do promotor Silvio Menezes, Luiz Menezes, tamb\u00e9m magistrado, como juiz da Comarca de Paulo Afonso, hoje Comarca de Mata Grande. O termo se refere ao dia 29 de janeiro de 1929 emocionou os que prestigiavam a cerim\u00f4nia, principalmente, o homenageado.<\/span><\/p>\n<p style=\"text-align: justify;\"><span style=\"font-size: 14pt;\"><strong>Austeridade e compreens\u00e3o humana<\/strong><\/span><\/p>\n<p style=\"text-align: justify;\"><span style=\"font-size: 14pt;\">Natural de Penedo, Silvio Tavares atuou na cidade e tamb\u00e9m em Pia\u00e7abu\u00e7u e P\u00e3o de A\u00e7\u00facar. Ele contribuiu com a instala\u00e7\u00e3o do F\u00f3rum de Penedo, doando recursos pr\u00f3prios para aquisi\u00e7\u00e3o de m\u00f3veis. No meio jur\u00eddico, o promotor \u00e9 tido como exemplo de profissional \u00edntegro.<\/span><\/p>\n<p style=\"text-align: justify;\"><span style=\"font-size: 14pt;\">A placa de homenagem ao promotor de Justi\u00e7a aposentado traz uma frase que resume a principal caracter\u00edstica do exerc\u00edcio funcional de Silvio Azevedo: &#8220;Nos 34 anos de atua\u00e7\u00e3o no Minist\u00e9rio P\u00fablico, sempre ponderei exercitar austeridade e humana compreens\u00e3o no estrito cumprimento do dever&#8221;.<\/span><\/p>\n<p style=\"text-align: justify;\"><span style=\"font-size: 14pt;\"><em>Com informa\u00e7\u00f5es e imagens da Ascom\/TJAL<\/em><\/span><\/p>\n","protected":false},"excerpt":{"rendered":"<p> [&hellip;]<\/p>\n","protected":false},"author":5,"featured_media":18240,"comment_status":"open","ping_status":"open","sticky":false,"template":"","format":"standard","meta":{"om_disable_all_campaigns":false,"_monsterinsights_skip_tracking":false,"_monsterinsights_sitenote_active":false,"_monsterinsights_sitenote_note":"","_monsterinsights_sitenote_category":0,"_uf_show_specific_survey":0,"_uf_disable_surveys":false,"footnotes":""},"categories":[2],"tags":[],"class_list":["post-18230","post","type-post","status-publish","format-standard","has-post-thumbnail","hentry","category-not_mpal"],"aioseo_notices":[],"_links":{"self":[{"href":"https:\/\/www.mpal.mp.br\/index.php?rest_route=\/wp\/v2\/posts\/18230","targetHints":{"allow":["GET"]}}],"collection":[{"href":"https:\/\/www.mpal.mp.br\/index.php?rest_route=\/wp\/v2\/posts"}],"about":[{"href":"https:\/\/www.mpal.mp.br\/index.php?rest_route=\/wp\/v2\/types\/post"}],"author":[{"embeddable":true,"href":"https:\/\/www.mpal.mp.br\/index.php?rest_route=\/wp\/v2\/users\/5"}],"replies":[{"embeddable":true,"href":"https:\/\/www.mpal.mp.br\/index.php?rest_route=%2Fwp%2Fv2%2Fcomments&post=18230"}],"version-history":[{"count":1,"href":"https:\/\/www.mpal.mp.br\/index.php?rest_route=\/wp\/v2\/posts\/18230\/revisions"}],"predecessor-version":[{"id":18241,"href":"https:\/\/www.mpal.mp.br\/index.php?rest_route=\/wp\/v2\/posts\/18230\/revisions\/18241"}],"wp:featuredmedia":[{"embeddable":true,"href":"https:\/\/www.mpal.mp.br\/index.php?rest_route=\/wp\/v2\/media\/18240"}],"wp:attachment":[{"href":"https:\/\/www.mpal.mp.br\/index.php?rest_route=%2Fwp%2Fv2%2Fmedia&parent=18230"}],"wp:term":[{"taxonomy":"category","embeddable":true,"href":"https:\/\/www.mpal.mp.br\/index.php?rest_route=%2Fwp%2Fv2%2Fcategories&post=18230"},{"taxonomy":"post_tag","embeddable":true,"href":"https:\/\/www.mpal.mp.br\/index.php?rest_route=%2Fwp%2Fv2%2Ftags&post=18230"}],"curies":[{"name":"wp","href":"https:\/\/api.w.org\/{rel}","templated":true}]}}